{"id":38092,"date":"2023-08-03T10:22:48","date_gmt":"2023-08-03T13:22:48","guid":{"rendered":"https:\/\/atecordoba.org\/?p=38092"},"modified":"2023-08-03T10:23:32","modified_gmt":"2023-08-03T13:23:32","slug":"en-ffmm-rio-tercero-giuliani-reafirmo-el-compromiso-de-ate-con-el-proyecto-de-produccion-para-la-defensa-para-la-soberania-nacional","status":"publish","type":"post","link":"https:\/\/atecordoba.org\/?p=38092","title":{"rendered":"En FFMM R\u00edo Tercero Giuliani reafirm\u00f3 el compromiso de ATE con el proyecto de producci\u00f3n para la defensa y la soberan\u00eda nacional"},"content":{"rendered":"<div class=\"wp-block-image\">\n<figure class=\"aligncenter size-large is-resized\"><img loading=\"lazy\" decoding=\"async\" src=\"https:\/\/atecordoba.org\/wp-content\/uploads\/2023\/08\/WhatsApp-Image-2023-08-02-at-09.38.48-1-1024x576.jpeg\" alt=\"\" class=\"wp-image-38073\" width=\"768\" height=\"432\" \/><\/figure>\n<\/div>\n\n\n<p>\u201cFabricaciones Militares es una pieza importante en el andamiaje del Estado para asegurar la Producci\u00f3n para la Defensa\u201d. Lo dijo en declaraciones a la prensa de R\u00edo Tercero el Secretario General de ATE C\u00f3rdoba, Federico Giuliani, al finalizar ayer el recorrido por la F\u00e1brica Militar de R\u00edo Tercero, \u201cescuchando a las trabajadoras y trabajadores reafirmando el proyecto pol\u00edtico y sindical de ATE C\u00f3rdoba\u201d.<\/p>\n\n\n\n<p>El dirigente evalu\u00f3 estuvo charlando con las y los trabajadores del sector y alent\u00f3 a la masa de afiliados a participar en las elecciones para renovar la conducci\u00f3n de cargos en ATE el pr\u00f3ximo 9 de agosto. \u201cEl hecho de que nos acompa\u00f1e en la Lista Verde y Violeta como candidato a Secretario Adjunto de la Seccional el compa\u00f1ero Diego Pereyra de la F\u00e1brica Militar de R\u00edo Tercero, y que Jonatan Cruze\u00f1o de la F\u00e1brica Militar de Villa Mar\u00eda sea nuestro candidato a Secretario General en esa Seccional, es importante para afrontar la pelea que se nos viene\u201d.<\/p>\n\n\n\n<p>\u201cSeguimos construyendo la unidad fabriquera para lograr m\u00e1s reincorporaciones, m\u00e1s inversi\u00f3n y producci\u00f3n real con la participaci\u00f3n plena de las y los trabajadores\u201d, indic\u00f3 Giuliani.<\/p>\n\n\n<div class=\"wp-block-image\">\n<figure class=\"alignright size-large is-resized\"><img loading=\"lazy\" decoding=\"async\" src=\"https:\/\/atecordoba.org\/wp-content\/uploads\/2023\/08\/comision-1024x800.jpeg\" alt=\"\" class=\"wp-image-38094\" width=\"499\" height=\"390\" srcset=\"https:\/\/atecordoba.org\/wp-content\/uploads\/2023\/08\/comision-1024x800.jpeg 1024w, https:\/\/atecordoba.org\/wp-content\/uploads\/2023\/08\/comision-300x234.jpeg 300w, https:\/\/atecordoba.org\/wp-content\/uploads\/2023\/08\/comision-768x600.jpeg 768w, https:\/\/atecordoba.org\/wp-content\/uploads\/2023\/08\/comision-750x586.jpeg 750w, https:\/\/atecordoba.org\/wp-content\/uploads\/2023\/08\/comision-1140x890.jpeg 1140w, https:\/\/atecordoba.org\/wp-content\/uploads\/2023\/08\/comision.jpeg 1200w\" sizes=\"auto, (max-width: 499px) 100vw, 499px\" \/><\/figure>\n<\/div>\n\n\n<p>\u201cAl ajuste lo enfrentamos en la calle y en unidad. Los sectores m\u00e1s castigados del pueblo tenemos que actuar en defensa propia para que la Deuda la paguen los que fugaron y en esa materia ATE C\u00f3rdoba ha sido protagonista todos estos a\u00f1os\u201d, subray\u00f3.<\/p>\n\n\n\n<p><strong>Producci\u00f3n para la defensa<\/strong><\/p>\n\n\n\n<p>En declaraciones a un sitio digital, Giuliani dijo que \u201ctenemos que fortalecer la industria vinculada con la producci\u00f3n para la defensa nacional. Claramente C\u00f3rdoba fue un polo de desarrollo industrial del Estado a principios del Siglo XX, cuando en 1927 la primera f\u00e1brica de aviones se instal\u00f3 en nuestra provincia, ratificando un posicionamiento geopol\u00edtico y geoestrat\u00e9gico que C\u00f3rdoba tuvo siempre\u201d.<\/p>\n\n\n\n<p>\u201cEn la d\u00e9cada del \u201940 esto se confirma con la apertura de las f\u00e1bricas militares de R\u00edo Tercero, Villa Mar\u00eda y San Francisco, esta \u00faltima cerrada por el \u2018Menemismo\u2019. Las otras dos no las pudieron destruir por la resistencia de los trabajadores organizados y de nuestro sindicato\u201d.<\/p>\n\n\n\n<p>Dijo que \u201cnuestra intenci\u00f3n, como dec\u00eda Germ\u00e1n Abdala, es que no perdamos la mirada de la discusi\u00f3n estrat\u00e9gica del pa\u00eds, que seamos capaces de discutir cu\u00e1l entendemos que debe ser el rol de Estado Nacional, m\u00e1s all\u00e1 de discutir salarios, convenios o la colonia de vacaciones\u201d, sentenci\u00f3.<\/p>\n\n\n\n<p><strong>Soberan\u00eda nacional<\/strong><\/p>\n\n\n\n<p>\u201cHace poco, el 31 de julio, se cumplieron 75 a\u00f1os del fallecimiento del General Savio, quien fue heredero de Fray Luis Beltr\u00e1n, continuador de la obra del General Mosconi. Savio dec\u00eda que \u2018la industrializaci\u00f3n del pa\u00eds es imprescindible e impostergable como factor de equilibrio, tanto econ\u00f3mico como social\u2019. Durante el `Macrismo\u2019 hubo un ensa\u00f1amiento con el Estado Nacional y en particular con Fabricaciones Militares\u201d, afirm\u00f3 el dirigente riocuartense.<\/p>\n\n\n<div class=\"wp-block-image\">\n<figure class=\"alignleft size-large is-resized\"><img loading=\"lazy\" decoding=\"async\" src=\"https:\/\/atecordoba.org\/wp-content\/uploads\/2023\/08\/plano-1024x643.jpeg\" alt=\"\" class=\"wp-image-38093\" width=\"512\" height=\"322\" srcset=\"https:\/\/atecordoba.org\/wp-content\/uploads\/2023\/08\/plano-1024x643.jpeg 1024w, https:\/\/atecordoba.org\/wp-content\/uploads\/2023\/08\/plano-300x189.jpeg 300w, https:\/\/atecordoba.org\/wp-content\/uploads\/2023\/08\/plano-768x483.jpeg 768w, https:\/\/atecordoba.org\/wp-content\/uploads\/2023\/08\/plano-750x471.jpeg 750w, https:\/\/atecordoba.org\/wp-content\/uploads\/2023\/08\/plano-1140x716.jpeg 1140w, https:\/\/atecordoba.org\/wp-content\/uploads\/2023\/08\/plano.jpeg 1200w\" sizes=\"auto, (max-width: 512px) 100vw, 512px\" \/><\/figure>\n<\/div>\n\n\n<p>En otro p\u00e1rrafo, Giuliani asegur\u00f3: \u201cPor eso cuando asumimos la Conducci\u00f3n Provincial de ATE en noviembre de 2019 nos pusimos como objetivo darle rostro e identidad a esos despedidos y despedidas durante el Gobierno de Macri. Para eso creamos la Comisi\u00f3n de Relevamiento y Registro de Despedidos de la Era Macri (CORREDMA), que sirvi\u00f3 para contener y organizar y, sobre todo, para cuestionar al Gobierno del Frente de Todos que no ha cumplido en la mayor\u00eda de los casos con su compromiso electoral de reincorporar a los cesanteados\u201d.<\/p>\n\n\n\n<p>\u201cPara nosotros, las f\u00e1bricas militares son muy importantes en el desarrollo de la Producci\u00f3n para la Defensa, un tema estrat\u00e9gico vinculado con la Soberan\u00eda Nacional y con la idea de un Estado fuerte, al servicio del pueblo y no de las corporaciones que viven del Estado \u2018Bobo\u2019 que mira para otro lado mientras saquean el pa\u00eds\u201d.<\/p>\n\n\n\n<p>Y agreg\u00f3: \u201cLos sectores de trabajo no son propiedad de ning\u00fan dirigente, son de los que caminamos y si est\u00e1n alambrados llevamos la pinza para abrirnos paso\u201d.<\/p>\n\n\n\n<p>\u201cEl 9 de agosto con la Verde y Violeta reafirmamos en las elecciones este modelo sindical combativo y aut\u00f3nomo en ATE C\u00f3rdoba. Vamos a seguir levantando las banderas de autonom\u00eda, libertad y democracia sindical, y planteando la unidad con los que luchan\u201d, finaliz\u00f3 Giuliani.<\/p>\n","protected":false},"excerpt":{"rendered":"<p>\u201cFabricaciones Militares es una pieza importante en el andamiaje del Estado para asegurar la Producci\u00f3n para la Defensa\u201d. Lo dijo en declaraciones a la prensa de R\u00edo Tercero el Secretario General de ATE C\u00f3rdoba, Federico Giuliani, al finalizar ayer el recorrido por la F\u00e1brica Militar de R\u00edo Tercero, \u201cescuchando a las trabajadoras y trabajadores reafirmando [&hellip;]<\/p>\n","protected":false},"author":7,"featured_media":38073,"comment_status":"open","ping_status":"open","sticky":false,"template":"","format":"standard","meta":{"_exactmetrics_skip_tracking":false,"_exactmetrics_sitenote_active":false,"_exactmetrics_sitenote_note":"","_exactmetrics_sitenote_category":0,"jnews-multi-image_gallery":[],"jnews_single_post":{"subtitle":"\u201cSeguimos construyendo la unidad fabriquera para lograr m\u00e1s reincorporaciones, m\u00e1s inversi\u00f3n y producci\u00f3n real con la participaci\u00f3n plena de las y los trabajadores\u201d, indic\u00f3 el secretario General de ATE C\u00f3rdoba..","format":"standard","video":"","gallery":"","source_name":"","source_url":"","via_name":"","via_url":"","override_template":"0","override":[{"template":"1","single_blog_custom":"","parallax":"1","fullscreen":"1","layout":"no-sidebar-narrow","sidebar":"default-sidebar","second_sidebar":"default-sidebar","sticky_sidebar":"1","share_position":"bottom","share_float_style":"share-monocrhome","show_share_counter":"1","show_view_counter":"1","show_featured":"0","show_post_meta":"1","show_post_author":"0","show_post_author_image":"1","show_post_date":"1","post_date_format":"default","post_date_format_custom":"Y\/m\/d","show_post_category":"1","show_post_reading_time":"0","post_reading_time_wpm":"300","show_zoom_button":"0","zoom_button_out_step":"2","zoom_button_in_step":"3","show_post_tag":"1","show_prev_next_post":"0","show_popup_post":"0","number_popup_post":"1","show_author_box":"0","show_post_related":"1","show_inline_post_related":"0"}],"override_image_size":"0","image_override":[{"single_post_thumbnail_size":"crop-500","single_post_gallery_size":"crop-500"}],"trending_post":"0","trending_post_position":"meta","trending_post_label":"Trending","sponsored_post":"0","sponsored_post_label":"Sponsored by","sponsored_post_name":"","sponsored_post_url":"","sponsored_post_logo_enable":"0","sponsored_post_logo":"","sponsored_post_desc":"","disable_ad":"0"},"jnews_primary_category":{"id":"","hide":""},"jnews_social_meta":{"fb_title":"","fb_description":"","fb_image":"","twitter_title":"","twitter_description":"","twitter_image":""},"jnews_review":[],"enable_review":"0","type":"percentage","name":"","summary":"","brand":"","sku":"","good":[{"good_text":""}],"bad":[{"bad_text":""}],"score_override":"","override_value":"","rating":[{"rating_text":"","rating_number":"10"}],"price":[{"shop":"","price":"","link":"","icon":""}],"jnews_override_counter":{"override_view_counter":"0","view_counter_number":"0","override_share_counter":"0","share_counter_number":"0","override_like_counter":"0","like_counter_number":"0","override_dislike_counter":"0","dislike_counter_number":"0"},"jnews_post_split":{"enable_post_split":"0","post_split":[{"template":"1","tag":"h2","numbering":"asc","mode":"normal","first":"0","enable_toc":"0","toc_type":"normal"}]},"footnotes":""},"categories":[13],"tags":[],"class_list":["post-38092","post","type-post","status-publish","format-standard","has-post-thumbnail","hentry","category-rio-tercero"],"jetpack_featured_media_url":"https:\/\/atecordoba.org\/wp-content\/uploads\/2023\/08\/WhatsApp-Image-2023-08-02-at-09.38.48-1-e1691068961808.jpeg","_links":{"self":[{"href":"https:\/\/atecordoba.org\/index.php?rest_route=\/wp\/v2\/posts\/38092","targetHints":{"allow":["GET"]}}],"collection":[{"href":"https:\/\/atecordoba.org\/index.php?rest_route=\/wp\/v2\/posts"}],"about":[{"href":"https:\/\/atecordoba.org\/index.php?rest_route=\/wp\/v2\/types\/post"}],"author":[{"embeddable":true,"href":"https:\/\/atecordoba.org\/index.php?rest_route=\/wp\/v2\/users\/7"}],"replies":[{"embeddable":true,"href":"https:\/\/atecordoba.org\/index.php?rest_route=%2Fwp%2Fv2%2Fcomments&post=38092"}],"version-history":[{"count":2,"href":"https:\/\/atecordoba.org\/index.php?rest_route=\/wp\/v2\/posts\/38092\/revisions"}],"predecessor-version":[{"id":38096,"href":"https:\/\/atecordoba.org\/index.php?rest_route=\/wp\/v2\/posts\/38092\/revisions\/38096"}],"wp:featuredmedia":[{"embeddable":true,"href":"https:\/\/atecordoba.org\/index.php?rest_route=\/wp\/v2\/media\/38073"}],"wp:attachment":[{"href":"https:\/\/atecordoba.org\/index.php?rest_route=%2Fwp%2Fv2%2Fmedia&parent=38092"}],"wp:term":[{"taxonomy":"category","embeddable":true,"href":"https:\/\/atecordoba.org\/index.php?rest_route=%2Fwp%2Fv2%2Fcategories&post=38092"},{"taxonomy":"post_tag","embeddable":true,"href":"https:\/\/atecordoba.org\/index.php?rest_route=%2Fwp%2Fv2%2Ftags&post=38092"}],"curies":[{"name":"wp","href":"https:\/\/api.w.org\/{rel}","templated":true}]}}