{"id":3808,"date":"2014-02-12T17:15:30","date_gmt":"2014-02-12T20:15:30","guid":{"rendered":"http:\/\/www.atecordoba.org\/?p=3808"},"modified":"2014-02-12T17:15:30","modified_gmt":"2014-02-12T20:15:30","slug":"listado-de-beneficiarios-del-bolson-escolar-2014","status":"publish","type":"post","link":"https:\/\/atecordoba.org\/?p=3808","title":{"rendered":"LISTADO DE BENEFICIARIOS DEL BOLS\u00d3N ESCOLAR 2014"},"content":{"rendered":"<p>&nbsp;<\/p>\n<p><a href=\"http:\/\/www.atecordoba.org\/wp-content\/uploads\/2014\/02\/bolson-escolar.jpg\">A los compa\u00f1eros\u00a0<b>delegados<\/b>\u00a0dependientes del\u00a0<b>CDP<\/b>:<img loading=\"lazy\" decoding=\"async\" class=\"aligncenter size-full wp-image-3809\" alt=\"bolson escolar\" src=\"http:\/\/www.atecordoba.org\/wp-content\/uploads\/2014\/02\/bolson-escolar.jpg\" width=\"570\" height=\"314\" \/><\/a><\/p>\n<p>Hasta el viernes\u00a0<b>21 de febrero<\/b>\u00a0tienen tiempo para traer al gremio el\u00a0<b>listado de los compa\u00f1eros afiliados que tengan hijos en edad escolar<\/b>\u00a0para recibir el\u00a0<b>bols\u00f3n escolar<\/b>\u00a0que ATE entregar\u00e1 a cada afiliado en esta condici\u00f3n. Se trata del beneficio que recibir\u00e1n los hijos que en 2014 tengan edad para concurrir a j<b>ard\u00edn de infantes (4 a\u00f1os), escuela primaria y colegio secundario<\/b>. Es medida se realiza, dando\u00a0<b>cumplimiento<\/b>\u00a0a lo resuelto en el<b>\u00a0Congreso Provincial 2013<\/b>.<\/p>\n<p>Solicitamos la colaboraci\u00f3n de todos nuestros delegados dependientes del CDP para hacer efectivo este beneficio y que a ning\u00fan compa\u00f1ero del falte su bols\u00f3n escolar.<\/p>\n<p>Vale se\u00f1alar que al momento de\u00a0<b>retirar el bols\u00f3n<\/b>\u00a0cada compa\u00f1ero deber\u00e1 contar con el\u00a0<b>certificado escolar correspondiente y la cuota de afiliaci\u00f3n al\u00a0d\u00eda<\/b>.<\/p>\n<p style=\"text-align: right;\">Mar\u00eda Teresa Romero<\/p>\n<p style=\"text-align: right;\">Secretaria General<\/p>\n<p style=\"text-align: right;\">ATE C\u00f3rdoba<\/p>\n<p>Gustavo Zarate<\/p>\n<p>Acci\u00f3n Social<\/p>\n<p>&nbsp;<\/p>\n","protected":false},"excerpt":{"rendered":"<p>&nbsp; A los compa\u00f1eros\u00a0delegados\u00a0dependientes del\u00a0CDP: Hasta el viernes\u00a021 de febrero\u00a0tienen tiempo para traer al gremio el\u00a0listado de los compa\u00f1eros afiliados que tengan hijos en edad escolar\u00a0para recibir el\u00a0bols\u00f3n escolar\u00a0que ATE entregar\u00e1 a cada afiliado en esta condici\u00f3n. Se trata del beneficio que recibir\u00e1n los hijos que en 2014 tengan edad para concurrir a jard\u00edn de [&hellip;]<\/p>\n","protected":false},"author":1,"featured_media":19220,"comment_status":"open","ping_status":"open","sticky":false,"template":"","format":"standard","meta":{"_exactmetrics_skip_tracking":false,"_exactmetrics_sitenote_active":false,"_exactmetrics_sitenote_note":"","_exactmetrics_sitenote_category":0,"jnews-multi-image_gallery":[],"jnews_single_post":[],"jnews_primary_category":[],"jnews_social_meta":[],"jnews_review":[],"enable_review":"","type":"","name":"","summary":"","brand":"","sku":"","good":[],"bad":[],"score_override":"","override_value":"","rating":[],"price":[],"jnews_override_counter":[],"jnews_post_split":[],"footnotes":""},"categories":[75,20,18,8],"tags":[],"class_list":["post-3808","post","type-post","status-publish","format-standard","has-post-thumbnail","hentry","category-accion-social","category-municipales","category-nacionales","category-provinciales"],"jetpack_featured_media_url":"https:\/\/atecordoba.org\/wp-content\/uploads\/2020\/05\/logo-nuevochico-e1561581322808.png","_links":{"self":[{"href":"https:\/\/atecordoba.org\/index.php?rest_route=\/wp\/v2\/posts\/3808","targetHints":{"allow":["GET"]}}],"collection":[{"href":"https:\/\/atecordoba.org\/index.php?rest_route=\/wp\/v2\/posts"}],"about":[{"href":"https:\/\/atecordoba.org\/index.php?rest_route=\/wp\/v2\/types\/post"}],"author":[{"embeddable":true,"href":"https:\/\/atecordoba.org\/index.php?rest_route=\/wp\/v2\/users\/1"}],"replies":[{"embeddable":true,"href":"https:\/\/atecordoba.org\/index.php?rest_route=%2Fwp%2Fv2%2Fcomments&post=3808"}],"version-history":[{"count":0,"href":"https:\/\/atecordoba.org\/index.php?rest_route=\/wp\/v2\/posts\/3808\/revisions"}],"wp:featuredmedia":[{"embeddable":true,"href":"https:\/\/atecordoba.org\/index.php?rest_route=\/wp\/v2\/media\/19220"}],"wp:attachment":[{"href":"https:\/\/atecordoba.org\/index.php?rest_route=%2Fwp%2Fv2%2Fmedia&parent=3808"}],"wp:term":[{"taxonomy":"category","embeddable":true,"href":"https:\/\/atecordoba.org\/index.php?rest_route=%2Fwp%2Fv2%2Fcategories&post=3808"},{"taxonomy":"post_tag","embeddable":true,"href":"https:\/\/atecordoba.org\/index.php?rest_route=%2Fwp%2Fv2%2Ftags&post=3808"}],"curies":[{"name":"wp","href":"https:\/\/api.w.org\/{rel}","templated":true}]}}