{"id":38062,"date":"2023-08-02T10:57:28","date_gmt":"2023-08-02T13:57:28","guid":{"rendered":"https:\/\/atecordoba.org\/?p=38062"},"modified":"2023-08-02T11:38:00","modified_gmt":"2023-08-02T14:38:00","slug":"cura-brochero-ate-solicito-que-trabajo-imponga-una-sancion-a-la-municipalidad-por-su-inasistencia-a-las-audiencias-de-conciliacion","status":"publish","type":"post","link":"https:\/\/atecordoba.org\/?p=38062","title":{"rendered":"Cura Brochero: ATE solicit\u00f3 que Trabajo imponga una sanci\u00f3n a la Municipalidad por su inasistencia a las audiencias de conciliaci\u00f3n"},"content":{"rendered":"<div class=\"wp-block-image\">\n<figure class=\"aligncenter size-full is-resized\"><img loading=\"lazy\" decoding=\"async\" src=\"https:\/\/atecordoba.org\/wp-content\/uploads\/2023\/07\/brochero-1.jpeg\" alt=\"\" class=\"wp-image-37968\" width=\"407\" height=\"458\" \/><\/figure>\n<\/div>\n\n\n<p>Ante la falta de concurrencia por segunda vez consecutiva de la Municipalidad de Villa Cura Brochero a las audiencias de conciliaci\u00f3n, t<a href=\"https:\/\/atecordoba.org\/?p=37623\">ras desatarse un conflicto en la comuna por el despido de 29 trabajadoras y trabadores del sector, <\/a>ATE reclam\u00f3 a la autoridad laboral que imponga una infracci\u00f3n el Ejecutivo que encabeza el intendente Carlos Oviedo. <\/p>\n\n\n\n<p>De esta forma, el intendente deja en claro su nula voluntad de alcanzar un acuerdo y restituir los puestos de trabajo, tras acometer contra el plantel de la Municipalidad que llev\u00f3 a cabo despu\u00e9s de superar las recientes elecciones donde alcanz\u00f2 su reelecci\u00f3n.<\/p>\n\n\n\n<p>ATE es la \u00fanica parte del conflicto que pretende una soluci\u00f3n que encause la situaci\u00f3n de las 29 familias que perdieron su sustento por la medida ilegal y arbitraria que aplic\u00f3 Oviedo, afectando la paz social en la localidad. La ilegalidad de los despidos incluyen casos flagrantes como el caso de una delegada de ATE con tutela gremial, una persona con discapacidad y una trabajadora que transita una carpeta m\u00e9dica <\/p>\n\n\n\n<p>&#8220;Que atento la incomperencia injustificada de la Municipalidad de Cura Brochero, habiendo sido debidamente notificada en forma reiterada, solicita a la autoridad de aplicaci\u00f3n labre acta de infracci\u00f3n y fije nuevo d\u00eda y hora de audiencia, advirtiendo a las autoridades municipales que deber\u00e1n concurrir con poder suficiente, bajo apercibimiento de solicitar el auxilio de la fuerza p\u00fablica&#8221;, qued\u00f3 registrado en el acta del Ministerio de Trabajo.<\/p>\n\n\n\n<p><strong>Incumplimiento salarial<\/strong><\/p>\n\n\n<div class=\"wp-block-image\">\n<figure class=\"aligncenter size-full is-resized\"><img loading=\"lazy\" decoding=\"async\" src=\"https:\/\/atecordoba.org\/wp-content\/uploads\/2023\/08\/salarios-brochero.png\" alt=\"\" class=\"wp-image-38067\" width=\"368\" height=\"333\" srcset=\"https:\/\/atecordoba.org\/wp-content\/uploads\/2023\/08\/salarios-brochero.png 735w, https:\/\/atecordoba.org\/wp-content\/uploads\/2023\/08\/salarios-brochero-300x272.png 300w\" sizes=\"auto, (max-width: 368px) 100vw, 368px\" \/><\/figure>\n<\/div>\n\n\n<p>Por otro lado, la Municipalidad tambi\u00e9n incumpli\u00f3 el acuerdo salarial que firm\u00f3 el pasado mes de abril y que consist\u00eda en el pago de un aumento del 10% en el mes de julio. <\/p>\n\n\n\n<p>Dicho acuerdo consisti\u00f3 en una recomposici\u00f3n del 35% para el semestre firmado con ATE, del cual ya se cumpli\u00f3 el pago del 25% en dos cuotas a aplicar en mayo (10%) y junio (15%). En tanto, con el pago de los salarios de julio la Municipalidad debe abonar el 10% restante, que no se vio reflejado con los salarios liquidados ayer.<\/p>\n\n\n\n<p>Otra muestra m\u00e1s de la mala fe del intendente Oviedo para gestionar el municipio. <\/p>\n\n\n\n<p>Desde ATE exigimos el cumplimiento del acta oportunamente firmada. <\/p>\n\n\n<a href=\"https:\/\/atecordoba.org\/wp-content\/uploads\/2023\/08\/Adobe-Scan-01-ago.-2023.pdf\" class=\"pdfemb-viewer\" style=\"\" data-width=\"max\" data-height=\"max\" data-toolbar=\"bottom\" data-toolbar-fixed=\"off\">Adobe-Scan-01-ago.-2023<\/a>\n<p class=\"wp-block-pdfemb-pdf-embedder-viewer\"><\/p>\n","protected":false},"excerpt":{"rendered":"<p>Ante la falta de concurrencia por segunda vez consecutiva de la Municipalidad de Villa Cura Brochero a las audiencias de conciliaci\u00f3n, tras desatarse un conflicto en la comuna por el despido de 29 trabajadoras y trabadores del sector, ATE reclam\u00f3 a la autoridad laboral que imponga una infracci\u00f3n el Ejecutivo que encabeza el intendente Carlos [&hellip;]<\/p>\n","protected":false},"author":7,"featured_media":37647,"comment_status":"open","ping_status":"open","sticky":false,"template":"","format":"standard","meta":{"_exactmetrics_skip_tracking":false,"_exactmetrics_sitenote_active":false,"_exactmetrics_sitenote_note":"","_exactmetrics_sitenote_category":0,"jnews-multi-image_gallery":[],"jnews_single_post":{"subtitle":"El intendente Carlos Oviedo despidi\u00f3 a 29 trabajadores y trabajadoras tras ganar las elecciones en la localidad.","format":"standard","video":"","gallery":"","source_name":"","source_url":"","via_name":"","via_url":"","override_template":"0","override":[{"template":"1","single_blog_custom":"","parallax":"1","fullscreen":"1","layout":"no-sidebar-narrow","sidebar":"default-sidebar","second_sidebar":"default-sidebar","sticky_sidebar":"1","share_position":"bottom","share_float_style":"share-monocrhome","show_share_counter":"1","show_view_counter":"1","show_featured":"0","show_post_meta":"1","show_post_author":"0","show_post_author_image":"1","show_post_date":"1","post_date_format":"default","post_date_format_custom":"Y\/m\/d","show_post_category":"1","show_post_reading_time":"0","post_reading_time_wpm":"300","show_zoom_button":"0","zoom_button_out_step":"2","zoom_button_in_step":"3","show_post_tag":"1","show_prev_next_post":"0","show_popup_post":"0","number_popup_post":"1","show_author_box":"0","show_post_related":"1","show_inline_post_related":"0"}],"override_image_size":"0","image_override":[{"single_post_thumbnail_size":"crop-500","single_post_gallery_size":"crop-500"}],"trending_post":"0","trending_post_position":"meta","trending_post_label":"Trending","sponsored_post":"0","sponsored_post_label":"Sponsored by","sponsored_post_name":"","sponsored_post_url":"","sponsored_post_logo_enable":"0","sponsored_post_logo":"","sponsored_post_desc":"","disable_ad":"0"},"jnews_primary_category":{"id":"","hide":""},"jnews_social_meta":{"fb_title":"","fb_description":"","fb_image":"","twitter_title":"","twitter_description":"","twitter_image":""},"jnews_review":[],"enable_review":"0","type":"percentage","name":"","summary":"","brand":"","sku":"","good":[{"good_text":""}],"bad":[{"bad_text":""}],"score_override":"","override_value":"","rating":[{"rating_text":"","rating_number":"10"}],"price":[{"shop":"","price":"","link":"","icon":""}],"jnews_override_counter":{"override_view_counter":"0","view_counter_number":"0","override_share_counter":"0","share_counter_number":"0","override_like_counter":"0","like_counter_number":"0","override_dislike_counter":"0","dislike_counter_number":"0"},"jnews_post_split":{"enable_post_split":"0","post_split":[{"template":"1","tag":"h2","numbering":"asc","mode":"normal","first":"0","enable_toc":"0","toc_type":"normal"}]},"footnotes":""},"categories":[20],"tags":[],"class_list":["post-38062","post","type-post","status-publish","format-standard","has-post-thumbnail","hentry","category-municipales"],"jetpack_featured_media_url":"https:\/\/atecordoba.org\/wp-content\/uploads\/2023\/07\/WhatsApp-Image-2023-07-07-at-13.22.47-e1690984599983.jpeg","_links":{"self":[{"href":"https:\/\/atecordoba.org\/index.php?rest_route=\/wp\/v2\/posts\/38062","targetHints":{"allow":["GET"]}}],"collection":[{"href":"https:\/\/atecordoba.org\/index.php?rest_route=\/wp\/v2\/posts"}],"about":[{"href":"https:\/\/atecordoba.org\/index.php?rest_route=\/wp\/v2\/types\/post"}],"author":[{"embeddable":true,"href":"https:\/\/atecordoba.org\/index.php?rest_route=\/wp\/v2\/users\/7"}],"replies":[{"embeddable":true,"href":"https:\/\/atecordoba.org\/index.php?rest_route=%2Fwp%2Fv2%2Fcomments&post=38062"}],"version-history":[{"count":2,"href":"https:\/\/atecordoba.org\/index.php?rest_route=\/wp\/v2\/posts\/38062\/revisions"}],"predecessor-version":[{"id":38068,"href":"https:\/\/atecordoba.org\/index.php?rest_route=\/wp\/v2\/posts\/38062\/revisions\/38068"}],"wp:featuredmedia":[{"embeddable":true,"href":"https:\/\/atecordoba.org\/index.php?rest_route=\/wp\/v2\/media\/37647"}],"wp:attachment":[{"href":"https:\/\/atecordoba.org\/index.php?rest_route=%2Fwp%2Fv2%2Fmedia&parent=38062"}],"wp:term":[{"taxonomy":"category","embeddable":true,"href":"https:\/\/atecordoba.org\/index.php?rest_route=%2Fwp%2Fv2%2Fcategories&post=38062"},{"taxonomy":"post_tag","embeddable":true,"href":"https:\/\/atecordoba.org\/index.php?rest_route=%2Fwp%2Fv2%2Ftags&post=38062"}],"curies":[{"name":"wp","href":"https:\/\/api.w.org\/{rel}","templated":true}]}}