{"id":38043,"date":"2023-08-02T10:33:50","date_gmt":"2023-08-02T13:33:50","guid":{"rendered":"https:\/\/atecordoba.org\/?p=38043"},"modified":"2023-08-02T10:33:50","modified_gmt":"2023-08-02T13:33:50","slug":"elecciones-del-9-de-agosto-la-verde-y-violeta-intensifica-las-recorridas-en-rio-cuarto","status":"publish","type":"post","link":"https:\/\/atecordoba.org\/?p=38043","title":{"rendered":"Elecciones del 9 de agosto: la Verde y Violeta intensifica las recorridas en R\u00edo Cuarto"},"content":{"rendered":"<div class=\"wp-block-image\">\n<figure class=\"aligncenter size-large is-resized\"><img loading=\"lazy\" decoding=\"async\" src=\"https:\/\/atecordoba.org\/wp-content\/uploads\/2023\/08\/municipales-1024x589.jpg\" alt=\"\" class=\"wp-image-38044\" width=\"768\" height=\"442\" \/><\/figure>\n<\/div>\n\n\n<p>En la Sede de ATE R\u00edo Cuarto Cuarto se realiz\u00f3 una reuni\u00f3n con trabajadoras y trabajadores de la Municipalidad, programando acciones en los distintos sectores y reparticiones de cara al proceso electoral que se palpita en nuestra organizaci\u00f3n sindical. Otras actividades de campa\u00f1a.<\/p>\n\n\n\n<p>Al mismo tiempo, las y los compa\u00f1eros ratificaron su apoyo a la Lista Verde y Violeta en las elecciones del 9 de agosto porque apuestan a seguir construyendo y consolidando este modelo sindical que hace a\u00f1os defiende sus derechos.<\/p>\n\n\n\n<figure class=\"wp-block-gallery has-nested-images columns-default is-cropped wp-block-gallery-1 is-layout-flex wp-block-gallery-is-layout-flex\">\n<figure class=\"wp-block-image size-large\"><a href=\"https:\/\/atecordoba.org\/wp-content\/uploads\/2023\/08\/municipales3.jpg\"><img loading=\"lazy\" decoding=\"async\" width=\"135\" height=\"300\" data-id=\"38046\" src=\"https:\/\/atecordoba.org\/wp-content\/uploads\/2023\/08\/municipales3.jpg\" alt=\"\" class=\"wp-image-38046\" \/><\/a><\/figure>\n\n\n\n<figure class=\"wp-block-image size-large\"><a href=\"https:\/\/atecordoba.org\/wp-content\/uploads\/2023\/08\/municipales4.jpg\"><img loading=\"lazy\" decoding=\"async\" width=\"135\" height=\"300\" data-id=\"38047\" src=\"https:\/\/atecordoba.org\/wp-content\/uploads\/2023\/08\/municipales4.jpg\" alt=\"\" class=\"wp-image-38047\" \/><\/a><\/figure>\n<\/figure>\n\n\n\n<p>\u201cEste 9 de agosto vamos con la Verde y Violeta, con las juventudes, las mujeres y los municipales al frente le pese a quien le pese\u201d, asegur\u00f3 Rafaela Alcoba, candidata a la reelecci\u00f3n al frente de la Seccional R\u00edo Cuarto de ATE.<\/p>\n\n\n\n<p>\u201cTambi\u00e9n este martes caminamos distintas reparticiones y oficinas de la Municipalidad de R\u00edo Cuarto. Siempre estuvimos y estaremos al pie de las disputas en defensa de los intereses de las y los municipales\u201d, dijeron.<\/p>\n\n\n\n<p><strong>Con trabajadores del SENASA<\/strong><\/p>\n\n\n\n<figure class=\"wp-block-gallery has-nested-images columns-default is-cropped wp-block-gallery-2 is-layout-flex wp-block-gallery-is-layout-flex\">\n<figure class=\"wp-block-image size-large\"><img loading=\"lazy\" decoding=\"async\" width=\"300\" height=\"225\" data-id=\"38049\" src=\"https:\/\/atecordoba.org\/wp-content\/uploads\/2023\/08\/senasa2.jpg\" alt=\"\" class=\"wp-image-38049\" \/><\/figure>\n\n\n\n<figure class=\"wp-block-image size-large\"><img loading=\"lazy\" decoding=\"async\" width=\"169\" height=\"300\" data-id=\"38048\" src=\"https:\/\/atecordoba.org\/wp-content\/uploads\/2023\/08\/senasa.jpg\" alt=\"\" class=\"wp-image-38048\" \/><\/figure>\n<\/figure>\n\n\n\n<p>Rafaela Alcoba tambi\u00e9n mantuvo un encuentro con compa\u00f1eros que trabajan en el Servicio Nacional de Sanidad y Calidad Agroalimentaria (SENASA), algunos de ellos candidatos en la Lista Verde y Violeta de la Seccional R\u00edo Cuarto, para coordinar el operativo elecciones del 9 de agosto.<\/p>\n\n\n\n<p>\u201cEstuvimos reunidos con la compa\u00f1erada del SENASA que consolida su apoyo a la Verde y Violeta como desde 2007, cuando recuperamos la Seccional R\u00edo Cuarto de ATE\u201d, indic\u00f3 Alcoba.<\/p>\n\n\n\n<p><strong>En el Ministerio de Trabajo y el Batall\u00f3n de Holmberg<\/strong><\/p>\n\n\n\n<figure class=\"wp-block-gallery has-nested-images columns-default is-cropped wp-block-gallery-3 is-layout-flex wp-block-gallery-is-layout-flex\">\n<figure class=\"wp-block-image size-large\"><img loading=\"lazy\" decoding=\"async\" width=\"300\" height=\"225\" data-id=\"38051\" src=\"https:\/\/atecordoba.org\/wp-content\/uploads\/2023\/08\/holmberg.jpg\" alt=\"\" class=\"wp-image-38051\" \/><\/figure>\n\n\n\n<figure class=\"wp-block-image size-large\"><img loading=\"lazy\" decoding=\"async\" width=\"300\" height=\"191\" data-id=\"38050\" src=\"https:\/\/atecordoba.org\/wp-content\/uploads\/2023\/08\/trabajo.jpg\" alt=\"\" class=\"wp-image-38050\" \/><\/figure>\n<\/figure>\n\n\n\n<p>Una comitiva de ATE R\u00edo Cuarto tambi\u00e9n estuvo en sendas asambleas en la Agencia Territorial del Ministerio de Trabajo, Empleo y Seguridad Social de la Naci\u00f3n y en el Batall\u00f3n de Arsenales de Holmberg, dialogando con las y los compa\u00f1eros, planificando acciones sectoriales y fortaleciendo su pertenencia, compromiso y apoyo a la Lista Verde y Violeta que hace a\u00f1os construye proyecto sindical en la seccional, est\u00e1 en la conducci\u00f3n y que es la \u00fanica que participar\u00e1 en las pr\u00f3ximas elecciones en R\u00edo Cuarto.<\/p>\n\n\n\n<p>\u201cVa a quedar demostrado el 9 de agosto cuando hagamos estallar las urnas con Rafaela Alcoba y Rodrigo Olgu\u00edn en R\u00edo Cuarto, Federico Giuliani y Gabriela Alcoba en el Consejo Directivo Provincial de ATE C\u00f3rdoba y Rodolfo Aguiar en el Consejo Directivo Nacional\u201d, avisaron.<\/p>\n\n\n\n<p><strong>Con Personal Civil de las FF.AA<\/strong><\/p>\n\n\n<div class=\"wp-block-image\">\n<figure class=\"aligncenter size-full\"><img loading=\"lazy\" decoding=\"async\" width=\"300\" height=\"225\" src=\"https:\/\/atecordoba.org\/wp-content\/uploads\/2023\/08\/ppcc.jpg\" alt=\"\" class=\"wp-image-38052\" \/><\/figure>\n<\/div>\n\n\n<p>\u201cLas compa\u00f1eras y compa\u00f1eros del Instituto Obra Social de las Fuerzas Armadas (IOSFA) de R\u00edo Cuarto est\u00e1n con la lista Verde y Violeta como el resto del Personal Civil en el Sur provincial.<\/p>\n\n\n\n<p>\u201cLa compa\u00f1erada del IOSFA as\u00ed lo demuestra, por eso este 9 de agosto van a seguir apostando a este modelo sindical combativo, representativo y plural que hace a\u00f1os defiende sus derechos\u201d, dice un parte de prensa.<\/p>\n\n\n\n<p><strong>Paritarias en Santa Catalina<\/strong><\/p>\n\n\n<div class=\"wp-block-image\">\n<figure class=\"aligncenter size-full\"><img loading=\"lazy\" decoding=\"async\" width=\"300\" height=\"225\" src=\"https:\/\/atecordoba.org\/wp-content\/uploads\/2023\/08\/sta-catalina.jpg\" alt=\"\" class=\"wp-image-38053\" \/><\/figure>\n<\/div>\n\n\n<p>\u201cEste lunes estuvimos de paritaria en Santa Catalina (Holmberg), donde se logr\u00f3 un aumento del 50% (10% en agosto, 10% en septiembre, 15% en octubre y 15% en noviembre, todo remunerativo al b\u00e1sico), que se suma al 33% conseguido para el primer semestre, con revisi\u00f3n el pr\u00f3ximo mes de noviembre.<\/p>\n\n\n\n<p>\u201cAdem\u00e1s, recorrimos los sectores conversando con las y los afiliados, que por supuesto acompa\u00f1ar\u00e1n a la Verde y Violeta en estas elecciones.<\/p>\n\n\n\n<p>\u201cEste 9 de agosto vamos a seguir construyendo el ATE que so\u00f1amos votando a la Verde y Violeta, con \u2018Rafa\u2019 Alcoba y \u2018Rodri\u2019 Olguin en R\u00edo Cuarto, \u2018Fede\u2019 Giuliani y \u2018Gaby\u2019 Alcoba en el Consejo Directivo Provincial y \u2018Rody\u2019 Aguiar en el Consejo Directivo Nacional\u201d.<\/p>\n\n\n\n<p><strong>Asamblea en el Nuevo Hospital<\/strong><\/p>\n\n\n\n<figure class=\"wp-block-gallery has-nested-images columns-default is-cropped wp-block-gallery-4 is-layout-flex wp-block-gallery-is-layout-flex\">\n<figure class=\"wp-block-image size-large\"><img loading=\"lazy\" decoding=\"async\" width=\"300\" height=\"225\" data-id=\"38055\" src=\"https:\/\/atecordoba.org\/wp-content\/uploads\/2023\/08\/hospital1.jpg\" alt=\"\" class=\"wp-image-38055\" \/><\/figure>\n\n\n\n<figure class=\"wp-block-image size-large\"><img loading=\"lazy\" decoding=\"async\" width=\"300\" height=\"225\" data-id=\"38054\" src=\"https:\/\/atecordoba.org\/wp-content\/uploads\/2023\/08\/hospital.jpg\" alt=\"\" class=\"wp-image-38054\" \/><\/figure>\n<\/figure>\n\n\n\n<p>La actual y pr\u00f3xima Secretaria General de ATE R\u00edo Cuarto, Rafaela Alcoba, y parte del equipo de la Lista Verde y Violeta, estuvieron el martes a la ma\u00f1ana en una Asamblea con las y los compa\u00f1eros del Nuevo Hospital San Antonio de Padua.<\/p>\n\n\n\n<p>\u201cEst\u00e1 conducci\u00f3n estuvo siempre presente acompa\u00f1ando el conflicto del Sector Sanitario, no s\u00f3lo durante la pandemia\u201d, expresaron.<\/p>\n\n\n\n<p><strong>En las Sierras del Sur<\/strong><\/p>\n\n\n\n<figure class=\"wp-block-gallery has-nested-images columns-default is-cropped wp-block-gallery-5 is-layout-flex wp-block-gallery-is-layout-flex\">\n<figure class=\"wp-block-image size-large\"><img loading=\"lazy\" decoding=\"async\" width=\"300\" height=\"225\" data-id=\"38056\" src=\"https:\/\/atecordoba.org\/wp-content\/uploads\/2023\/08\/sierrassur.jpg\" alt=\"\" class=\"wp-image-38056\" \/><\/figure>\n\n\n\n<figure class=\"wp-block-image size-large\"><img loading=\"lazy\" decoding=\"async\" width=\"300\" height=\"135\" data-id=\"38057\" src=\"https:\/\/atecordoba.org\/wp-content\/uploads\/2023\/08\/sierrassur2.jpg\" alt=\"\" class=\"wp-image-38057\" \/><\/figure>\n<\/figure>\n\n\n\n<p>\u201cEsto no es un mero armado electoral, es un proyecto pol\u00edtico y sindical a largo plazo para construir un ATE grande, plural, combativo y al servicio y en defensa de las y los afiliados, que es por lo que venimos apostando desde 2007. Este martes anduvimos recorriendo los sectores de trabajo, conversando mano a mano con las y los compa\u00f1eros, siempre presentes&#8221;, contaron desde R\u00edo Cuarto.<\/p>\n\n\n\n<p>\u201cEs por eso que este 9 de agosto en las serranas localidades de Las Albahacas, Alpa Corral y R\u00edo de los Sauces votan a la Lista Verde y Violeta, con Rafaela Alcoba, Secretaria General y Rodrigo Olgu\u00edn, Secretario Adjunto\u201d, afirma un parte de prensa.<\/p>\n\n\n\n<p><strong>En Alejandro<\/strong><\/p>\n\n\n\n<figure class=\"wp-block-gallery has-nested-images columns-default is-cropped wp-block-gallery-6 is-layout-flex wp-block-gallery-is-layout-flex\">\n<figure class=\"wp-block-image size-large\"><img loading=\"lazy\" decoding=\"async\" width=\"300\" height=\"225\" data-id=\"38058\" src=\"https:\/\/atecordoba.org\/wp-content\/uploads\/2023\/08\/alejandro.jpg\" alt=\"\" class=\"wp-image-38058\" \/><\/figure>\n\n\n\n<figure class=\"wp-block-image size-large\"><img loading=\"lazy\" decoding=\"async\" width=\"300\" height=\"225\" data-id=\"38059\" src=\"https:\/\/atecordoba.org\/wp-content\/uploads\/2023\/08\/alejandro1.jpg\" alt=\"\" class=\"wp-image-38059\" \/><\/figure>\n<\/figure>\n\n\n\n<p>Anoche la militancia de la Verde y Violeta estuvo en la localidad de Alejandro Roca.<\/p>\n\n\n\n<p>\u201cEstamos llegando a cada compa\u00f1ero y compa\u00f1era, escuchando sus demandas, planificando acciones y llevando las propuestas de nuestro espacio para continuar construyendo un ATE inmenso, plural, combativo, presente. Porque ATE siempre estuvo y siempre est\u00e1\u201d, afirmaron.<\/p>\n\n\n\n<p><strong>Gran Pe\u00f1a de los Estatales<\/strong><\/p>\n\n\n<div class=\"wp-block-image\">\n<figure class=\"aligncenter size-full\"><img loading=\"lazy\" decoding=\"async\" width=\"300\" height=\"300\" src=\"https:\/\/atecordoba.org\/wp-content\/uploads\/2023\/08\/pena.jpg\" alt=\"\" class=\"wp-image-38060\" srcset=\"https:\/\/atecordoba.org\/wp-content\/uploads\/2023\/08\/pena.jpg 300w, https:\/\/atecordoba.org\/wp-content\/uploads\/2023\/08\/pena-150x150.jpg 150w, https:\/\/atecordoba.org\/wp-content\/uploads\/2023\/08\/pena-75x75.jpg 75w\" sizes=\"auto, (max-width: 300px) 100vw, 300px\" \/><\/figure>\n<\/div>\n\n\n<p>Este viernes 4 de agosto a las 21 horas se realizar\u00e1 la Gran Pe\u00f1a de los Estatales. Ser\u00e1 en la Vecinal Golf, Gobernador Guzm\u00e1n 1970.<\/p>\n\n\n\n<p>Entrada es gratuita y est\u00e1 acompa\u00f1ada por una consumici\u00f3n gratis (comida m\u00e1s bebida).<\/p>\n\n\n\n<p>El evento es para las afiliadas y afiliados a ATE R\u00edo Cuarto. Habr\u00e1 sorteos y m\u00fasica.<\/p>\n","protected":false},"excerpt":{"rendered":"<p>En la Sede de ATE R\u00edo Cuarto Cuarto se realiz\u00f3 una reuni\u00f3n con trabajadoras y trabajadores de la Municipalidad, programando acciones en los distintos sectores y reparticiones de cara al proceso electoral que se palpita en nuestra organizaci\u00f3n sindical. Otras actividades de campa\u00f1a. Al mismo tiempo, las y los compa\u00f1eros ratificaron su apoyo a la [&hellip;]<\/p>\n","protected":false},"author":7,"featured_media":38044,"comment_status":"open","ping_status":"open","sticky":false,"template":"","format":"standard","meta":{"_exactmetrics_skip_tracking":false,"_exactmetrics_sitenote_active":false,"_exactmetrics_sitenote_note":"","_exactmetrics_sitenote_category":0,"jnews-multi-image_gallery":[],"jnews_single_post":{"subtitle":"\u201cEste 9 de agosto vamos con la Verde y Violeta, con las juventudes, las mujeres y los municipales al frente le pese a quien le pese\u201d, asegur\u00f3 Rafaela Alcoba, candidata a la reelecci\u00f3n al frente de la Seccional.","format":"standard","video":"","gallery":"","source_name":"","source_url":"","via_name":"","via_url":"","override_template":"0","override":[{"template":"1","single_blog_custom":"","parallax":"1","fullscreen":"1","layout":"no-sidebar-narrow","sidebar":"default-sidebar","second_sidebar":"default-sidebar","sticky_sidebar":"1","share_position":"bottom","share_float_style":"share-monocrhome","show_share_counter":"1","show_view_counter":"1","show_featured":"0","show_post_meta":"1","show_post_author":"0","show_post_author_image":"1","show_post_date":"1","post_date_format":"default","post_date_format_custom":"Y\/m\/d","show_post_category":"1","show_post_reading_time":"0","post_reading_time_wpm":"300","show_zoom_button":"0","zoom_button_out_step":"2","zoom_button_in_step":"3","show_post_tag":"1","show_prev_next_post":"0","show_popup_post":"0","number_popup_post":"1","show_author_box":"0","show_post_related":"1","show_inline_post_related":"0"}],"override_image_size":"0","image_override":[{"single_post_thumbnail_size":"crop-500","single_post_gallery_size":"crop-500"}],"trending_post":"0","trending_post_position":"meta","trending_post_label":"Trending","sponsored_post":"0","sponsored_post_label":"Sponsored by","sponsored_post_name":"","sponsored_post_url":"","sponsored_post_logo_enable":"0","sponsored_post_logo":"","sponsored_post_desc":"","disable_ad":"0"},"jnews_primary_category":{"id":"","hide":""},"jnews_social_meta":{"fb_title":"","fb_description":"","fb_image":"","twitter_title":"","twitter_description":"","twitter_image":""},"jnews_review":[],"enable_review":"0","type":"percentage","name":"","summary":"","brand":"","sku":"","good":[{"good_text":""}],"bad":[{"bad_text":""}],"score_override":"","override_value":"","rating":[{"rating_text":"","rating_number":"10"}],"price":[{"shop":"","price":"","link":"","icon":""}],"jnews_override_counter":{"override_view_counter":"0","view_counter_number":"0","override_share_counter":"0","share_counter_number":"0","override_like_counter":"0","like_counter_number":"0","override_dislike_counter":"0","dislike_counter_number":"0"},"jnews_post_split":{"enable_post_split":"0","post_split":[{"template":"1","tag":"h2","numbering":"asc","mode":"normal","first":"0","enable_toc":"0","toc_type":"normal"}]},"footnotes":""},"categories":[12],"tags":[],"class_list":["post-38043","post","type-post","status-publish","format-standard","has-post-thumbnail","hentry","category-rio-cuarto"],"jetpack_featured_media_url":"https:\/\/atecordoba.org\/wp-content\/uploads\/2023\/08\/municipales-e1690982938973.jpg","_links":{"self":[{"href":"https:\/\/atecordoba.org\/index.php?rest_route=\/wp\/v2\/posts\/38043","targetHints":{"allow":["GET"]}}],"collection":[{"href":"https:\/\/atecordoba.org\/index.php?rest_route=\/wp\/v2\/posts"}],"about":[{"href":"https:\/\/atecordoba.org\/index.php?rest_route=\/wp\/v2\/types\/post"}],"author":[{"embeddable":true,"href":"https:\/\/atecordoba.org\/index.php?rest_route=\/wp\/v2\/users\/7"}],"replies":[{"embeddable":true,"href":"https:\/\/atecordoba.org\/index.php?rest_route=%2Fwp%2Fv2%2Fcomments&post=38043"}],"version-history":[{"count":1,"href":"https:\/\/atecordoba.org\/index.php?rest_route=\/wp\/v2\/posts\/38043\/revisions"}],"predecessor-version":[{"id":38061,"href":"https:\/\/atecordoba.org\/index.php?rest_route=\/wp\/v2\/posts\/38043\/revisions\/38061"}],"wp:featuredmedia":[{"embeddable":true,"href":"https:\/\/atecordoba.org\/index.php?rest_route=\/wp\/v2\/media\/38044"}],"wp:attachment":[{"href":"https:\/\/atecordoba.org\/index.php?rest_route=%2Fwp%2Fv2%2Fmedia&parent=38043"}],"wp:term":[{"taxonomy":"category","embeddable":true,"href":"https:\/\/atecordoba.org\/index.php?rest_route=%2Fwp%2Fv2%2Fcategories&post=38043"},{"taxonomy":"post_tag","embeddable":true,"href":"https:\/\/atecordoba.org\/index.php?rest_route=%2Fwp%2Fv2%2Ftags&post=38043"}],"curies":[{"name":"wp","href":"https:\/\/api.w.org\/{rel}","templated":true}]}}