{"id":38026,"date":"2023-08-01T13:43:01","date_gmt":"2023-08-01T16:43:01","guid":{"rendered":"https:\/\/atecordoba.org\/?p=38026"},"modified":"2023-08-01T14:54:57","modified_gmt":"2023-08-01T17:54:57","slug":"las-mujeres-protagonistas-en-la-verde-y-violeta","status":"publish","type":"post","link":"https:\/\/atecordoba.org\/?p=38026","title":{"rendered":"Las mujeres, protagonistas en la Verde y Violeta"},"content":{"rendered":"<div class=\"wp-block-image\">\n<figure class=\"aligncenter size-large is-resized\"><img loading=\"lazy\" decoding=\"async\" src=\"https:\/\/atecordoba.org\/wp-content\/uploads\/2023\/08\/WhatsApp-Image-2023-08-01-at-12.48.42-1024x766.jpeg\" alt=\"\" class=\"wp-image-38028\" width=\"640\" height=\"479\" \/><\/figure>\n<\/div>\n\n\n<p>En miras de las elecciones de renovaci\u00f3n de la conducci\u00f3n de ATE el pr\u00f3ximo 9 de agosto, la lista Verde y Violeta de la Agrupaci\u00f3n Germ\u00e1n Abdala se destaca por sus propuestas en pol\u00edticas de g\u00e9neros y diversidades y del rol activo que se le asigna a las mujeres, las afiliadas y compa\u00f1eras estatales:<\/p>\n\n\n<div class=\"wp-block-image\">\n<figure class=\"alignright size-large is-resized\"><img loading=\"lazy\" decoding=\"async\" src=\"https:\/\/atecordoba.org\/wp-content\/uploads\/2023\/07\/irina-873x1024.jpeg\" alt=\"\" class=\"wp-image-37689\" width=\"370\" height=\"434\" srcset=\"https:\/\/atecordoba.org\/wp-content\/uploads\/2023\/07\/irina-873x1024.jpeg 873w, https:\/\/atecordoba.org\/wp-content\/uploads\/2023\/07\/irina-256x300.jpeg 256w, https:\/\/atecordoba.org\/wp-content\/uploads\/2023\/07\/irina-768x900.jpeg 768w, https:\/\/atecordoba.org\/wp-content\/uploads\/2023\/07\/irina-750x879.jpeg 750w, https:\/\/atecordoba.org\/wp-content\/uploads\/2023\/07\/irina.jpeg 899w\" sizes=\"auto, (max-width: 370px) 100vw, 370px\" \/><\/figure>\n<\/div>\n\n\n<p>Diversas dirigentas de ATE en organismos nacionales, provinciales y sectores municipales rescatan la pol\u00edtica de la actual conducci\u00f3n que lleva adelante nuestro secretario General Federico Giuliani, quien encabeza la Verde y Violeta para el periodo 2023-2027, principalmente a partir de generar un espacio institucional desde la creaci\u00f3n del Departamento de G\u00e9neros y Diversidades y de dotarla de pol\u00edticas activas. <\/p>\n\n\n\n<p>Por eso la responsable del \u00e1rea, Gabriela Alcoba, es la actual candidata a secretaria General Adjunta de la lista, en un reconocimiento y anticipo del papel que incluye a las compa\u00f1eras en la estructura de decisiones de ATE C\u00f3rdoba. <\/p>\n\n\n\n<p>En esa l\u00ednea, la delegada de ATE SENAF, Irina Silberman destaca que &#8220;como mujer precarizada del Estado provincial y militante de sindical, encontr\u00e9 en ATE C\u00f3rdoba una trinchera de lucha como delgada y un reconocimiento al trabajo a las mujeres de la SENAF, donde la mayor\u00eda estamos precarizadas&#8221;. <\/p>\n\n\n\n<p>La trabajadora sostiene que &#8220;Interpretamos que &#8220;la pol\u00edtica del Estado provincial es la feminizaci\u00f3n de la pobreza, es por eso que desde SENAF y ATE estamos en un plan de lucha por la reivindicaci\u00f3n y el reconocimiento de las mujeres trabajadoras. Seguiremos insistiendo por m\u00e1s derechos para las mujeres, mejores condiciones de trabajo y dignidad para nosotras y nuestras familias&#8221;.<\/p>\n\n\n\n<p>Y alienta que &#8220;este 9 de agosto las mujeres de ATE votamos Verde y Violeta porque en los \u00faltimos cuatro a\u00f1os encontramos un espacio de contenci\u00f3n, abierto para el di\u00e1logo y la toma de decisiones, participando en el Departamento de G\u00e9neros y Diversidades que tenemos en ATE C\u00f3rdoba desde 2019&#8221;.<\/p>\n\n\n\n<p>&#8220;En los tiempos que corren es fundamental una participaci\u00f3n activa de las mujeres en la construcci\u00f3n de un sindicato combativo, abierto y representativos. Por eso juntas nos proponemos seguir construyendo un espacio colectivo y circular donde las mujeres sean protagonistas los pr\u00f3ximos cuatro a\u00f1os&#8221;, dice Silberman.<\/p>\n\n\n\n<p><strong>Naci\u00f3n<\/strong><\/p>\n\n\n\n<p>La elecci\u00f3n de delegadas en los organismos nacionales ubicados en C\u00f3rdoba es resultado del crecimiento organizativo de ATE C\u00f3rdoba, conjugada con la expansi\u00f3n interna del rol de las mujeres en nuestra organizaci\u00f3n. As\u00ed, el cuerpo de delegadas y delegados nacionales fue paulatinamente creciendo en presencia de mujeres.<\/p>\n\n\n<div class=\"wp-block-image\">\n<figure class=\"aligncenter size-full is-resized\"><img loading=\"lazy\" decoding=\"async\" src=\"https:\/\/atecordoba.org\/wp-content\/uploads\/2023\/08\/WhatsApp-Image-2023-08-01-at-11.45.40.jpeg\" alt=\"\" class=\"wp-image-38027\" width=\"447\" height=\"412\" srcset=\"https:\/\/atecordoba.org\/wp-content\/uploads\/2023\/08\/WhatsApp-Image-2023-08-01-at-11.45.40.jpeg 769w, https:\/\/atecordoba.org\/wp-content\/uploads\/2023\/08\/WhatsApp-Image-2023-08-01-at-11.45.40-300x277.jpeg 300w, https:\/\/atecordoba.org\/wp-content\/uploads\/2023\/08\/WhatsApp-Image-2023-08-01-at-11.45.40-750x691.jpeg 750w\" sizes=\"auto, (max-width: 447px) 100vw, 447px\" \/><\/figure>\n<\/div>\n\n\n<p>La delegada de la Direcci\u00f3n Nacional de Migraciones Angelina Laumann sostiene que &#8220;hoy el acceso de las mujeres o la mayor participaci\u00f3n dentro de un espacio gremial nos permite visibilizar situaciones por las que pasamos las compa\u00f1eras en los diferentes \u00e1mbitos laborales, no solo lo relacionado a la violencia de g\u00e9nero, sino tambi\u00e9n a&nbsp; las brechas salariales, al llamado techo de cristal.&#8221;.<\/p>\n\n\n\n<p>&#8220;Si bien se fue igualando el acceso a cargos de direcci\u00f3n, todav\u00eda la mayor\u00eda de los puestos de jerarqu\u00eda son ocupados por hombres, desigualdades que poco tienen que ver con las capacidades, sino que las exigencias diarias y responsabilidades de la mujer en el diario se ven sumadas al \u00e1mbito del hogar. En esta nueva etapa contamos con una participaci\u00f3n 50\/50 lo que nos proporciona la posibilidad de plantear todo lo expuesto y acercanos al objetivo de conseguir espacios laborales m\u00e1s justos&#8221;.<\/p>\n\n\n\n<p>De igual manera la delegada de ATE en el Registro Nacional de las Personas, Valeria Beltr\u00e1n, explica que &#8220;con 40 trabajadores y trabajadoras en el organismo,  el 60% somos mujeres. La lista Verde y Violeta llega nuestro sector con una propuesta contundente y concreta en defensa de los derechos de las y los estatales y con una mirada hacia las nuevas conquistas&#8221;.<\/p>\n\n\n<div class=\"wp-block-image\">\n<figure class=\"aligncenter size-large is-resized\"><img loading=\"lazy\" decoding=\"async\" src=\"https:\/\/atecordoba.org\/wp-content\/uploads\/2023\/08\/WhatsApp-Image-2023-08-01-at-11.22.51-766x1024.jpeg\" alt=\"\" class=\"wp-image-38029\" width=\"443\" height=\"592\" srcset=\"https:\/\/atecordoba.org\/wp-content\/uploads\/2023\/08\/WhatsApp-Image-2023-08-01-at-11.22.51-766x1024.jpeg 766w, https:\/\/atecordoba.org\/wp-content\/uploads\/2023\/08\/WhatsApp-Image-2023-08-01-at-11.22.51-224x300.jpeg 224w, https:\/\/atecordoba.org\/wp-content\/uploads\/2023\/08\/WhatsApp-Image-2023-08-01-at-11.22.51-768x1027.jpeg 768w, https:\/\/atecordoba.org\/wp-content\/uploads\/2023\/08\/WhatsApp-Image-2023-08-01-at-11.22.51-1149x1536.jpeg 1149w, https:\/\/atecordoba.org\/wp-content\/uploads\/2023\/08\/WhatsApp-Image-2023-08-01-at-11.22.51-750x1003.jpeg 750w, https:\/\/atecordoba.org\/wp-content\/uploads\/2023\/08\/WhatsApp-Image-2023-08-01-at-11.22.51-1140x1524.jpeg 1140w, https:\/\/atecordoba.org\/wp-content\/uploads\/2023\/08\/WhatsApp-Image-2023-08-01-at-11.22.51.jpeg 1197w\" sizes=\"auto, (max-width: 443px) 100vw, 443px\" \/><\/figure>\n<\/div>\n\n\n<p>&#8220;Actualmente en el RENAPER somos dos delegadas junto con Florencia Fern\u00e1ndez, agrega Valeria, trabajamos activamente en el sector apoyadas por la actual conducci\u00f3n, que nos abra espacios a la participaci\u00f3n activa, en un gremio que nos incluye en la discusi\u00f3n coyuntural pol\u00edtica-sindical, poniendo en valor nuestra tarea como delegadas. Fundamentalmente lo valoramos porque venimos de un marco donde las pr\u00e1cticas de hacer a un margen a las mujeres sindicalistas es moneda corriente, donde se nos quitaba de los espacios estrat\u00e9gicos de discusi\u00f3n&#8221;.<\/p>\n\n\n\n<p>Beltr\u00e1n valora que &#8220;la actual conducci\u00f3n directiva y todo el cuerpo que compone y representa a la lista Verde y Violeta nos reconoce en el derecho de la participaci\u00f3n y formaci\u00f3n, con el sentido claro de habitar espacios de pertenencia. Me parece que poner en valor que hoy podemos habitar un gremio, participando activamente de un gremio que nos incluye y nos fortalece es fundamental, porque nos hace pensar en perspectiva de futuro es valor que tenemos como trabajadoras, como delegadas, aportando y apostando a un sindicato que nos incluya&#8221;.<\/p>\n\n\n<div class=\"wp-block-image\">\n<figure class=\"aligncenter size-full is-resized\"><img loading=\"lazy\" decoding=\"async\" src=\"https:\/\/atecordoba.org\/wp-content\/uploads\/2023\/08\/spavenda.jpeg\" alt=\"\" class=\"wp-image-38040\" width=\"461\" height=\"538\" srcset=\"https:\/\/atecordoba.org\/wp-content\/uploads\/2023\/08\/spavenda.jpeg 719w, https:\/\/atecordoba.org\/wp-content\/uploads\/2023\/08\/spavenda-258x300.jpeg 258w\" sizes=\"auto, (max-width: 461px) 100vw, 461px\" \/><\/figure>\n<\/div>\n\n\n<p>A su turno, la candidata a la Secretar\u00eda de G\u00e9neros y Diversidades, la actual delegada del Ministerio de Desarrollo Social, Mar\u00eda Spavenda, explic\u00f3 que &#8220;estamos muy contentas en c\u00f3mo est\u00e1 conformada la lista, desde Gabi Alcoba como secretaria Adjunta, ocupando lugares estrat\u00e9gicos en la secretar\u00eda Administrativa, Acci\u00f3n Pol\u00edtica, Comunicaci\u00f3n y Prensa. Creo que fue genuina la construcci\u00f3n que hicimos y pudimos aportar algunos criterios sobre el armado de la lista y as\u00ed salimos a militar la campa\u00f1a&#8221;.<\/p>\n\n\n\n<p>Spaventa dijo que &#8220;entendemos fundamental la participaci\u00f3n de las mujeres y diversidades y proponemos estrategias y capacitaciones, tanto en la cuesti\u00f3n de prevenci\u00f3n y erradicaci\u00f3n de violencia de g\u00e9nero en los lugares de trabajo que establece la resoluci\u00f3n 190 de la OIT, porque pensamos el sindicalismo desde una perspectiva de g\u00e9nero&#8221;.<\/p>\n\n\n\n<p>Y complet\u00f3 afirmando que &#8220;ratificamos que la construcci\u00f3n debe ser colectiva o no es nada, porque creemos en nuestra herramienta, en nuestro poder y nuestra organizaci\u00f3n&#8221;.<\/p>\n\n\n\n<p><\/p>\n\n\n\n<p><\/p>\n","protected":false},"excerpt":{"rendered":"<p>En miras de las elecciones de renovaci\u00f3n de la conducci\u00f3n de ATE el pr\u00f3ximo 9 de agosto, la lista Verde y Violeta de la Agrupaci\u00f3n Germ\u00e1n Abdala se destaca por sus propuestas en pol\u00edticas de g\u00e9neros y diversidades y del rol activo que se le asigna a las mujeres, las afiliadas y compa\u00f1eras estatales: Diversas [&hellip;]<\/p>\n","protected":false},"author":7,"featured_media":38028,"comment_status":"open","ping_status":"open","sticky":false,"template":"","format":"standard","meta":{"_exactmetrics_skip_tracking":false,"_exactmetrics_sitenote_active":false,"_exactmetrics_sitenote_note":"","_exactmetrics_sitenote_category":0,"jnews-multi-image_gallery":[],"jnews_single_post":{"subtitle":"Diversas dirigentas de ATE en organismos nacionales, provinciales y sectores municipales rescatan la pol\u00edtica de la actual conducci\u00f3n que lleva adelante nuestro secretario General Federico Giuliani, quien encabeza la Verde y Violeta para el periodo 2023-2027, principalmente a partir de generar un espacio institucional desde la creaci\u00f3n del Departamento de G\u00e9neros y Diversidades y de dotarla de pol\u00edticas activas. ","format":"standard","video":"","gallery":"","source_name":"","source_url":"","via_name":"","via_url":"","override_template":"0","override":[{"template":"1","single_blog_custom":"","parallax":"1","fullscreen":"1","layout":"no-sidebar-narrow","sidebar":"default-sidebar","second_sidebar":"default-sidebar","sticky_sidebar":"1","share_position":"bottom","share_float_style":"share-monocrhome","show_share_counter":"1","show_view_counter":"1","show_featured":"0","show_post_meta":"1","show_post_author":"0","show_post_author_image":"1","show_post_date":"1","post_date_format":"default","post_date_format_custom":"Y\/m\/d","show_post_category":"1","show_post_reading_time":"0","post_reading_time_wpm":"300","show_zoom_button":"0","zoom_button_out_step":"2","zoom_button_in_step":"3","show_post_tag":"1","show_prev_next_post":"0","show_popup_post":"0","number_popup_post":"1","show_author_box":"0","show_post_related":"1","show_inline_post_related":"0"}],"override_image_size":"0","image_override":[{"single_post_thumbnail_size":"crop-500","single_post_gallery_size":"crop-500"}],"trending_post":"0","trending_post_position":"meta","trending_post_label":"Trending","sponsored_post":"0","sponsored_post_label":"Sponsored by","sponsored_post_name":"","sponsored_post_url":"","sponsored_post_logo_enable":"0","sponsored_post_logo":"","sponsored_post_desc":"","disable_ad":"0"},"jnews_primary_category":{"id":"","hide":""},"jnews_social_meta":{"fb_title":"","fb_description":"","fb_image":"","twitter_title":"","twitter_description":"","twitter_image":""},"jnews_review":[],"enable_review":"0","type":"percentage","name":"","summary":"","brand":"","sku":"","good":[{"good_text":""}],"bad":[{"bad_text":""}],"score_override":"","override_value":"","rating":[{"rating_text":"","rating_number":"10"}],"price":[{"shop":"","price":"","link":"","icon":""}],"jnews_override_counter":{"override_view_counter":"0","view_counter_number":"0","override_share_counter":"0","share_counter_number":"0","override_like_counter":"0","like_counter_number":"0","override_dislike_counter":"0","dislike_counter_number":"0"},"jnews_post_split":{"enable_post_split":"0","post_split":[{"template":"1","tag":"h2","numbering":"asc","mode":"normal","first":"0","enable_toc":"0","toc_type":"normal"}]},"footnotes":""},"categories":[325],"tags":[],"class_list":["post-38026","post","type-post","status-publish","format-standard","has-post-thumbnail","hentry","category-generos-y-diversidades"],"jetpack_featured_media_url":"https:\/\/atecordoba.org\/wp-content\/uploads\/2023\/08\/WhatsApp-Image-2023-08-01-at-12.48.42-e1690905185174.jpeg","_links":{"self":[{"href":"https:\/\/atecordoba.org\/index.php?rest_route=\/wp\/v2\/posts\/38026","targetHints":{"allow":["GET"]}}],"collection":[{"href":"https:\/\/atecordoba.org\/index.php?rest_route=\/wp\/v2\/posts"}],"about":[{"href":"https:\/\/atecordoba.org\/index.php?rest_route=\/wp\/v2\/types\/post"}],"author":[{"embeddable":true,"href":"https:\/\/atecordoba.org\/index.php?rest_route=\/wp\/v2\/users\/7"}],"replies":[{"embeddable":true,"href":"https:\/\/atecordoba.org\/index.php?rest_route=%2Fwp%2Fv2%2Fcomments&post=38026"}],"version-history":[{"count":4,"href":"https:\/\/atecordoba.org\/index.php?rest_route=\/wp\/v2\/posts\/38026\/revisions"}],"predecessor-version":[{"id":38041,"href":"https:\/\/atecordoba.org\/index.php?rest_route=\/wp\/v2\/posts\/38026\/revisions\/38041"}],"wp:featuredmedia":[{"embeddable":true,"href":"https:\/\/atecordoba.org\/index.php?rest_route=\/wp\/v2\/media\/38028"}],"wp:attachment":[{"href":"https:\/\/atecordoba.org\/index.php?rest_route=%2Fwp%2Fv2%2Fmedia&parent=38026"}],"wp:term":[{"taxonomy":"category","embeddable":true,"href":"https:\/\/atecordoba.org\/index.php?rest_route=%2Fwp%2Fv2%2Fcategories&post=38026"},{"taxonomy":"post_tag","embeddable":true,"href":"https:\/\/atecordoba.org\/index.php?rest_route=%2Fwp%2Fv2%2Ftags&post=38026"}],"curies":[{"name":"wp","href":"https:\/\/api.w.org\/{rel}","templated":true}]}}