{"id":3802,"date":"2014-02-10T13:02:52","date_gmt":"2014-02-10T16:02:52","guid":{"rendered":"http:\/\/www.atecordoba.org\/?p=3802"},"modified":"2014-02-10T13:02:52","modified_gmt":"2014-02-10T16:02:52","slug":"villa-maria-denuncia-presiones-de-la-campora-contra-ate-en-la-fabrica-de-polvora","status":"publish","type":"post","link":"https:\/\/atecordoba.org\/?p=3802","title":{"rendered":"Villa Mar\u00eda: denuncia presiones de La C\u00e1mpora contra ATE en la f\u00e1brica de p\u00f3lvora"},"content":{"rendered":"<p>En una conferencia de prensa, el secretario General de la seccional Villa Mar\u00eda Walter Secondino, denunci\u00f3 que \u201cnunca antes\u201d vivieron la situaci\u00f3n de tensi\u00f3n que sufren actualmente en el polvor\u00edn. Asegur\u00f3 que con amenazas por un lado y con promesas por el otro, est\u00e1n coaccionando a los trabajadores para que se afilien a UPCN.<\/p>\n<p>(Fuente: El Diario de Villa Mar\u00eda)<\/p>\n<figure id=\"attachment_3803\" aria-describedby=\"caption-attachment-3803\" style=\"width: 600px\" class=\"wp-caption aligncenter\"><a href=\"http:\/\/www.atecordoba.org\/wp-content\/uploads\/2014\/02\/denuncia-secondino-contra-la-campora.jpg\"><img loading=\"lazy\" decoding=\"async\" class=\"size-full wp-image-3803\" alt=\"denuncia secondino contra la campora\" src=\"http:\/\/www.atecordoba.org\/wp-content\/uploads\/2014\/02\/denuncia-secondino-contra-la-campora.jpg\" width=\"600\" height=\"402\" \/><\/a><figcaption id=\"caption-attachment-3803\" class=\"wp-caption-text\">Walter Secondino y Fernando Mercado (secretario Gremial) denunciaron las acciones contra ATE \u201cfogoneadas\u201d por una parte de la direcci\u00f3n de la F\u00e1brica<\/figcaption><\/figure>\n<div>\n<div>Lo que muchas veces se dice por lo bajo, fue expresado el s\u00e1bado pasado en rueda de prensa por Walter Secondino y Fernando Mercado, secretario general y gremial de la Delegaci\u00f3n Villa Mar\u00eda de la Asociaci\u00f3n de Trabajadores del Estado (ATE), al asegurar que existe un ataque directo contra el gremio, programado desde una organizaci\u00f3n pol\u00edtica (La C\u00e1mpora), cuyos referentes est\u00e1n al frente de la Intervenci\u00f3n de Fabricaciones Militares.<\/div>\n<div>Todo empez\u00f3 a manifestarse tras la \u00faltima incorporaci\u00f3n de trabajadores. De los 350 aspirantes, hab\u00eda cupo para 13. Pero luego de los ex\u00e1menes, ingresaron 30. \u201cDespu\u00e9s nos dimos cuenta de la intenci\u00f3n que hab\u00eda al aumentar el cupo\u201d, afirmaron.<\/div>\n<div>En ese sentido, informaron que d\u00eda tras d\u00eda un grupo de esos ingresantes presiona a los trabajadores para que se afilien a otro sindicato que representa a estatales: Uni\u00f3n de Personal Civil de la Naci\u00f3n (UPCN).<\/div>\n<div>\u201cNo s\u00f3lo que les prometen que van a pasar a planta permanente si se afilian, sino que, en concordancia con otros organismos del Estado, usando los <a href=\"http:\/\/www.atecordoba.org\/wp-content\/uploads\/2014\/02\/frente-fabrica-villa-maria.jpg\"><img loading=\"lazy\" decoding=\"async\" class=\" wp-image-3804 alignright\" alt=\"frente fabrica villa maria\" src=\"http:\/\/www.atecordoba.org\/wp-content\/uploads\/2014\/02\/frente-fabrica-villa-maria.jpg\" width=\"360\" height=\"238\" \/><\/a>recursos de todos, otorgan cr\u00e9ditos del Banco Naci\u00f3n en 48 horas y les prometen jubilaciones y pensiones para la familia\u201d, dijo Secondino, en clara alusi\u00f3n no s\u00f3lo a la entidad crediticia estatal, sino tambi\u00e9n a la ANSES.<\/div>\n<div>El dirigente aclar\u00f3 que ellos no est\u00e1n en contra de la coexistencia de otro sindicato en un mismo \u00e1mbito de trabajo. \u201cLo que pasa, es que en lugar de discutir ideas, ganar afiliados con trabajo, est\u00e1n haciendo una campa\u00f1a sucia contra nosotros y prometiendo cosas con los recursos de todos. Es discriminatorio que a un trabajador con la antig\u00fcedad y el ingreso suficiente, afiliado a ATE, le nieguen un cr\u00e9dito del Naci\u00f3n cuando se lo dan sin cumplir todos los requisitos a otro trabajador, s\u00f3lo porque est\u00e1 afiliado a otro gremio\u201d, agreg\u00f3.<\/div>\n<div>Ante ese panorama, los dirigentes advirtieron que hoy se reunir\u00e1n con el interventor de Fabricaciones Militares y que, en caso de no ser escuchados, no dudar\u00e1n en ejercer \u201cacciones gremiales\u201d contra esos organismos estatales que avalan las presiones que reciben.<\/div>\n<div><\/div>\n<div><strong>Las razones<\/strong><\/div>\n<div><\/div>\n<div>\u201cY s\u00ed, hay que decirlo, es La C\u00e1mpora\u201d, admiti\u00f3 Mercado despu\u00e9s de insistentes preguntas de los periodistas que asistieron a la rueda de prensa.<\/div>\n<div>Si bien remarcaron en todo momento que a ellos no s\u00f3lo no les molesta la actividad partidaria sino que la alientan, no dejaron de ocultar la preocupaci\u00f3n por los m\u00e9todos que utilizan, los que incluyen volanteadas, pintadas en paredes y difusi\u00f3n de actas adulteradas para desprestigiar a la dirigencia de ATE, adem\u00e1s del \u201creparto\u201d de beneficios del Estado a los que se afilian a otro sindicato.<\/div>\n<div>La alusi\u00f3n al grupo pol\u00edtico que lidera M\u00e1ximo Kirchner, el hijo de la presidenta de la Naci\u00f3n, no es casual dado que Santiago Rodr\u00edguez, actual interventor de Fabricaciones Militares, es integrante de esa agrupaci\u00f3n pol\u00edtica.<\/div>\n<div>Por otra parte, la direcci\u00f3n de la F\u00e1brica Militar de Villa Mar\u00eda est\u00e1 integrada por un ingeniero que lleva a\u00f1os trabajando en el polvor\u00edn, Miguel Toselli y por Tamara Gerde, quien vino desde Buenos Aires antes de asumir como vicedirectora, designada por el interventor.<\/div>\n<div>\u201cNo dudamos que esto est\u00e1 alentado por una parte de la direcci\u00f3n\u201d, dijeron los gremialistas.<\/div>\n<div><\/div>\n<div><strong>Ven\u00edan bien pero&#8230;<\/strong><\/div>\n<div><\/div>\n<div>Secondino y Mercado quisieron dejar sentado que ven\u00edan trabajando bien con la Intervenci\u00f3n de Fabricaciones Militares, con permanentes mesas de negociaciones en las que lograron avances en las condiciones laborales.<\/div>\n<div>Destacaron que 2013 fue el a\u00f1o en que lograron que las cifras no remunerativas pasen a integrar el salario y el reclamado descongelamiento de vacantes, que permitir\u00e1 ascender de categor\u00eda a trabajadores con antig\u00fcedad y lograr el pase a planta de contratados, quienes podr\u00e1n ocupar las vacantes que dejan los ascendidos.<\/div>\n<div>\u201cPor eso estamos muy preocupados por esta tensi\u00f3n que se genera con las presiones de este grupo, dado que provoca que haya un mal clima de trabajo\u201d, dijeron. \u201cY hay que recordar que nosotros trabajamos con material peligroso, por lo que trabajar as\u00ed, presionado, genera graves riesgos\u201d, concluyeron.<\/div>\n<p>&nbsp;<\/p>\n<\/div>\n<p>&nbsp;<\/p>\n","protected":false},"excerpt":{"rendered":"<p>En una conferencia de prensa, el secretario General de la seccional Villa Mar\u00eda Walter Secondino, denunci\u00f3 que \u201cnunca antes\u201d vivieron la situaci\u00f3n de tensi\u00f3n que sufren actualmente en el polvor\u00edn. Asegur\u00f3 que con amenazas por un lado y con promesas por el otro, est\u00e1n coaccionando a los trabajadores para que se afilien a UPCN. (Fuente: [&hellip;]<\/p>\n","protected":false},"author":1,"featured_media":19220,"comment_status":"open","ping_status":"open","sticky":false,"template":"","format":"standard","meta":{"_exactmetrics_skip_tracking":false,"_exactmetrics_sitenote_active":false,"_exactmetrics_sitenote_note":"","_exactmetrics_sitenote_category":0,"jnews-multi-image_gallery":[],"jnews_single_post":[],"jnews_primary_category":[],"jnews_social_meta":[],"jnews_review":[],"enable_review":"","type":"","name":"","summary":"","brand":"","sku":"","good":[],"bad":[],"score_override":"","override_value":"","rating":[],"price":[],"jnews_override_counter":[],"jnews_post_split":[],"footnotes":""},"categories":[18,34,14],"tags":[],"class_list":["post-3802","post","type-post","status-publish","format-standard","has-post-thumbnail","hentry","category-nacionales","category-seccionales","category-villa-maria"],"jetpack_featured_media_url":"https:\/\/atecordoba.org\/wp-content\/uploads\/2020\/05\/logo-nuevochico-e1561581322808.png","_links":{"self":[{"href":"https:\/\/atecordoba.org\/index.php?rest_route=\/wp\/v2\/posts\/3802","targetHints":{"allow":["GET"]}}],"collection":[{"href":"https:\/\/atecordoba.org\/index.php?rest_route=\/wp\/v2\/posts"}],"about":[{"href":"https:\/\/atecordoba.org\/index.php?rest_route=\/wp\/v2\/types\/post"}],"author":[{"embeddable":true,"href":"https:\/\/atecordoba.org\/index.php?rest_route=\/wp\/v2\/users\/1"}],"replies":[{"embeddable":true,"href":"https:\/\/atecordoba.org\/index.php?rest_route=%2Fwp%2Fv2%2Fcomments&post=3802"}],"version-history":[{"count":0,"href":"https:\/\/atecordoba.org\/index.php?rest_route=\/wp\/v2\/posts\/3802\/revisions"}],"wp:featuredmedia":[{"embeddable":true,"href":"https:\/\/atecordoba.org\/index.php?rest_route=\/wp\/v2\/media\/19220"}],"wp:attachment":[{"href":"https:\/\/atecordoba.org\/index.php?rest_route=%2Fwp%2Fv2%2Fmedia&parent=3802"}],"wp:term":[{"taxonomy":"category","embeddable":true,"href":"https:\/\/atecordoba.org\/index.php?rest_route=%2Fwp%2Fv2%2Fcategories&post=3802"},{"taxonomy":"post_tag","embeddable":true,"href":"https:\/\/atecordoba.org\/index.php?rest_route=%2Fwp%2Fv2%2Ftags&post=3802"}],"curies":[{"name":"wp","href":"https:\/\/api.w.org\/{rel}","templated":true}]}}