{"id":37982,"date":"2023-07-27T19:46:25","date_gmt":"2023-07-27T22:46:25","guid":{"rendered":"https:\/\/atecordoba.org\/?p=37982"},"modified":"2023-07-28T11:25:13","modified_gmt":"2023-07-28T14:25:13","slug":"ate-cordoba-convoca-a-paro-por-el-despido-de-dos-trabajadores-en-dioxitek","status":"publish","type":"post","link":"https:\/\/atecordoba.org\/?p=37982","title":{"rendered":"ATE C\u00f3rdoba convoca a Paro por el despido de dos trabajadores en Dioxitek"},"content":{"rendered":"\n<figure class=\"wp-block-image size-large\"><img loading=\"lazy\" decoding=\"async\" width=\"1024\" height=\"461\" src=\"https:\/\/atecordoba.org\/wp-content\/uploads\/2023\/07\/IMG-20230727-WA0106-1024x461.jpg\" alt=\"\" class=\"wp-image-37983\" srcset=\"https:\/\/atecordoba.org\/wp-content\/uploads\/2023\/07\/IMG-20230727-WA0106-1024x461.jpg 1024w, https:\/\/atecordoba.org\/wp-content\/uploads\/2023\/07\/IMG-20230727-WA0106-300x135.jpg 300w, https:\/\/atecordoba.org\/wp-content\/uploads\/2023\/07\/IMG-20230727-WA0106-768x346.jpg 768w, https:\/\/atecordoba.org\/wp-content\/uploads\/2023\/07\/IMG-20230727-WA0106-1536x691.jpg 1536w, https:\/\/atecordoba.org\/wp-content\/uploads\/2023\/07\/IMG-20230727-WA0106-750x338.jpg 750w, https:\/\/atecordoba.org\/wp-content\/uploads\/2023\/07\/IMG-20230727-WA0106-1140x513.jpg 1140w, https:\/\/atecordoba.org\/wp-content\/uploads\/2023\/07\/IMG-20230727-WA0106.jpg 1600w\" sizes=\"auto, (max-width: 1024px) 100vw, 1024px\" \/><\/figure>\n\n\n\n<p>El Consejo Directivo Provincial de ATE C\u00f3rdoba realiz\u00f3 en el d\u00eda de hoy una asamblea en Dioxitek para tratar, entre varios temas, el despido injusto y arbitrario de dos trabajadores de la F\u00e1brica, que no han sido notificados fehacientemente sino que se les neg\u00f3 el ingreso a su lugar de trabajo.<\/p>\n\n\n\n<p>Con presencia del Secretario General Federico Giuliani, se resolvi\u00f3 paro por 24 horas para este viernes 28 de julio. Giuliani remarc\u00f3 qu\u00e9: &#8220;Javier Giordano, con 15 a\u00f1os de antig\u00fcedad, planta permanente, sin sumario ni causa, est\u00e1 por ser pap\u00e1. Y Franco Rojas, despedido por el Macrismo en FADEA y ahora de Di\u00f3xitek, con un a\u00f1o de antig\u00fcedad y un contrato a plazo fijo que vence a mediados de agosto. No deben ser la variable de ajuste en una coyuntura nacional compleja en la que la derecha avanza y busca ser gobierno. Al contrario, hoy el Estado debe estar fortalecido para liberar la naci\u00f3n y, en ese sentido, es posible lograrlo con f\u00e1bricas que funcionen con capital estatal al 100%&#8221;.<\/p>\n\n\n\n<p>Giuliani advirti\u00f3 que la medida del viernes &#8220;ser\u00e1 solo el comienzo de un plan de lucha que ir\u00e1 creciendo porque las y los trabajadores no volveremos a ser la variable de ajuste de ning\u00fan proyecto pol\u00edtico entrante o saliente&#8221;.<\/p>\n\n\n\n<p>ATE intim\u00f3 a la empresa para que en 24 horas responda cual es la situaci\u00f3n laboral de los trabajadores y en asamblea se defini\u00f3 este paro para que se revea la situaci\u00f3n, la empresa reflexione y Rojas y Giordano recuperen su fuente laboral.<\/p>\n","protected":false},"excerpt":{"rendered":"<p>El Consejo Directivo Provincial de ATE C\u00f3rdoba realiz\u00f3 en el d\u00eda de hoy una asamblea en Dioxitek para tratar, entre varios temas, el despido injusto y arbitrario de dos trabajadores de la F\u00e1brica, que no han sido notificados fehacientemente sino que se les neg\u00f3 el ingreso a su lugar de trabajo. Con presencia del Secretario [&hellip;]<\/p>\n","protected":false},"author":6,"featured_media":37983,"comment_status":"open","ping_status":"open","sticky":false,"template":"","format":"standard","meta":{"_exactmetrics_skip_tracking":false,"_exactmetrics_sitenote_active":false,"_exactmetrics_sitenote_note":"","_exactmetrics_sitenote_category":0,"jnews-multi-image_gallery":[],"jnews_single_post":{"subtitle":"En una Asamblea que cont\u00f3 con la presencia del Secretario General de ATE C\u00f3rdoba, Federico Giuliani, el gremio intim\u00f3 a la empresa a que en 24 horas d\u00e9 marcha atr\u00e1s con la medida, de lo contrario el cese de actividades del viernes \"ser\u00e1 solo el comienzo de un plan de lucha que ir\u00e1 creciendo porque las y los trabajadores no volveremos a ser la variable de ajuste de ning\u00fan proyecto pol\u00edtico entrante o saliente\", advirti\u00f3 Giuliani.","format":"standard","video":"","gallery":"","source_name":"","source_url":"","via_name":"","via_url":"","override_template":"0","override":[{"template":"1","single_blog_custom":"","parallax":"1","fullscreen":"1","layout":"no-sidebar-narrow","sidebar":"default-sidebar","second_sidebar":"default-sidebar","sticky_sidebar":"1","share_position":"bottom","share_float_style":"share-monocrhome","show_share_counter":"1","show_view_counter":"1","show_featured":"0","show_post_meta":"1","show_post_author":"0","show_post_author_image":"1","show_post_date":"1","post_date_format":"default","post_date_format_custom":"Y\/m\/d","show_post_category":"1","show_post_reading_time":"0","post_reading_time_wpm":"300","show_zoom_button":"0","zoom_button_out_step":"2","zoom_button_in_step":"3","show_post_tag":"1","show_prev_next_post":"0","show_popup_post":"0","number_popup_post":"1","show_author_box":"0","show_post_related":"1","show_inline_post_related":"0"}],"override_image_size":"0","image_override":[{"single_post_thumbnail_size":"crop-500","single_post_gallery_size":"crop-500"}],"trending_post":"0","trending_post_position":"meta","trending_post_label":"Trending","sponsored_post":"0","sponsored_post_label":"Sponsored by","sponsored_post_name":"","sponsored_post_url":"","sponsored_post_logo_enable":"0","sponsored_post_logo":"","sponsored_post_desc":"","disable_ad":"0"},"jnews_primary_category":{"id":"","hide":""},"jnews_social_meta":{"fb_title":"","fb_description":"","fb_image":"","twitter_title":"","twitter_description":"","twitter_image":""},"jnews_review":[],"enable_review":"0","type":"percentage","name":"","summary":"","brand":"","sku":"","good":[{"good_text":""}],"bad":[{"bad_text":""}],"score_override":"","override_value":"","rating":[{"rating_text":"","rating_number":"10"}],"price":[{"shop":"","price":"","link":"","icon":""},{"shop":"","price":"","link":"","icon":""}],"jnews_override_counter":{"override_view_counter":"0","view_counter_number":"0","override_share_counter":"0","share_counter_number":"0","override_like_counter":"0","like_counter_number":"0","override_dislike_counter":"0","dislike_counter_number":"0"},"jnews_post_split":{"enable_post_split":"0","post_split":[{"template":"1","tag":"h2","numbering":"asc","mode":"normal","first":"0","enable_toc":"0","toc_type":"normal"}]},"footnotes":""},"categories":[18],"tags":[29],"class_list":["post-37982","post","type-post","status-publish","format-standard","has-post-thumbnail","hentry","category-nacionales","tag-nacionales-2"],"jetpack_featured_media_url":"https:\/\/atecordoba.org\/wp-content\/uploads\/2023\/07\/IMG-20230727-WA0106.jpg","_links":{"self":[{"href":"https:\/\/atecordoba.org\/index.php?rest_route=\/wp\/v2\/posts\/37982","targetHints":{"allow":["GET"]}}],"collection":[{"href":"https:\/\/atecordoba.org\/index.php?rest_route=\/wp\/v2\/posts"}],"about":[{"href":"https:\/\/atecordoba.org\/index.php?rest_route=\/wp\/v2\/types\/post"}],"author":[{"embeddable":true,"href":"https:\/\/atecordoba.org\/index.php?rest_route=\/wp\/v2\/users\/6"}],"replies":[{"embeddable":true,"href":"https:\/\/atecordoba.org\/index.php?rest_route=%2Fwp%2Fv2%2Fcomments&post=37982"}],"version-history":[{"count":2,"href":"https:\/\/atecordoba.org\/index.php?rest_route=\/wp\/v2\/posts\/37982\/revisions"}],"predecessor-version":[{"id":37989,"href":"https:\/\/atecordoba.org\/index.php?rest_route=\/wp\/v2\/posts\/37982\/revisions\/37989"}],"wp:featuredmedia":[{"embeddable":true,"href":"https:\/\/atecordoba.org\/index.php?rest_route=\/wp\/v2\/media\/37983"}],"wp:attachment":[{"href":"https:\/\/atecordoba.org\/index.php?rest_route=%2Fwp%2Fv2%2Fmedia&parent=37982"}],"wp:term":[{"taxonomy":"category","embeddable":true,"href":"https:\/\/atecordoba.org\/index.php?rest_route=%2Fwp%2Fv2%2Fcategories&post=37982"},{"taxonomy":"post_tag","embeddable":true,"href":"https:\/\/atecordoba.org\/index.php?rest_route=%2Fwp%2Fv2%2Ftags&post=37982"}],"curies":[{"name":"wp","href":"https:\/\/api.w.org\/{rel}","templated":true}]}}