{"id":3796,"date":"2014-01-17T13:53:58","date_gmt":"2014-01-17T16:53:58","guid":{"rendered":"http:\/\/www.atecordoba.org\/?p=3796"},"modified":"2014-01-17T13:53:58","modified_gmt":"2014-01-17T16:53:58","slug":"cinco-anos-sin-leopoldo-gonzalez","status":"publish","type":"post","link":"https:\/\/atecordoba.org\/?p=3796","title":{"rendered":"Cinco a\u00f1os sin Leopoldo Gonz\u00e1lez"},"content":{"rendered":"<p><em>El 15 de enero de 2009 falleci\u00f3 en la Capital Federal nuestro compa\u00f1ero Leopoldo Gonz\u00e1lez. Trabajador de Parques Nacionales, hombre fundamental para la formaci\u00f3n y la creaci\u00f3n de la CTA Neuqu\u00e9n, Secretario General de ATE Capital Federal y Secretario General Adjunto de la CTA Capital Federal desde el a\u00f1o 2003 hasta su desaparici\u00f3n f\u00edsica. Actualmente sus pares recuerdan a un militante, un constructor y un hombre que trabaj\u00f3 no solo por el movimiento obrero, sino tambi\u00e9n por un pa\u00eds m\u00e1s digno<\/em><\/p>\n<p><a href=\"http:\/\/www.atecordoba.org\/wp-content\/uploads\/2014\/01\/leopoldo-gonzalez-e1389977601332.jpg\"><img loading=\"lazy\" decoding=\"async\" class=\"aligncenter size-full wp-image-3797\" alt=\"leopoldo gonzalez\" src=\"http:\/\/www.atecordoba.org\/wp-content\/uploads\/2014\/01\/leopoldo-gonzalez-e1389977601332.jpg\" width=\"600\" height=\"451\" \/><\/a><\/p>\n<p>\u201cA Leopoldo hay que recordarlo como un compa\u00f1ero abierto\u201d, cont\u00f3 Jos\u00e9 Luis Matassa, Secretario General de ATE Capital, quien agreg\u00f3: \u201csu oficina estaba abierta para que cualquier afiliado pueda ir a charlar con \u00e9l. Fundamentalmente hay que recordar que, sin quitarle seriedad a los problemas, \u00e9l pon\u00eda una sonrisa frente a cualquier situaci\u00f3n de tensi\u00f3n o alguna problem\u00e1tica\u201d. Esta actitud humana es la primera que surge al hablar con cualquiera que haya compartido un espacio de trabajo con Leopoldo.<\/p>\n<p>\u201cLeo fue un aporte fundamental, un imprescindible dir\u00eda, en lo que fue la construcci\u00f3n de ATE y CTA\u201d, asegur\u00f3 Pablo Micheli, Secretario General de la CTA. Leopoldo Gonz\u00e1lez ingres\u00f3 a trabajar en el Instituto de Obras Sociales (IOS) y desde all\u00ed fue parte del grupo de compa\u00f1eros que en 1984 recuper\u00f3 ATE de manos de la burocracia sindical, integrando la m\u00edtica ANUSATE. En esa condici\u00f3n fue Prosecretario Gremial en la primera conducci\u00f3n de ATE Capital que lider\u00f3 el inolvidable Germ\u00e1n Abdala. Micheli lo record\u00f3 como \u201cuno de los cuadros mas importantes de la recuperaci\u00f3n de ATE, junto con Germ\u00e1n y con V\u00edctor De Gennaro. Fue un constructor nato de la CTA tambi\u00e9n, en Neuqu\u00e9n particularmente. En fin, ayud\u00f3 a construir ATE en varios lugares del pa\u00eds.\u201d<\/p>\n<p>A principios de los \u201990 Gonz\u00e1lez emigr\u00f3 a su Neuqu\u00e9n natal, donde junto a un importante grupo de compa\u00f1eros fund\u00f3 la Central de Trabajadores de la Argentina neuquina. De regreso a Buenos Aires, en 1999, result\u00f3 electo secretario Adjunto de ATE Capital secundando a Pablo Micheli. En lo personal, el actual Secretario General de la CTA lo record\u00f3 de la siguiente manera: \u201cempezamos a militar juntos en ATE desde que \u00e9ramos muy j\u00f3venes y siempre estuvimos juntos, en todo momento. Siempre trabajando en la causa de la lucha por los derechos de los compa\u00f1eros, de los trabajadores. La verdad fue una perdida tremenda, de un amigo del alma. \u201c<\/p>\n<p>En 2003 alcanz\u00f3 la Secretar\u00eda General de ATE Capital, cargo para el que fue reelecto en 2007. Leopoldo Gonz\u00e1lez, secretario General de ATE Capital y Adjunto de la CTA porte\u00f1a, falleci\u00f3 el 15 de enero de 2009, a los 52 a\u00f1os de edad. Su deceso provoc\u00f3 una profunda consternaci\u00f3n en los compa\u00f1eros de ATE, la CTA y el conjunto del movimiento popular. Con Leopoldo Gonz\u00e1lez se fue un gran militante y un cuadro.<\/p>\n<p>Si bien su muerte fue muy pronta, sin duda logr\u00f3 dejar un ejemplo y a la vez un importante legado, el cual Jos\u00e9 Luis Matassa describi\u00f3 de la siguiente manera: \u201cHay que recordarlo como uno de esos compa\u00f1eros que mas r\u00e1pido dio cuenta del cambio de una etapa, y en abrirle paso a la juventud en ATE. Esta ha sido una de sus cualidades, entender que hab\u00eda una transformaci\u00f3n en el sindicato. Hoy muchos de esos compa\u00f1eros, a los que \u00e9l ayudo a abrir el camino, asumieron la conducci\u00f3n en ATE Capital.\u201d<\/p>\n<p>Tres a\u00f1os atr\u00e1s, un 15 de enero, se fue un militante inclaudicable y un\u00a0 dirigente de trayectoria, pero a la vez nos qued\u00f3 un ejemplo de consecuencia y la memoria de un hombre que trabaj\u00f3 y aport\u00f3 a la lucha en favor de los intereses de los trabajadores y el pueblo.<\/p>\n<p>&nbsp;<\/p>\n","protected":false},"excerpt":{"rendered":"<p>El 15 de enero de 2009 falleci\u00f3 en la Capital Federal nuestro compa\u00f1ero Leopoldo Gonz\u00e1lez. Trabajador de Parques Nacionales, hombre fundamental para la formaci\u00f3n y la creaci\u00f3n de la CTA Neuqu\u00e9n, Secretario General de ATE Capital Federal y Secretario General Adjunto de la CTA Capital Federal desde el a\u00f1o 2003 hasta su desaparici\u00f3n f\u00edsica. Actualmente [&hellip;]<\/p>\n","protected":false},"author":1,"featured_media":19220,"comment_status":"open","ping_status":"open","sticky":false,"template":"","format":"standard","meta":{"_exactmetrics_skip_tracking":false,"_exactmetrics_sitenote_active":false,"_exactmetrics_sitenote_note":"","_exactmetrics_sitenote_category":0,"jnews-multi-image_gallery":[],"jnews_single_post":[],"jnews_primary_category":[],"jnews_social_meta":[],"jnews_review":[],"enable_review":"","type":"","name":"","summary":"","brand":"","sku":"","good":[],"bad":[],"score_override":"","override_value":"","rating":[],"price":[],"jnews_override_counter":[],"jnews_post_split":[],"footnotes":""},"categories":[18],"tags":[],"class_list":["post-3796","post","type-post","status-publish","format-standard","has-post-thumbnail","hentry","category-nacionales"],"jetpack_featured_media_url":"https:\/\/atecordoba.org\/wp-content\/uploads\/2020\/05\/logo-nuevochico-e1561581322808.png","_links":{"self":[{"href":"https:\/\/atecordoba.org\/index.php?rest_route=\/wp\/v2\/posts\/3796","targetHints":{"allow":["GET"]}}],"collection":[{"href":"https:\/\/atecordoba.org\/index.php?rest_route=\/wp\/v2\/posts"}],"about":[{"href":"https:\/\/atecordoba.org\/index.php?rest_route=\/wp\/v2\/types\/post"}],"author":[{"embeddable":true,"href":"https:\/\/atecordoba.org\/index.php?rest_route=\/wp\/v2\/users\/1"}],"replies":[{"embeddable":true,"href":"https:\/\/atecordoba.org\/index.php?rest_route=%2Fwp%2Fv2%2Fcomments&post=3796"}],"version-history":[{"count":0,"href":"https:\/\/atecordoba.org\/index.php?rest_route=\/wp\/v2\/posts\/3796\/revisions"}],"wp:featuredmedia":[{"embeddable":true,"href":"https:\/\/atecordoba.org\/index.php?rest_route=\/wp\/v2\/media\/19220"}],"wp:attachment":[{"href":"https:\/\/atecordoba.org\/index.php?rest_route=%2Fwp%2Fv2%2Fmedia&parent=3796"}],"wp:term":[{"taxonomy":"category","embeddable":true,"href":"https:\/\/atecordoba.org\/index.php?rest_route=%2Fwp%2Fv2%2Fcategories&post=3796"},{"taxonomy":"post_tag","embeddable":true,"href":"https:\/\/atecordoba.org\/index.php?rest_route=%2Fwp%2Fv2%2Ftags&post=3796"}],"curies":[{"name":"wp","href":"https:\/\/api.w.org\/{rel}","templated":true}]}}