{"id":37932,"date":"2023-07-26T14:29:47","date_gmt":"2023-07-26T17:29:47","guid":{"rendered":"https:\/\/atecordoba.org\/?p=37932"},"modified":"2023-07-26T14:30:21","modified_gmt":"2023-07-26T17:30:21","slug":"elecciones-la-verde-y-violeta-recorriendo-sectores-en-la-seccional-adelia-maria","status":"publish","type":"post","link":"https:\/\/atecordoba.org\/?p=37932","title":{"rendered":"Elecciones: la Verde y Violeta recorri\u00f3 hoy sectores municipales en la seccional Adelia Mar\u00eda"},"content":{"rendered":"<div class=\"wp-block-image\">\n<figure class=\"aligncenter size-large is-resized\"><img loading=\"lazy\" decoding=\"async\" src=\"https:\/\/atecordoba.org\/wp-content\/uploads\/2023\/07\/WhatsApp-Image-2023-07-26-at-13.27.29-1024x768.jpeg\" alt=\"\" class=\"wp-image-37933\" width=\"768\" height=\"576\" \/><\/figure>\n<\/div>\n\n\n<p>Con miras a las elecciones de renovaci\u00f3n de la conducci\u00f3n de ATE, esta ma\u00f1ana la candidata a secretaria General Adjunta de la lista Verde y Violeta de la Germ\u00e1n Abdala, Gabriela Alcoba, recorri\u00f3 sectores municipales en las localidad des Sampacho y Las Vertientes, junto al secretario general de ATE Adelia Mar\u00eda y candidato a renovar el cargo, Diego Villegas.<\/p>\n\n\n\n<p>Entusiasmados con la fraternal y afectuosa respuesta de las y los compa\u00f1eros municipales, Alcoba y Villegas celebraron el acompa\u00f1amiento expresado en ambas localidades para fortalecer la propuesta que a nivel provincial encabeza Federico Giuliani.<\/p>\n\n\n\n<p>&#8220;\u00a1Las y los compa\u00f1eros\/as sur siguen acompa\u00f1ando a quienes han defendido y defienden a las y los municipales!&#8221; dijo Alcoba.<\/p>\n","protected":false},"excerpt":{"rendered":"<p>Con miras a las elecciones de renovaci\u00f3n de la conducci\u00f3n de ATE, esta ma\u00f1ana la candidata a secretaria General Adjunta de la lista Verde y Violeta de la Germ\u00e1n Abdala, Gabriela Alcoba, recorri\u00f3 sectores municipales en las localidad des Sampacho y Las Vertientes, junto al secretario general de ATE Adelia Mar\u00eda y candidato a renovar [&hellip;]<\/p>\n","protected":false},"author":7,"featured_media":37934,"comment_status":"open","ping_status":"open","sticky":false,"template":"","format":"standard","meta":{"_exactmetrics_skip_tracking":false,"_exactmetrics_sitenote_active":false,"_exactmetrics_sitenote_note":"","_exactmetrics_sitenote_category":0,"jnews-multi-image_gallery":[],"jnews_single_post":{"subtitle":"Gabriela Alcoba, candidata a secretaria Adjunta del Consejo Directivo Provincial, y Diego Villegas, candidato a secretario General de la seccional Adelia Mar\u00eda, visitaron Las Vertientes y Sampacho.","format":"standard","video":"","gallery":"","source_name":"","source_url":"","via_name":"","via_url":"","override_template":"0","override":[{"template":"1","single_blog_custom":"","parallax":"1","fullscreen":"1","layout":"no-sidebar-narrow","sidebar":"default-sidebar","second_sidebar":"default-sidebar","sticky_sidebar":"1","share_position":"bottom","share_float_style":"share-monocrhome","show_share_counter":"1","show_view_counter":"1","show_featured":"0","show_post_meta":"1","show_post_author":"0","show_post_author_image":"1","show_post_date":"1","post_date_format":"default","post_date_format_custom":"Y\/m\/d","show_post_category":"1","show_post_reading_time":"0","post_reading_time_wpm":"300","show_zoom_button":"0","zoom_button_out_step":"2","zoom_button_in_step":"3","show_post_tag":"1","show_prev_next_post":"0","show_popup_post":"0","number_popup_post":"1","show_author_box":"0","show_post_related":"1","show_inline_post_related":"0"}],"override_image_size":"0","image_override":[{"single_post_thumbnail_size":"crop-500","single_post_gallery_size":"crop-500"}],"trending_post":"0","trending_post_position":"meta","trending_post_label":"Trending","sponsored_post":"0","sponsored_post_label":"Sponsored by","sponsored_post_name":"","sponsored_post_url":"","sponsored_post_logo_enable":"0","sponsored_post_logo":"","sponsored_post_desc":"","disable_ad":"0"},"jnews_primary_category":{"id":"","hide":""},"jnews_social_meta":{"fb_title":"","fb_description":"","fb_image":"","twitter_title":"","twitter_description":"","twitter_image":""},"jnews_review":[],"enable_review":"0","type":"percentage","name":"","summary":"","brand":"","sku":"","good":[{"good_text":""}],"bad":[{"bad_text":""}],"score_override":"","override_value":"","rating":[{"rating_text":"","rating_number":"10"}],"price":[{"shop":"","price":"","link":"","icon":""}],"jnews_override_counter":{"override_view_counter":"0","view_counter_number":"0","override_share_counter":"0","share_counter_number":"0","override_like_counter":"0","like_counter_number":"0","override_dislike_counter":"0","dislike_counter_number":"0"},"jnews_post_split":{"enable_post_split":"0","post_split":[{"template":"1","tag":"h2","numbering":"asc","mode":"normal","first":"0","enable_toc":"0","toc_type":"normal"}]},"footnotes":""},"categories":[20],"tags":[],"class_list":["post-37932","post","type-post","status-publish","format-standard","has-post-thumbnail","hentry","category-municipales"],"jetpack_featured_media_url":"https:\/\/atecordoba.org\/wp-content\/uploads\/2023\/07\/adelia-e1690392581601.jpeg","_links":{"self":[{"href":"https:\/\/atecordoba.org\/index.php?rest_route=\/wp\/v2\/posts\/37932","targetHints":{"allow":["GET"]}}],"collection":[{"href":"https:\/\/atecordoba.org\/index.php?rest_route=\/wp\/v2\/posts"}],"about":[{"href":"https:\/\/atecordoba.org\/index.php?rest_route=\/wp\/v2\/types\/post"}],"author":[{"embeddable":true,"href":"https:\/\/atecordoba.org\/index.php?rest_route=\/wp\/v2\/users\/7"}],"replies":[{"embeddable":true,"href":"https:\/\/atecordoba.org\/index.php?rest_route=%2Fwp%2Fv2%2Fcomments&post=37932"}],"version-history":[{"count":2,"href":"https:\/\/atecordoba.org\/index.php?rest_route=\/wp\/v2\/posts\/37932\/revisions"}],"predecessor-version":[{"id":37936,"href":"https:\/\/atecordoba.org\/index.php?rest_route=\/wp\/v2\/posts\/37932\/revisions\/37936"}],"wp:featuredmedia":[{"embeddable":true,"href":"https:\/\/atecordoba.org\/index.php?rest_route=\/wp\/v2\/media\/37934"}],"wp:attachment":[{"href":"https:\/\/atecordoba.org\/index.php?rest_route=%2Fwp%2Fv2%2Fmedia&parent=37932"}],"wp:term":[{"taxonomy":"category","embeddable":true,"href":"https:\/\/atecordoba.org\/index.php?rest_route=%2Fwp%2Fv2%2Fcategories&post=37932"},{"taxonomy":"post_tag","embeddable":true,"href":"https:\/\/atecordoba.org\/index.php?rest_route=%2Fwp%2Fv2%2Ftags&post=37932"}],"curies":[{"name":"wp","href":"https:\/\/api.w.org\/{rel}","templated":true}]}}