{"id":3790,"date":"2014-01-17T13:29:54","date_gmt":"2014-01-17T16:29:54","guid":{"rendered":"http:\/\/www.atecordoba.org\/?p=3790"},"modified":"2014-01-17T13:29:54","modified_gmt":"2014-01-17T16:29:54","slug":"indec-cambios-para-que-nada-cambie","status":"publish","type":"post","link":"https:\/\/atecordoba.org\/?p=3790","title":{"rendered":"INDEC: Cambios para que nada cambie"},"content":{"rendered":"<p><em>El mi\u00e9rcoles pasado como cada 15 de mes, los trabajadores del INDEC abrazaron el edificio del organismo en rechazo a la intervenci\u00f3n del gobierno nacional, las patotas y la persecuci\u00f3n gremial a trabajadores. El acto coincidi\u00f3 con la publicaci\u00f3n del \u00faltimo informe del organismo bajo la metodolog\u00eda que la junta interna de ATE viene denunciando. De todos modos, los trabajadores anticiparon que el nuevo modelo de medici\u00f3n orientado por el FMI es igual o peor.<\/em><\/p>\n<p><a href=\"http:\/\/www.atecordoba.org\/wp-content\/uploads\/2014\/01\/indec-15-de-enero-e1389976151815.jpg\"><img loading=\"lazy\" decoding=\"async\" class=\"aligncenter size-full wp-image-3791\" alt=\"indec 15 de enero\" src=\"http:\/\/www.atecordoba.org\/wp-content\/uploads\/2014\/01\/indec-15-de-enero-e1389976151815.jpg\" width=\"600\" height=\"532\" \/><\/a><\/p>\n<p>La actividad estuvo encabezada por Ra\u00fal Llaneza, delegado general de la junta ATE-INDEC, quien estuvo acompa\u00f1ado de otras juntas de ATE Capital Federal. Participaron tambi\u00e9n los dirigentes nacionales de ATE Hugo Godoy y Rub\u00e9n Garrido, los de Capital Federal Gustavo Moreno y Ram\u00f3n Far\u00edas, como as\u00ed tambi\u00e9n los responsables de la CTA Capital Carlos Chile y Julio Macera. No faltaron militantes y partidos de izquierda.<\/p>\n<p>Fabi\u00e1n Pe\u00f1alva, delegado general adjunto en el INDEC, plante\u00f3 que la salida de Guillermo Moreno de la Secretar\u00eda de Comercio no mejor\u00f3 la situaci\u00f3n dentro del organismo de estad\u00edsticas. Denunci\u00f3 que persisten los trabajadores precarizados y que la compa\u00f1era Marcela Almeida sigue sin cobrar desde hace diez meses.<\/p>\n<p>\u201cEl nuevo IPC continuar\u00e1 siendo incre\u00edble mientras siga la intervenci\u00f3n de Ana Edwin y Alejandro Itzcovich al frente del INDEC. Mientras le paguen a los bonistas 4 mil millones de d\u00f3lares, cuando nosotros somos, seg\u00fan ellos, los funcionales a los fondos buitre y el FMI\u201d, sentenci\u00f3 Pe\u00f1alva.<\/p>\n<p>A su turno, el Secretario Adjunto de ATE, Hugo Godoy, mencion\u00f3 la lucha que ATE persigue detr\u00e1s de la reincorporaci\u00f3n de Ernesto Belli, delegado general de la Direcci\u00f3n Nacional de Prestaciones Tur\u00edstica, echado por intentar organizar una junta interna en el sector de trabajo. Asimilando su pelea a la de los trabajadores del INDEC, sostuvo: \u201cNos llevar\u00e1 m\u00e1s o menos tiempo, pero estos siete a\u00f1os en los que venimos dando pelea contra la patota y la mentira, van a terminar en victoria\u201d.<\/p>\n<p>Godoy record\u00f3 despu\u00e9s el cumplea\u00f1os 89 de ATE, al destacar la dignidad de aquellos anarcosindicalistas fundadores, cuya lucha prosiguen hoy los hombres y mujeres del sindicato. Habl\u00f3 tambi\u00e9n de Leopoldo Gonz\u00e1lez, Secretario General de ATE Capital, quien falleci\u00f3 cinco a\u00f1os atr\u00e1s: \u201cLeopoldo estuvo desde el primer d\u00eda peleando aqu\u00ed. Era dif\u00edcil hacerlo por entonces, cuando el gobierno daba sus primeros pasos, cuando no todos entend\u00edan que la anomal\u00eda en el INDEC no era s\u00f3lo el despido de trabajadores. Hoy Leo est\u00e1 en la dignidad de todos nosotros, de todos ustedes\u201d.<\/p>\n","protected":false},"excerpt":{"rendered":"<p>El mi\u00e9rcoles pasado como cada 15 de mes, los trabajadores del INDEC abrazaron el edificio del organismo en rechazo a la intervenci\u00f3n del gobierno nacional, las patotas y la persecuci\u00f3n gremial a trabajadores. El acto coincidi\u00f3 con la publicaci\u00f3n del \u00faltimo informe del organismo bajo la metodolog\u00eda que la junta interna de ATE viene denunciando. [&hellip;]<\/p>\n","protected":false},"author":1,"featured_media":19220,"comment_status":"open","ping_status":"open","sticky":false,"template":"","format":"standard","meta":{"_exactmetrics_skip_tracking":false,"_exactmetrics_sitenote_active":false,"_exactmetrics_sitenote_note":"","_exactmetrics_sitenote_category":0,"jnews-multi-image_gallery":[],"jnews_single_post":[],"jnews_primary_category":[],"jnews_social_meta":[],"jnews_review":[],"enable_review":"","type":"","name":"","summary":"","brand":"","sku":"","good":[],"bad":[],"score_override":"","override_value":"","rating":[],"price":[],"jnews_override_counter":[],"jnews_post_split":[],"footnotes":""},"categories":[18],"tags":[],"class_list":["post-3790","post","type-post","status-publish","format-standard","has-post-thumbnail","hentry","category-nacionales"],"jetpack_featured_media_url":"https:\/\/atecordoba.org\/wp-content\/uploads\/2020\/05\/logo-nuevochico-e1561581322808.png","_links":{"self":[{"href":"https:\/\/atecordoba.org\/index.php?rest_route=\/wp\/v2\/posts\/3790","targetHints":{"allow":["GET"]}}],"collection":[{"href":"https:\/\/atecordoba.org\/index.php?rest_route=\/wp\/v2\/posts"}],"about":[{"href":"https:\/\/atecordoba.org\/index.php?rest_route=\/wp\/v2\/types\/post"}],"author":[{"embeddable":true,"href":"https:\/\/atecordoba.org\/index.php?rest_route=\/wp\/v2\/users\/1"}],"replies":[{"embeddable":true,"href":"https:\/\/atecordoba.org\/index.php?rest_route=%2Fwp%2Fv2%2Fcomments&post=3790"}],"version-history":[{"count":0,"href":"https:\/\/atecordoba.org\/index.php?rest_route=\/wp\/v2\/posts\/3790\/revisions"}],"wp:featuredmedia":[{"embeddable":true,"href":"https:\/\/atecordoba.org\/index.php?rest_route=\/wp\/v2\/media\/19220"}],"wp:attachment":[{"href":"https:\/\/atecordoba.org\/index.php?rest_route=%2Fwp%2Fv2%2Fmedia&parent=3790"}],"wp:term":[{"taxonomy":"category","embeddable":true,"href":"https:\/\/atecordoba.org\/index.php?rest_route=%2Fwp%2Fv2%2Fcategories&post=3790"},{"taxonomy":"post_tag","embeddable":true,"href":"https:\/\/atecordoba.org\/index.php?rest_route=%2Fwp%2Fv2%2Ftags&post=3790"}],"curies":[{"name":"wp","href":"https:\/\/api.w.org\/{rel}","templated":true}]}}