{"id":379,"date":"2010-03-10T17:43:00","date_gmt":"2010-03-10T20:43:00","guid":{"rendered":"http:\/\/www.atecordoba.org\/?p=379"},"modified":"2010-03-10T17:43:00","modified_gmt":"2010-03-10T20:43:00","slug":"respuesta-de-ate-al-gobierno-provincial","status":"publish","type":"post","link":"https:\/\/atecordoba.org\/?p=379","title":{"rendered":"Respuesta de ATE al gobierno provincial"},"content":{"rendered":"<p><strong>El CDP elabor\u00f3 seis ejes para analizar la crisis treminal de la caja de jubilaciones de la provincia. las responsabilidades de Schiaretti<\/strong><\/p>\n<div>\n<p>Ante el debate abierto respecto a la crisis cr\u00f3nica de la Caja de Jubilaciones de C\u00f3rdoba, ATE hace p\u00fablica su perspectiva sobre el problema que tiene en vilo a miles de jubilados provinciales, y que amenaza con pauperizar aun m\u00e1s que en la actualidad el ingreso de los trabajadores pasivos.<\/p>\n<p><img loading=\"lazy\" decoding=\"async\" class=\"aligncenter size-full wp-image-380\" title=\"IMG_2404-2-3019d\" src=\"http:\/\/www.atecordoba.org\/wp-content\/uploads\/2012\/06\/IMG_2404-2-3019d.jpg\" alt=\"\" width=\"440\" height=\"330\" \/>A nuestro criterio, el debate debe girar alrededor de los siguientes ejes:<\/p>\n<p>1)\u00a0 En la actualidad el gobierno provincial paga, en promedio, 35% del salario en negro (sin aportes previsionales, ni al Apross). Esto significa que en la masa salarial total, que el Estado deber\u00eda descontar a cada trabajador y aportar al sistema en t\u00e9rminos de contribuciones patronales, el gobierno se ahorra 520 millones al a\u00f1o, ahorro contable que incide de forma determinante en la desfinanciaci\u00f3n de la Caja de jubilaciones. Esta cifra surge del c\u00e1lculo entre la masa salarial reconocida para el 2010, de donde debe calcularse el 27% de aportes previsionales al 30% que los trabajadores cobran de forma irregular.<\/p>\n<p>2) En cuanto al d\u00e9ficit actual, calculado por el interventor Osvaldo Giordano en 1170 millones de pesos, el Estado nacional se comprometi\u00f3 por convenio a cubrir alrededor de 800 millones de pesos anuales. La diferencia, que debe ser aportada por el Estado provincial seg\u00fan el mismo convenio, es de 370 millones. Si el gobierno de Schiaretti blanqueara la totalidad de la masa salarial, la Caja deber\u00eda contar con los 520 que evita pagar actualmente. Por lo tanto, la Caja tendr\u00eda un excedente de 150 millones anuales.<\/p>\n<p>3) La intervenci\u00f3n permanente de la Caja de Jubilaciones, de todos los gobiernos democr\u00e1ticos (ni hablar del per\u00edodo dictatorial), a pesar que la Constituci\u00f3n provincial establece claramente que la conducci\u00f3n del organismo debe estar integrada por representantes de los aportantes al sistema, ha impedido que los trabajadores fiscalicemos, discutamos y conozcamos a ciencia cierta el real estado contable y administrativo de la Caja de Jubilaciones. Por lo tanto, es imprescindible la normalidad de la entidad. \u00a0 4) El gobierno de Jos\u00e9 Manuel De la Sota, junto a Juan Schiaretti, realiz\u00f3 25mil jubilaciones anticipadas de trabajadores que se encontraban en plena etapa de continuar aportando al sistema, trabajadores con la mayor capacitaci\u00f3n y experiencia de cada \u00e1rea del Estado provincial. La medida tuvo como objetivo pol\u00edtico beneficiar a contratados designados por el mismo gobierno, pas\u00e1ndolos a planta permanente, seg\u00fan promesas de campa\u00f1a preelectoral.<\/p>\n<p>5)\u00a0No hay constancia del destino del Fondo Complementario, recursos que derivan del 7% del aporte de los trabajadores que el proceso de armonizaci\u00f3n estableci\u00f3 que ser\u00edan depositados en una cuenta espacial. Hay denuncias judiciales al respecto que se tramitan en la Fiscal\u00eda Anticorrupci\u00f3n de la provincia. A la fecha se estiman en alrededor de 3000 millones de pesos esos fondos que el gobierno no rinde cuenta y que podr\u00edan haber cubierto los d\u00e9ficit de la Caja los a\u00f1o precedente, as\u00ed como en el futuro.<\/p>\n<p>6)\u00a0Los reg\u00edmenes especiales (policial y penitenciario) no deber\u00edan formar parte del mismo sistema que el resto de la administraci\u00f3n, en tanto cuentan con menos a\u00f1os de aportes y, por tanto, m\u00e1s a\u00f1os de cobro de jubilaci\u00f3n o pensi\u00f3n. Como en la inmensa mayor\u00eda de los pa\u00edses de mundo, estos reg\u00edmenes especiales deben contar tambi\u00e9n con financiaci\u00f3n espec\u00edfica por parte del Estado. Ante este estado de situaci\u00f3n, ATE exige que todo cambio del sistema se realice atendiendo lo planteado con anterioridad. Para ello es prioritario el fin de la intervenci\u00f3n y el blanqueo salarial. De esta forma la instituci\u00f3n cumplir\u00e1 con la normativa vigente y podr\u00e1 darle transparencia a su manejo econ\u00f3mico, financiero y contable.<\/p>\n<p>Al mismo tiempo, tanto la Comisi\u00f3n Provisoria de Jubilados como ATE exigen que el haber jubilatorio m\u00ednimo alcance los 1400 pesos, tanto para los nacionales como los provinciales, cifra m\u00ednima e indispensable para la subsistencia de los jubilados, sin resignar a su vez una demanda hist\u00f3rica del 82% m\u00f3vil sobre el salario bruto, restituci\u00f3n de la ley 8024 y derogaci\u00f3n de las leyes de emergencia previsional 9504 y 9722, por ser inconstitucionales.<\/p>\n<p>Por otro lado, vale se\u00f1alar que el proyecto de armonizaci\u00f3n con el sistema previsional del Estado nacional s\u00f3lo traer\u00e1 mayores penurias a los jubilados provinciales, toda vez que las condiciones en que se jubilan los compa\u00f1eros nacionales son peores a las que sufren sus pares de C\u00f3rdoba; estas condiciones fueron impugnadas por la Corte Suprema de Justicia de la Naci\u00f3n en sucesivas resoluciones, como el conocido fallo Badaro.<\/p>\n<\/div>\n","protected":false},"excerpt":{"rendered":"<p>El CDP elabor\u00f3 seis ejes para analizar la crisis treminal de la caja de jubilaciones de la provincia. las responsabilidades de Schiaretti Ante el debate abierto respecto a la crisis cr\u00f3nica de la Caja de Jubilaciones de C\u00f3rdoba, ATE hace p\u00fablica su perspectiva sobre el problema que tiene en vilo a miles de jubilados provinciales, [&hellip;]<\/p>\n","protected":false},"author":1,"featured_media":19220,"comment_status":"open","ping_status":"open","sticky":false,"template":"","format":"standard","meta":{"_exactmetrics_skip_tracking":false,"_exactmetrics_sitenote_active":false,"_exactmetrics_sitenote_note":"","_exactmetrics_sitenote_category":0,"jnews-multi-image_gallery":[],"jnews_single_post":[],"jnews_primary_category":[],"jnews_social_meta":[],"jnews_review":[],"enable_review":"","type":"","name":"","summary":"","brand":"","sku":"","good":[],"bad":[],"score_override":"","override_value":"","rating":[],"price":[],"jnews_override_counter":[],"jnews_post_split":[],"footnotes":""},"categories":[22],"tags":[23],"class_list":["post-379","post","type-post","status-publish","format-standard","has-post-thumbnail","hentry","category-jubilados","tag-jubilados-2"],"jetpack_featured_media_url":"https:\/\/atecordoba.org\/wp-content\/uploads\/2020\/05\/logo-nuevochico-e1561581322808.png","_links":{"self":[{"href":"https:\/\/atecordoba.org\/index.php?rest_route=\/wp\/v2\/posts\/379","targetHints":{"allow":["GET"]}}],"collection":[{"href":"https:\/\/atecordoba.org\/index.php?rest_route=\/wp\/v2\/posts"}],"about":[{"href":"https:\/\/atecordoba.org\/index.php?rest_route=\/wp\/v2\/types\/post"}],"author":[{"embeddable":true,"href":"https:\/\/atecordoba.org\/index.php?rest_route=\/wp\/v2\/users\/1"}],"replies":[{"embeddable":true,"href":"https:\/\/atecordoba.org\/index.php?rest_route=%2Fwp%2Fv2%2Fcomments&post=379"}],"version-history":[{"count":0,"href":"https:\/\/atecordoba.org\/index.php?rest_route=\/wp\/v2\/posts\/379\/revisions"}],"wp:featuredmedia":[{"embeddable":true,"href":"https:\/\/atecordoba.org\/index.php?rest_route=\/wp\/v2\/media\/19220"}],"wp:attachment":[{"href":"https:\/\/atecordoba.org\/index.php?rest_route=%2Fwp%2Fv2%2Fmedia&parent=379"}],"wp:term":[{"taxonomy":"category","embeddable":true,"href":"https:\/\/atecordoba.org\/index.php?rest_route=%2Fwp%2Fv2%2Fcategories&post=379"},{"taxonomy":"post_tag","embeddable":true,"href":"https:\/\/atecordoba.org\/index.php?rest_route=%2Fwp%2Fv2%2Ftags&post=379"}],"curies":[{"name":"wp","href":"https:\/\/api.w.org\/{rel}","templated":true}]}}