{"id":37883,"date":"2023-07-25T10:27:03","date_gmt":"2023-07-25T13:27:03","guid":{"rendered":"https:\/\/atecordoba.org\/?p=37883"},"modified":"2023-07-25T10:30:52","modified_gmt":"2023-07-25T13:30:52","slug":"villa-maria-la-verde-y-violeta-para-cambiar-el-9-de-agosto-lo-que-esta-mal","status":"publish","type":"post","link":"https:\/\/atecordoba.org\/?p=37883","title":{"rendered":"Villa Mar\u00eda: la Verde y Violeta para cambiar el 9 de agosto lo que est\u00e1 mal"},"content":{"rendered":"<div class=\"wp-block-image\">\n<figure class=\"alignleft size-full is-resized\"><img loading=\"lazy\" decoding=\"async\" src=\"https:\/\/atecordoba.org\/wp-content\/uploads\/2023\/07\/villamariavyvportada.jpg\" alt=\"\" class=\"wp-image-37886\" width=\"500\" height=\"350\" \/><\/figure>\n<\/div>\n\n\n<p>Por primera vez en 20 a\u00f1os habr\u00e1 disputa electoral con m\u00e1s de una lista en ATE Villa Mar\u00eda. La Lista Verde y Violeta se apresta a participar de la contienda electoral del sindicato prevista para el 9 de agosto pr\u00f3ximo con la f\u00f3rmula compuesta por Jonatan Cruze\u00f1o, trabajador de Fabricaciones Militares y Fabiana Pacheco del PAMI.<\/p>\n\n\n\n<p>Cruze\u00f1o es un operario de la planta de dinamitas de la F\u00e1brica Militar y ratifica esa vocaci\u00f3n de cambiar lo que est\u00e1 mal \u201cporque muchas veces nos quejamos de lo que est\u00e1 mal, pero otras tantas veces no le ponemos el cuerpo al problema. Queremos dejar de quejarnos y cambiar las cosas, ponerle el cuerpo, y aqu\u00ed estamos\u201d, indic\u00f3.<\/p>\n\n\n\n<p>\u201cHemos venido trabajando junto a un grupo de compa\u00f1eros y compa\u00f1eras para establecer cu\u00e1les son las prioridades. En el caso de los fabriqueros, es indispensable la finalizaci\u00f3n del Convenio Colectivo Sectorial de lo que es Fabricaciones Militares, que est\u00e1 muy demorado. Adem\u00e1s, el otro tema que preocupa es el pase a planta permanente, porque, hoy por hoy, m\u00e1s del 95% de los trabajadores de la F\u00e1brica son contratados. Esa precarizaci\u00f3n hace que, cada a\u00f1o que pasa, tenemos miedo de que te puedan dejar sin empleo\u201d, dijo, en alusi\u00f3n a la posibilidad de despidos.<\/p>\n\n\n\n<p>\u201cPero adem\u00e1s estamos recorriendo a pulm\u00f3n toda la zona y todas las \u00e1reas donde hay afiliados de ATE. Tenemos PAMI, tenemos ANSES, la Municipalidad de Villa Mar\u00eda, Villa Nueva, Bell Ville, Monte Le\u00f1a, Ballesteros. Tambi\u00e9n hay afiliados en el Hospital Neuropsiqui\u00e1trico de Oliva y en el de Bell Ville. Entonces, la idea es hacer un ATE amplio, plural, donde todos estemos representados\u201d, dijo.<\/p>\n\n\n\n<p>\u201cMuchos de estos compa\u00f1eros nos han transmitido que nadie de ATE Villa Mar\u00eda se llegaba a escuchar a los afiliados. Entendemos que est\u00e1n en juego dos modelos de conducci\u00f3n sindical. Creemos que nosotros necesitamos un modelo de conducci\u00f3n que est\u00e9 en la calle, no negociando con los patrones\u201d, plante\u00f3 Cruze\u00f1o que lleva en la Lista Verde y Violeta como candidata a Secretaria Adjunta a Fabiana Pacheco, trabajadora del PAMI.<\/p>\n","protected":false},"excerpt":{"rendered":"<p>Por primera vez en 20 a\u00f1os habr\u00e1 disputa electoral con m\u00e1s de una lista en ATE Villa Mar\u00eda. La Lista Verde y Violeta se apresta a participar de la contienda electoral del sindicato prevista para el 9 de agosto pr\u00f3ximo con la f\u00f3rmula compuesta por Jonatan Cruze\u00f1o, trabajador de Fabricaciones Militares y Fabiana Pacheco del [&hellip;]<\/p>\n","protected":false},"author":7,"featured_media":37886,"comment_status":"open","ping_status":"open","sticky":false,"template":"","format":"standard","meta":{"_exactmetrics_skip_tracking":false,"_exactmetrics_sitenote_active":false,"_exactmetrics_sitenote_note":"","_exactmetrics_sitenote_category":0,"jnews-multi-image_gallery":[],"jnews_single_post":{"subtitle":"\"Estamos recorriendo a pulm\u00f3n toda la zona y todas las \u00e1reas donde hay afiliados de ATE. Tenemos PAMI, tenemos ANSES, la Municipalidad de Villa Mar\u00eda, Villa Nueva, Bell Ville, Monte Le\u00f1a, Ballesteros. Tambi\u00e9n hay afiliados en el Hospital Neuropsiqui\u00e1trico de Oliva y en el de Bell Ville. Entonces, la idea es hacer un ATE amplio, plural, donde todos estemos representados\u201d, dijo Jonatan Cruzado, candidato a secretario General de ATE Villa Mar\u00eda y trabajador de FFMM.","format":"standard","video":"","gallery":"","source_name":"","source_url":"","via_name":"","via_url":"","override_template":"0","override":[{"template":"1","single_blog_custom":"","parallax":"1","fullscreen":"1","layout":"no-sidebar-narrow","sidebar":"default-sidebar","second_sidebar":"default-sidebar","sticky_sidebar":"1","share_position":"bottom","share_float_style":"share-monocrhome","show_share_counter":"1","show_view_counter":"1","show_featured":"0","show_post_meta":"1","show_post_author":"0","show_post_author_image":"1","show_post_date":"1","post_date_format":"default","post_date_format_custom":"Y\/m\/d","show_post_category":"1","show_post_reading_time":"0","post_reading_time_wpm":"300","show_zoom_button":"0","zoom_button_out_step":"2","zoom_button_in_step":"3","show_post_tag":"1","show_prev_next_post":"0","show_popup_post":"0","number_popup_post":"1","show_author_box":"0","show_post_related":"1","show_inline_post_related":"0"}],"override_image_size":"0","image_override":[{"single_post_thumbnail_size":"crop-500","single_post_gallery_size":"crop-500"}],"trending_post":"0","trending_post_position":"meta","trending_post_label":"Trending","sponsored_post":"0","sponsored_post_label":"Sponsored by","sponsored_post_name":"","sponsored_post_url":"","sponsored_post_logo_enable":"0","sponsored_post_logo":"","sponsored_post_desc":"","disable_ad":"0"},"jnews_primary_category":{"id":"","hide":""},"jnews_social_meta":{"fb_title":"","fb_description":"","fb_image":"","twitter_title":"","twitter_description":"","twitter_image":""},"jnews_review":[],"enable_review":"0","type":"percentage","name":"","summary":"","brand":"","sku":"","good":[{"good_text":""}],"bad":[{"bad_text":""}],"score_override":"","override_value":"","rating":[{"rating_text":"","rating_number":"10"}],"price":[{"shop":"","price":"","link":"","icon":""}],"jnews_override_counter":{"override_view_counter":"0","view_counter_number":"0","override_share_counter":"0","share_counter_number":"0","override_like_counter":"0","like_counter_number":"0","override_dislike_counter":"0","dislike_counter_number":"0"},"jnews_post_split":{"enable_post_split":"0","post_split":[{"template":"1","tag":"h2","numbering":"asc","mode":"normal","first":"0","enable_toc":"0","toc_type":"normal"}]},"footnotes":""},"categories":[14],"tags":[],"class_list":["post-37883","post","type-post","status-publish","format-standard","has-post-thumbnail","hentry","category-villa-maria"],"jetpack_featured_media_url":"https:\/\/atecordoba.org\/wp-content\/uploads\/2023\/07\/villamariavyvportada-e1690291848297.jpg","_links":{"self":[{"href":"https:\/\/atecordoba.org\/index.php?rest_route=\/wp\/v2\/posts\/37883","targetHints":{"allow":["GET"]}}],"collection":[{"href":"https:\/\/atecordoba.org\/index.php?rest_route=\/wp\/v2\/posts"}],"about":[{"href":"https:\/\/atecordoba.org\/index.php?rest_route=\/wp\/v2\/types\/post"}],"author":[{"embeddable":true,"href":"https:\/\/atecordoba.org\/index.php?rest_route=\/wp\/v2\/users\/7"}],"replies":[{"embeddable":true,"href":"https:\/\/atecordoba.org\/index.php?rest_route=%2Fwp%2Fv2%2Fcomments&post=37883"}],"version-history":[{"count":2,"href":"https:\/\/atecordoba.org\/index.php?rest_route=\/wp\/v2\/posts\/37883\/revisions"}],"predecessor-version":[{"id":37887,"href":"https:\/\/atecordoba.org\/index.php?rest_route=\/wp\/v2\/posts\/37883\/revisions\/37887"}],"wp:featuredmedia":[{"embeddable":true,"href":"https:\/\/atecordoba.org\/index.php?rest_route=\/wp\/v2\/media\/37886"}],"wp:attachment":[{"href":"https:\/\/atecordoba.org\/index.php?rest_route=%2Fwp%2Fv2%2Fmedia&parent=37883"}],"wp:term":[{"taxonomy":"category","embeddable":true,"href":"https:\/\/atecordoba.org\/index.php?rest_route=%2Fwp%2Fv2%2Fcategories&post=37883"},{"taxonomy":"post_tag","embeddable":true,"href":"https:\/\/atecordoba.org\/index.php?rest_route=%2Fwp%2Fv2%2Ftags&post=37883"}],"curies":[{"name":"wp","href":"https:\/\/api.w.org\/{rel}","templated":true}]}}