{"id":37873,"date":"2023-07-24T13:56:05","date_gmt":"2023-07-24T16:56:05","guid":{"rendered":"https:\/\/atecordoba.org\/?p=37873"},"modified":"2023-07-24T13:56:05","modified_gmt":"2023-07-24T16:56:05","slug":"mina-clavero-ate-en-estado-de-alerta-por-falta-de-pago-de-sueldo-de-junio-en-la-salud-municipal","status":"publish","type":"post","link":"https:\/\/atecordoba.org\/?p=37873","title":{"rendered":"Mina Clavero: ATE en estado de alerta por falta de pago de sueldo de junio en la salud municipal"},"content":{"rendered":"\n<p><\/p>\n\n\n<div class=\"wp-block-image\">\n<figure class=\"aligncenter size-large is-resized\"><img loading=\"lazy\" decoding=\"async\" src=\"https:\/\/atecordoba.org\/wp-content\/uploads\/2023\/07\/WhatsApp-Image-2023-07-24-at-13.54.35-921x1024.jpeg\" alt=\"\" class=\"wp-image-37874\" width=\"461\" height=\"512\" \/><\/figure>\n<\/div>\n\n\n<p>El consejo Directivo Provincial de ATE C\u00f3rdoba se declar\u00f3 estado de alerta en la ciudad de Mina Clavero debido a la falta de pago de los salarios de junio, que al d\u00eda de hoy no cobraron las y los trabajadores de la salud municipal.<\/p>\n\n\n\n<p>En tal sentido exigimos al intendente Claudio Manzanelli a que regularice el pago correspondiente y deje de jugar con las necesidades del personal y sus familias, que tanto se sacrifican por la salud de la comunidad.<\/p>\n\n\n\n<p>Es inaceptable que la Municipalidad no abone los salarios, que son sagrados para las y los trabajadores estatales.<\/p>\n","protected":false},"excerpt":{"rendered":"<p>El consejo Directivo Provincial de ATE C\u00f3rdoba se declar\u00f3 estado de alerta en la ciudad de Mina Clavero debido a la falta de pago de los salarios de junio, que al d\u00eda de hoy no cobraron las y los trabajadores de la salud municipal. En tal sentido exigimos al intendente Claudio Manzanelli a que regularice [&hellip;]<\/p>\n","protected":false},"author":7,"featured_media":37874,"comment_status":"open","ping_status":"open","sticky":false,"template":"","format":"standard","meta":{"_exactmetrics_skip_tracking":false,"_exactmetrics_sitenote_active":false,"_exactmetrics_sitenote_note":"","_exactmetrics_sitenote_category":0,"jnews-multi-image_gallery":[],"jnews_single_post":{"subtitle":"Exigimos al intendente Claudio Manzanelli a que regularice el pago correspondiente y deje de jugar con las necesidades del personal y sus familias, que tanto se sacrifican por la salud de la comunidad.","format":"standard","video":"","gallery":"","source_name":"","source_url":"","via_name":"","via_url":"","override_template":"0","override":[{"template":"1","single_blog_custom":"","parallax":"1","fullscreen":"1","layout":"no-sidebar-narrow","sidebar":"default-sidebar","second_sidebar":"default-sidebar","sticky_sidebar":"1","share_position":"bottom","share_float_style":"share-monocrhome","show_share_counter":"1","show_view_counter":"1","show_featured":"0","show_post_meta":"1","show_post_author":"0","show_post_author_image":"1","show_post_date":"1","post_date_format":"default","post_date_format_custom":"Y\/m\/d","show_post_category":"1","show_post_reading_time":"0","post_reading_time_wpm":"300","show_zoom_button":"0","zoom_button_out_step":"2","zoom_button_in_step":"3","show_post_tag":"1","show_prev_next_post":"0","show_popup_post":"0","number_popup_post":"1","show_author_box":"0","show_post_related":"1","show_inline_post_related":"0"}],"override_image_size":"0","image_override":[{"single_post_thumbnail_size":"crop-500","single_post_gallery_size":"crop-500"}],"trending_post":"0","trending_post_position":"meta","trending_post_label":"Trending","sponsored_post":"0","sponsored_post_label":"Sponsored by","sponsored_post_name":"","sponsored_post_url":"","sponsored_post_logo_enable":"0","sponsored_post_logo":"","sponsored_post_desc":"","disable_ad":"0"},"jnews_primary_category":{"id":"","hide":""},"jnews_social_meta":{"fb_title":"","fb_description":"","fb_image":"","twitter_title":"","twitter_description":"","twitter_image":""},"jnews_review":[],"enable_review":"0","type":"percentage","name":"","summary":"","brand":"","sku":"","good":[{"good_text":""}],"bad":[{"bad_text":""}],"score_override":"","override_value":"","rating":[{"rating_text":"","rating_number":"10"}],"price":[{"shop":"","price":"","link":"","icon":""}],"jnews_override_counter":{"override_view_counter":"0","view_counter_number":"0","override_share_counter":"0","share_counter_number":"0","override_like_counter":"0","like_counter_number":"0","override_dislike_counter":"0","dislike_counter_number":"0"},"jnews_post_split":{"enable_post_split":"0","post_split":[{"template":"1","tag":"h2","numbering":"asc","mode":"normal","first":"0","enable_toc":"0","toc_type":"normal"}]},"footnotes":""},"categories":[20],"tags":[],"class_list":["post-37873","post","type-post","status-publish","format-standard","has-post-thumbnail","hentry","category-municipales"],"jetpack_featured_media_url":"https:\/\/atecordoba.org\/wp-content\/uploads\/2023\/07\/WhatsApp-Image-2023-07-24-at-13.54.35-e1690217759769.jpeg","_links":{"self":[{"href":"https:\/\/atecordoba.org\/index.php?rest_route=\/wp\/v2\/posts\/37873","targetHints":{"allow":["GET"]}}],"collection":[{"href":"https:\/\/atecordoba.org\/index.php?rest_route=\/wp\/v2\/posts"}],"about":[{"href":"https:\/\/atecordoba.org\/index.php?rest_route=\/wp\/v2\/types\/post"}],"author":[{"embeddable":true,"href":"https:\/\/atecordoba.org\/index.php?rest_route=\/wp\/v2\/users\/7"}],"replies":[{"embeddable":true,"href":"https:\/\/atecordoba.org\/index.php?rest_route=%2Fwp%2Fv2%2Fcomments&post=37873"}],"version-history":[{"count":1,"href":"https:\/\/atecordoba.org\/index.php?rest_route=\/wp\/v2\/posts\/37873\/revisions"}],"predecessor-version":[{"id":37875,"href":"https:\/\/atecordoba.org\/index.php?rest_route=\/wp\/v2\/posts\/37873\/revisions\/37875"}],"wp:featuredmedia":[{"embeddable":true,"href":"https:\/\/atecordoba.org\/index.php?rest_route=\/wp\/v2\/media\/37874"}],"wp:attachment":[{"href":"https:\/\/atecordoba.org\/index.php?rest_route=%2Fwp%2Fv2%2Fmedia&parent=37873"}],"wp:term":[{"taxonomy":"category","embeddable":true,"href":"https:\/\/atecordoba.org\/index.php?rest_route=%2Fwp%2Fv2%2Fcategories&post=37873"},{"taxonomy":"post_tag","embeddable":true,"href":"https:\/\/atecordoba.org\/index.php?rest_route=%2Fwp%2Fv2%2Ftags&post=37873"}],"curies":[{"name":"wp","href":"https:\/\/api.w.org\/{rel}","templated":true}]}}