{"id":3786,"date":"2014-01-17T13:24:08","date_gmt":"2014-01-17T16:24:08","guid":{"rendered":"http:\/\/www.atecordoba.org\/?p=3786"},"modified":"2014-01-17T13:24:08","modified_gmt":"2014-01-17T16:24:08","slug":"chaco-el-paro-de-salud-alcanza-a-toda-la-provincia","status":"publish","type":"post","link":"https:\/\/atecordoba.org\/?p=3786","title":{"rendered":"Chaco: el paro de Salud alcanza a toda la provincia"},"content":{"rendered":"<p>Los trabajadores de Salud iniciaron ayer con alto acatamiento un paro de 48 horas en todos los hospitales p\u00fablicos de la provincia. La medida de fuerza es con asistencia a los lugares de trabajo en la zona metropolitana, pero s\u00f3lo con guardias m\u00ednimas en los nosocomios del interior.<\/p>\n<p><a href=\"http:\/\/www.atecordoba.org\/wp-content\/uploads\/2014\/01\/chaco_hospitales-e1389975802523.jpg\"><img loading=\"lazy\" decoding=\"async\" class=\"aligncenter size-full wp-image-3787\" alt=\"chaco_hospitales\" src=\"http:\/\/www.atecordoba.org\/wp-content\/uploads\/2014\/01\/chaco_hospitales-e1389975802523.jpg\" width=\"600\" height=\"406\" \/><\/a><\/p>\n<p>La protesta prosigue el plan de lucha que la semana pasada incluy\u00f3 una huelga de 96 horas en el pedi\u00e1trico Avelino Castel\u00e1n de Resistencia. Los compa\u00f1eros denuncian que el gobierno incumple el acuerdo firmado en octubre pasado sobre bonificaciones por insalubridad, el reconocimiento de t\u00edtulo profesional, pago autom\u00e1tico de antig\u00fcedad y de un salario no menor a los 6 mil pesos.<\/p>\n<p>Puntualmente, los bonos por insalubridad de 16 trabajadores est\u00e1n trabados en el Ejecutivo desde hace dos a\u00f1os. Desde ATE se\u00f1alaron adem\u00e1s que en la \u00faltima conciliaci\u00f3n obligatoria, se resolvi\u00f3 conformar una mesa de trabajo entre el ministerio de Salud y varios gremios, para estudiar el tema de las bonificaciones. Pero hasta el momento el ministerio no convoc\u00f3 a\u00a0 ninguna reuni\u00f3n.<\/p>\n<p>Como en varias localidades del pa\u00eds, la situaci\u00f3n de los hospitales p\u00fablicos es cr\u00edtica. En Chacho, advierten los trabajadores,\u00a0faltan remedios e insumos. No hay barbijos, analg\u00e9sico Diclofenac ni Enalapril. En el Hospital Perrando y el Avelino Castel\u00e1n, denuncian los delegados, se fabrican gorros de tela, algo totalmente prohibido por su potencial infeccioso.<\/p>\n<p>&nbsp;<\/p>\n<p>&nbsp;<\/p>\n<h3><strong>\u00a0<\/strong><\/h3>\n","protected":false},"excerpt":{"rendered":"<p>Los trabajadores de Salud iniciaron ayer con alto acatamiento un paro de 48 horas en todos los hospitales p\u00fablicos de la provincia. La medida de fuerza es con asistencia a los lugares de trabajo en la zona metropolitana, pero s\u00f3lo con guardias m\u00ednimas en los nosocomios del interior. La protesta prosigue el plan de lucha [&hellip;]<\/p>\n","protected":false},"author":1,"featured_media":19220,"comment_status":"open","ping_status":"open","sticky":false,"template":"","format":"standard","meta":{"_exactmetrics_skip_tracking":false,"_exactmetrics_sitenote_active":false,"_exactmetrics_sitenote_note":"","_exactmetrics_sitenote_category":0,"jnews-multi-image_gallery":[],"jnews_single_post":[],"jnews_primary_category":[],"jnews_social_meta":[],"jnews_review":[],"enable_review":"","type":"","name":"","summary":"","brand":"","sku":"","good":[],"bad":[],"score_override":"","override_value":"","rating":[],"price":[],"jnews_override_counter":[],"jnews_post_split":[],"footnotes":""},"categories":[7,18],"tags":[],"class_list":["post-3786","post","type-post","status-publish","format-standard","has-post-thumbnail","hentry","category-hospitales","category-nacionales"],"jetpack_featured_media_url":"https:\/\/atecordoba.org\/wp-content\/uploads\/2020\/05\/logo-nuevochico-e1561581322808.png","_links":{"self":[{"href":"https:\/\/atecordoba.org\/index.php?rest_route=\/wp\/v2\/posts\/3786","targetHints":{"allow":["GET"]}}],"collection":[{"href":"https:\/\/atecordoba.org\/index.php?rest_route=\/wp\/v2\/posts"}],"about":[{"href":"https:\/\/atecordoba.org\/index.php?rest_route=\/wp\/v2\/types\/post"}],"author":[{"embeddable":true,"href":"https:\/\/atecordoba.org\/index.php?rest_route=\/wp\/v2\/users\/1"}],"replies":[{"embeddable":true,"href":"https:\/\/atecordoba.org\/index.php?rest_route=%2Fwp%2Fv2%2Fcomments&post=3786"}],"version-history":[{"count":0,"href":"https:\/\/atecordoba.org\/index.php?rest_route=\/wp\/v2\/posts\/3786\/revisions"}],"wp:featuredmedia":[{"embeddable":true,"href":"https:\/\/atecordoba.org\/index.php?rest_route=\/wp\/v2\/media\/19220"}],"wp:attachment":[{"href":"https:\/\/atecordoba.org\/index.php?rest_route=%2Fwp%2Fv2%2Fmedia&parent=3786"}],"wp:term":[{"taxonomy":"category","embeddable":true,"href":"https:\/\/atecordoba.org\/index.php?rest_route=%2Fwp%2Fv2%2Fcategories&post=3786"},{"taxonomy":"post_tag","embeddable":true,"href":"https:\/\/atecordoba.org\/index.php?rest_route=%2Fwp%2Fv2%2Ftags&post=3786"}],"curies":[{"name":"wp","href":"https:\/\/api.w.org\/{rel}","templated":true}]}}