{"id":37853,"date":"2023-07-24T13:00:08","date_gmt":"2023-07-24T16:00:08","guid":{"rendered":"https:\/\/atecordoba.org\/?p=37853"},"modified":"2023-07-24T13:35:37","modified_gmt":"2023-07-24T16:35:37","slug":"rio-cuarto-la-verde-y-violeta-con-la-fuerza-de-los-que-no-se-resignan","status":"publish","type":"post","link":"https:\/\/atecordoba.org\/?p=37853","title":{"rendered":"R\u00edo Cuarto: la Verde y Violeta con la fuerza de los que no se resignan"},"content":{"rendered":"<div class=\"wp-block-image\">\n<figure class=\"aligncenter size-full\"><img loading=\"lazy\" decoding=\"async\" width=\"526\" height=\"526\" src=\"https:\/\/atecordoba.org\/wp-content\/uploads\/2023\/07\/359465957_756015803198894_818578054883708682_n-1.jpg\" alt=\"\" class=\"wp-image-37852\" srcset=\"https:\/\/atecordoba.org\/wp-content\/uploads\/2023\/07\/359465957_756015803198894_818578054883708682_n-1.jpg 526w, https:\/\/atecordoba.org\/wp-content\/uploads\/2023\/07\/359465957_756015803198894_818578054883708682_n-1-300x300.jpg 300w, https:\/\/atecordoba.org\/wp-content\/uploads\/2023\/07\/359465957_756015803198894_818578054883708682_n-1-150x150.jpg 150w, https:\/\/atecordoba.org\/wp-content\/uploads\/2023\/07\/359465957_756015803198894_818578054883708682_n-1-75x75.jpg 75w, https:\/\/atecordoba.org\/wp-content\/uploads\/2023\/07\/359465957_756015803198894_818578054883708682_n-1-350x350.jpg 350w\" sizes=\"auto, (max-width: 526px) 100vw, 526px\" \/><\/figure>\n<\/div>\n\n\n<p>Rafaela Alcoba se postula a repetir mandato como Secretaria General de la seccional R\u00edo Cuarto, acompa\u00f1ada por Rodrigo Olgu\u00edn como candidato a Secretario Adjunto en representaci\u00f3n de la Lista Verde y Violeta, la \u00fanica n\u00f3mina que participar\u00e1 en ATE R\u00edo Cuarto en las elecciones previstas para el pr\u00f3ximo 9 de agosto.<\/p>\n\n\n\n<p>Alcoba es trabajadora de la Municipalidad de R\u00edo Cuarto, en tanto que Olgu\u00edn se desempe\u00f1a en la Municipalidad de la localidad de Achiras. Por otra parte, Pablo Irusta es candidato a Secretario Gremial; Mauricio Macci\u00f3 a Secretario de Finanzas; Patricia Gotelli a Secretaria de Acci\u00f3n Social, Turismo y Cultura; Mat\u00edas Giuliani a Secretario de Salud y Seguridad Laboral: y Mara Pedernera, Secretaria de G\u00e9nero y Diversidad.<\/p>\n\n\n\n<figure class=\"wp-block-gallery has-nested-images columns-default is-cropped wp-block-gallery-1 is-layout-flex wp-block-gallery-is-layout-flex\">\n<figure class=\"wp-block-image size-large\"><img loading=\"lazy\" decoding=\"async\" width=\"300\" height=\"300\" data-id=\"37860\" src=\"https:\/\/atecordoba.org\/wp-content\/uploads\/2023\/07\/358625750_755260513274423_7509564525866794266_n-300x300-1.jpg\" alt=\"\" class=\"wp-image-37860\" srcset=\"https:\/\/atecordoba.org\/wp-content\/uploads\/2023\/07\/358625750_755260513274423_7509564525866794266_n-300x300-1.jpg 300w, https:\/\/atecordoba.org\/wp-content\/uploads\/2023\/07\/358625750_755260513274423_7509564525866794266_n-300x300-1-150x150.jpg 150w, https:\/\/atecordoba.org\/wp-content\/uploads\/2023\/07\/358625750_755260513274423_7509564525866794266_n-300x300-1-75x75.jpg 75w\" sizes=\"auto, (max-width: 300px) 100vw, 300px\" \/><\/figure>\n\n\n\n<figure class=\"wp-block-image size-large\"><img loading=\"lazy\" decoding=\"async\" width=\"300\" height=\"300\" data-id=\"37861\" src=\"https:\/\/atecordoba.org\/wp-content\/uploads\/2023\/07\/360088333_756012193199255_4011242829813401189_n-300x300-1.jpg\" alt=\"\" class=\"wp-image-37861\" srcset=\"https:\/\/atecordoba.org\/wp-content\/uploads\/2023\/07\/360088333_756012193199255_4011242829813401189_n-300x300-1.jpg 300w, https:\/\/atecordoba.org\/wp-content\/uploads\/2023\/07\/360088333_756012193199255_4011242829813401189_n-300x300-1-150x150.jpg 150w, https:\/\/atecordoba.org\/wp-content\/uploads\/2023\/07\/360088333_756012193199255_4011242829813401189_n-300x300-1-75x75.jpg 75w\" sizes=\"auto, (max-width: 300px) 100vw, 300px\" \/><\/figure>\n\n\n\n<figure class=\"wp-block-image size-large\"><img loading=\"lazy\" decoding=\"async\" width=\"300\" height=\"300\" data-id=\"37862\" src=\"https:\/\/atecordoba.org\/wp-content\/uploads\/2023\/07\/362214332_760153412785133_5458858543922775434_n-300x300-1.jpg\" alt=\"\" class=\"wp-image-37862\" srcset=\"https:\/\/atecordoba.org\/wp-content\/uploads\/2023\/07\/362214332_760153412785133_5458858543922775434_n-300x300-1.jpg 300w, https:\/\/atecordoba.org\/wp-content\/uploads\/2023\/07\/362214332_760153412785133_5458858543922775434_n-300x300-1-150x150.jpg 150w, https:\/\/atecordoba.org\/wp-content\/uploads\/2023\/07\/362214332_760153412785133_5458858543922775434_n-300x300-1-75x75.jpg 75w\" sizes=\"auto, (max-width: 300px) 100vw, 300px\" \/><\/figure>\n<\/figure>\n\n\n\n<p>\u201cPara esta ATE que hemos puesto de pie, las mujeres, juventudes y nuestros viejos, trabajadores estatales somos todos m\u00e1s all\u00e1 de nuestra situaci\u00f3n contractual. La Verde y Violeta, la de Germ\u00e1n, es la \u00fanica agrupaci\u00f3n que competir\u00e1 en todos los distritos con lista propia para seguir consolidando el ATE combativo en toda la provincia\u201d, se\u00f1al\u00f3 Rafaela Alcoba.<\/p>\n\n\n\n<p>Y agreg\u00f3: \u201cPlanteamos la Soberan\u00eda con Justicia Social y la necesidad de luchar por un Estado al servicio del pueblo. Con la fuerza de los que no se resignan, abriendo las compuertas a la participaci\u00f3n y el protagonismo de las trabajadoras y trabajadores municipales, provinciales y nacionales\u201d.<\/p>\n\n\n\n<figure class=\"wp-block-gallery has-nested-images columns-default is-cropped wp-block-gallery-2 is-layout-flex wp-block-gallery-is-layout-flex\">\n<figure class=\"wp-block-image size-large\"><img loading=\"lazy\" decoding=\"async\" width=\"300\" height=\"300\" data-id=\"37863\" src=\"https:\/\/atecordoba.org\/wp-content\/uploads\/2023\/07\/362250603_760058382794636_1899236225012655018_n-300x300-1.jpg\" alt=\"\" class=\"wp-image-37863\" srcset=\"https:\/\/atecordoba.org\/wp-content\/uploads\/2023\/07\/362250603_760058382794636_1899236225012655018_n-300x300-1.jpg 300w, https:\/\/atecordoba.org\/wp-content\/uploads\/2023\/07\/362250603_760058382794636_1899236225012655018_n-300x300-1-150x150.jpg 150w, https:\/\/atecordoba.org\/wp-content\/uploads\/2023\/07\/362250603_760058382794636_1899236225012655018_n-300x300-1-75x75.jpg 75w\" sizes=\"auto, (max-width: 300px) 100vw, 300px\" \/><\/figure>\n\n\n\n<figure class=\"wp-block-image size-large\"><img loading=\"lazy\" decoding=\"async\" width=\"300\" height=\"300\" data-id=\"37864\" src=\"https:\/\/atecordoba.org\/wp-content\/uploads\/2023\/07\/359839208_756013473199127_468380140393555224_n-300x300-1.jpg\" alt=\"\" class=\"wp-image-37864\" srcset=\"https:\/\/atecordoba.org\/wp-content\/uploads\/2023\/07\/359839208_756013473199127_468380140393555224_n-300x300-1.jpg 300w, https:\/\/atecordoba.org\/wp-content\/uploads\/2023\/07\/359839208_756013473199127_468380140393555224_n-300x300-1-150x150.jpg 150w, https:\/\/atecordoba.org\/wp-content\/uploads\/2023\/07\/359839208_756013473199127_468380140393555224_n-300x300-1-75x75.jpg 75w\" sizes=\"auto, (max-width: 300px) 100vw, 300px\" \/><\/figure>\n\n\n\n<figure class=\"wp-block-image size-large\"><img loading=\"lazy\" decoding=\"async\" width=\"300\" height=\"300\" data-id=\"37868\" src=\"https:\/\/atecordoba.org\/wp-content\/uploads\/2023\/07\/362233029_760933859373755_1163205702808602934_n-300x300-1.jpg\" alt=\"\" class=\"wp-image-37868\" srcset=\"https:\/\/atecordoba.org\/wp-content\/uploads\/2023\/07\/362233029_760933859373755_1163205702808602934_n-300x300-1.jpg 300w, https:\/\/atecordoba.org\/wp-content\/uploads\/2023\/07\/362233029_760933859373755_1163205702808602934_n-300x300-1-150x150.jpg 150w, https:\/\/atecordoba.org\/wp-content\/uploads\/2023\/07\/362233029_760933859373755_1163205702808602934_n-300x300-1-75x75.jpg 75w\" sizes=\"auto, (max-width: 300px) 100vw, 300px\" \/><\/figure>\n<\/figure>\n\n\n\n<p>\u201cEn estos comicios nos acompa\u00f1an Liliana Arias, como candidata a Presidenta del Centro de Jubilados y Pensionados, y N\u00e9stor \u2018Cacho\u2019 Form\u00eda como Vice Presidente para continuar con el crecimiento, las actividades, los talleres, el asesoramiento y el espacio de contenci\u00f3n para las y los jubilados, que construimos todos los d\u00edas\u201d, anunci\u00f3.<\/p>\n\n\n\n<p>\u201cSobran los motivos para pregonar la unidad de los que luchan, de los que no se entregan. En estos tiempos que corren es donde la unidad y el afecto se vuelven m\u00e1s fundamentales que nunca. ATE es mucho m\u00e1s que un sindicato\u201d, remarc\u00f3 Alcoba.<\/p>\n","protected":false},"excerpt":{"rendered":"<p>Rafaela Alcoba se postula a repetir mandato como Secretaria General de la seccional R\u00edo Cuarto, acompa\u00f1ada por Rodrigo Olgu\u00edn como candidato a Secretario Adjunto en representaci\u00f3n de la Lista Verde y Violeta, la \u00fanica n\u00f3mina que participar\u00e1 en ATE R\u00edo Cuarto en las elecciones previstas para el pr\u00f3ximo 9 de agosto. Alcoba es trabajadora de [&hellip;]<\/p>\n","protected":false},"author":7,"featured_media":37851,"comment_status":"open","ping_status":"open","sticky":false,"template":"","format":"standard","meta":{"_exactmetrics_skip_tracking":false,"_exactmetrics_sitenote_active":false,"_exactmetrics_sitenote_note":"","_exactmetrics_sitenote_category":0,"jnews-multi-image_gallery":[],"jnews_single_post":{"subtitle":"\u201cPara esta ATE que hemos puesto de pie, las mujeres, juventudes y nuestros viejos, trabajadores estatales somos todos m\u00e1s all\u00e1 de nuestra situaci\u00f3n contractual. La Verde y Violeta, la de Germ\u00e1n, es la \u00fanica agrupaci\u00f3n que competir\u00e1 en todos los distritos con lista propia para seguir consolidando el ATE combativo en toda la provincia\u201d, dijo la candidata a Secretaria General de la seccional, Rafaela Alcoba.","format":"standard","video":"","gallery":"","source_name":"","source_url":"","via_name":"","via_url":"","override_template":"0","override":[{"template":"1","single_blog_custom":"","parallax":"1","fullscreen":"1","layout":"no-sidebar-narrow","sidebar":"default-sidebar","second_sidebar":"default-sidebar","sticky_sidebar":"1","share_position":"bottom","share_float_style":"share-monocrhome","show_share_counter":"1","show_view_counter":"1","show_featured":"0","show_post_meta":"1","show_post_author":"0","show_post_author_image":"1","show_post_date":"1","post_date_format":"default","post_date_format_custom":"Y\/m\/d","show_post_category":"1","show_post_reading_time":"0","post_reading_time_wpm":"300","show_zoom_button":"0","zoom_button_out_step":"2","zoom_button_in_step":"3","show_post_tag":"1","show_prev_next_post":"0","show_popup_post":"0","number_popup_post":"1","show_author_box":"0","show_post_related":"1","show_inline_post_related":"0"}],"override_image_size":"0","image_override":[{"single_post_thumbnail_size":"crop-500","single_post_gallery_size":"crop-500"}],"trending_post":"0","trending_post_position":"meta","trending_post_label":"Trending","sponsored_post":"0","sponsored_post_label":"Sponsored by","sponsored_post_name":"","sponsored_post_url":"","sponsored_post_logo_enable":"0","sponsored_post_logo":"","sponsored_post_desc":"","disable_ad":"0"},"jnews_primary_category":{"id":"","hide":""},"jnews_social_meta":{"fb_title":"","fb_description":"","fb_image":"","twitter_title":"","twitter_description":"","twitter_image":""},"jnews_review":[],"enable_review":"0","type":"percentage","name":"","summary":"","brand":"","sku":"","good":[{"good_text":""}],"bad":[{"bad_text":""}],"score_override":"","override_value":"","rating":[{"rating_text":"","rating_number":"10"}],"price":[{"shop":"","price":"","link":"","icon":""}],"jnews_override_counter":{"override_view_counter":"0","view_counter_number":"0","override_share_counter":"0","share_counter_number":"0","override_like_counter":"0","like_counter_number":"0","override_dislike_counter":"0","dislike_counter_number":"0"},"jnews_post_split":{"enable_post_split":"0","post_split":[{"template":"1","tag":"h2","numbering":"asc","mode":"normal","first":"0","enable_toc":"0","toc_type":"normal"}]},"footnotes":""},"categories":[12],"tags":[],"class_list":["post-37853","post","type-post","status-publish","format-standard","has-post-thumbnail","hentry","category-rio-cuarto"],"jetpack_featured_media_url":"https:\/\/atecordoba.org\/wp-content\/uploads\/2023\/07\/359465957_756015803198894_818578054883708682_n-e1690216483241.jpg","_links":{"self":[{"href":"https:\/\/atecordoba.org\/index.php?rest_route=\/wp\/v2\/posts\/37853","targetHints":{"allow":["GET"]}}],"collection":[{"href":"https:\/\/atecordoba.org\/index.php?rest_route=\/wp\/v2\/posts"}],"about":[{"href":"https:\/\/atecordoba.org\/index.php?rest_route=\/wp\/v2\/types\/post"}],"author":[{"embeddable":true,"href":"https:\/\/atecordoba.org\/index.php?rest_route=\/wp\/v2\/users\/7"}],"replies":[{"embeddable":true,"href":"https:\/\/atecordoba.org\/index.php?rest_route=%2Fwp%2Fv2%2Fcomments&post=37853"}],"version-history":[{"count":5,"href":"https:\/\/atecordoba.org\/index.php?rest_route=\/wp\/v2\/posts\/37853\/revisions"}],"predecessor-version":[{"id":37871,"href":"https:\/\/atecordoba.org\/index.php?rest_route=\/wp\/v2\/posts\/37853\/revisions\/37871"}],"wp:featuredmedia":[{"embeddable":true,"href":"https:\/\/atecordoba.org\/index.php?rest_route=\/wp\/v2\/media\/37851"}],"wp:attachment":[{"href":"https:\/\/atecordoba.org\/index.php?rest_route=%2Fwp%2Fv2%2Fmedia&parent=37853"}],"wp:term":[{"taxonomy":"category","embeddable":true,"href":"https:\/\/atecordoba.org\/index.php?rest_route=%2Fwp%2Fv2%2Fcategories&post=37853"},{"taxonomy":"post_tag","embeddable":true,"href":"https:\/\/atecordoba.org\/index.php?rest_route=%2Fwp%2Fv2%2Ftags&post=37853"}],"curies":[{"name":"wp","href":"https:\/\/api.w.org\/{rel}","templated":true}]}}