{"id":37845,"date":"2023-07-21T16:13:28","date_gmt":"2023-07-21T19:13:28","guid":{"rendered":"https:\/\/atecordoba.org\/?p=37845"},"modified":"2023-07-24T12:44:41","modified_gmt":"2023-07-24T15:44:41","slug":"ate-ingresa-a-la-municipalidad-de-yacanto-y-continua-creciendo-en-el-interior-provincial","status":"publish","type":"post","link":"https:\/\/atecordoba.org\/?p=37845","title":{"rendered":"ATE entra a la Municipalidad de Yacanto y continua creciendo en el interior provincial"},"content":{"rendered":"<div class=\"wp-block-image\">\n<figure class=\"aligncenter size-full\"><img decoding=\"async\" src=\"https:\/\/atecordoba.org\/wp-content\/uploads\/2023\/07\/yacanto.png\" alt=\"\" class=\"wp-image-37846\" \/><\/figure>\n<\/div>\n\n\n<p>En horas del mediod\u00eda el secretario General de ATE C\u00f3rdoba, Federico Giuliani, mantuvo una reuni\u00f3n con el intendente de Yacanto, Oscar Musumeci, y logr\u00f3 obtener el reconocimiento institucional de la Municipalidad para ejercer la representaci\u00f3n de las y los trabajadores del sector.<\/p>\n\n\n\n<p>En la ocasi\u00f3n, Giuliani present\u00f3 76 fichas de afiliaci\u00f3n, acordando la aplicaci\u00f3n del c\u00f3digo de descuento correspondiente. <\/p>\n\n\n\n<p>En ese marco, ATE avanz\u00f3 simult\u00e1neamente en la conformaci\u00f3n de una Mesa Paritaria para comenzar a discutir salarios y estabilidad laboral en la localidad del Valle de Calamuchita.<\/p>\n\n\n\n<p>&#8220;Vamos caminando con la Verde Violeta&#8221;, celebr\u00f3 Giuliani al finalizar la reuni\u00f3n, que estuvo acompa\u00f1ado por el secretario General de la CTAA C\u00f3rdoba Capital, Jorge Chalup.<\/p>\n\n\n\n<p><\/p>\n","protected":false},"excerpt":{"rendered":"<p>En horas del mediod\u00eda el secretario General de ATE C\u00f3rdoba, Federico Giuliani, mantuvo una reuni\u00f3n con el intendente de Yacanto, Oscar Musumeci, y logr\u00f3 obtener el reconocimiento institucional de la Municipalidad para ejercer la representaci\u00f3n de las y los trabajadores del sector. En la ocasi\u00f3n, Giuliani present\u00f3 76 fichas de afiliaci\u00f3n, acordando la aplicaci\u00f3n del [&hellip;]<\/p>\n","protected":false},"author":7,"featured_media":37846,"comment_status":"open","ping_status":"open","sticky":false,"template":"","format":"standard","meta":{"_exactmetrics_skip_tracking":false,"_exactmetrics_sitenote_active":false,"_exactmetrics_sitenote_note":"","_exactmetrics_sitenote_category":0,"jnews-multi-image_gallery":[],"jnews_single_post":{"subtitle":"ATE avanz\u00f3 simult\u00e1neamente en la conformaci\u00f3n de una Mesa Paritaria para comenzar a discutir salarios y estabilidad laboral en la localidad del Valle de Calamuchita.","format":"standard","video":"","gallery":"","source_name":"","source_url":"","via_name":"","via_url":"","override_template":"0","override":[{"template":"1","single_blog_custom":"","parallax":"1","fullscreen":"1","layout":"no-sidebar-narrow","sidebar":"default-sidebar","second_sidebar":"default-sidebar","sticky_sidebar":"1","share_position":"bottom","share_float_style":"share-monocrhome","show_share_counter":"1","show_view_counter":"1","show_featured":"0","show_post_meta":"1","show_post_author":"0","show_post_author_image":"1","show_post_date":"1","post_date_format":"default","post_date_format_custom":"Y\/m\/d","show_post_category":"1","show_post_reading_time":"0","post_reading_time_wpm":"300","show_zoom_button":"0","zoom_button_out_step":"2","zoom_button_in_step":"3","show_post_tag":"1","show_prev_next_post":"0","show_popup_post":"0","number_popup_post":"1","show_author_box":"0","show_post_related":"1","show_inline_post_related":"0"}],"override_image_size":"0","image_override":[{"single_post_thumbnail_size":"crop-500","single_post_gallery_size":"crop-500"}],"trending_post":"0","trending_post_position":"meta","trending_post_label":"Trending","sponsored_post":"0","sponsored_post_label":"Sponsored by","sponsored_post_name":"","sponsored_post_url":"","sponsored_post_logo_enable":"0","sponsored_post_logo":"","sponsored_post_desc":"","disable_ad":"0"},"jnews_primary_category":{"id":"","hide":""},"jnews_social_meta":{"fb_title":"","fb_description":"","fb_image":"","twitter_title":"","twitter_description":"","twitter_image":""},"jnews_review":[],"enable_review":"0","type":"percentage","name":"","summary":"","brand":"","sku":"","good":[{"good_text":""}],"bad":[{"bad_text":""}],"score_override":"","override_value":"","rating":[{"rating_text":"","rating_number":"10"}],"price":[{"shop":"","price":"","link":"","icon":""}],"jnews_override_counter":{"override_view_counter":"0","view_counter_number":"0","override_share_counter":"0","share_counter_number":"0","override_like_counter":"0","like_counter_number":"0","override_dislike_counter":"0","dislike_counter_number":"0"},"jnews_post_split":{"enable_post_split":"0","post_split":[{"template":"1","tag":"h2","numbering":"asc","mode":"normal","first":"0","enable_toc":"0","toc_type":"normal"}]},"footnotes":""},"categories":[20],"tags":[],"class_list":["post-37845","post","type-post","status-publish","format-standard","has-post-thumbnail","hentry","category-municipales"],"jetpack_featured_media_url":"https:\/\/atecordoba.org\/wp-content\/uploads\/2023\/07\/yacanto-e1689966729565.png","_links":{"self":[{"href":"https:\/\/atecordoba.org\/index.php?rest_route=\/wp\/v2\/posts\/37845","targetHints":{"allow":["GET"]}}],"collection":[{"href":"https:\/\/atecordoba.org\/index.php?rest_route=\/wp\/v2\/posts"}],"about":[{"href":"https:\/\/atecordoba.org\/index.php?rest_route=\/wp\/v2\/types\/post"}],"author":[{"embeddable":true,"href":"https:\/\/atecordoba.org\/index.php?rest_route=\/wp\/v2\/users\/7"}],"replies":[{"embeddable":true,"href":"https:\/\/atecordoba.org\/index.php?rest_route=%2Fwp%2Fv2%2Fcomments&post=37845"}],"version-history":[{"count":2,"href":"https:\/\/atecordoba.org\/index.php?rest_route=\/wp\/v2\/posts\/37845\/revisions"}],"predecessor-version":[{"id":37849,"href":"https:\/\/atecordoba.org\/index.php?rest_route=\/wp\/v2\/posts\/37845\/revisions\/37849"}],"wp:featuredmedia":[{"embeddable":true,"href":"https:\/\/atecordoba.org\/index.php?rest_route=\/wp\/v2\/media\/37846"}],"wp:attachment":[{"href":"https:\/\/atecordoba.org\/index.php?rest_route=%2Fwp%2Fv2%2Fmedia&parent=37845"}],"wp:term":[{"taxonomy":"category","embeddable":true,"href":"https:\/\/atecordoba.org\/index.php?rest_route=%2Fwp%2Fv2%2Fcategories&post=37845"},{"taxonomy":"post_tag","embeddable":true,"href":"https:\/\/atecordoba.org\/index.php?rest_route=%2Fwp%2Fv2%2Ftags&post=37845"}],"curies":[{"name":"wp","href":"https:\/\/api.w.org\/{rel}","templated":true}]}}