{"id":37836,"date":"2023-07-21T15:11:29","date_gmt":"2023-07-21T18:11:29","guid":{"rendered":"https:\/\/atecordoba.org\/?p=37836"},"modified":"2023-07-21T16:19:05","modified_gmt":"2023-07-21T19:19:05","slug":"ate-suma-a-anisacate-y-amplia-la-representacion-de-los-municipales-en-el-valle-de-paravachasca","status":"publish","type":"post","link":"https:\/\/atecordoba.org\/?p=37836","title":{"rendered":"ATE ingresa a Anisacate y ampl\u00eda la representaci\u00f3n de los municipales en el Valle de Paravachasca"},"content":{"rendered":"<div class=\"wp-block-image\">\n<figure class=\"aligncenter size-large is-resized\"><img loading=\"lazy\" decoding=\"async\" src=\"https:\/\/atecordoba.org\/wp-content\/uploads\/2023\/07\/WhatsApp-Image-2023-07-21-at-13.09.50-2-1024x768.jpeg\" alt=\"\" class=\"wp-image-37840\" width=\"768\" height=\"576\" \/><\/figure>\n<\/div>\n\n\n<p>Hoy por la ma\u00f1ana se realiz\u00f3 la presentaci\u00f3n de 64 fichas de afiliaci\u00f3n de trabajadoras y trabajadores municipales a nuestra ATE en la localidad de Anisacate,  a escaso kil\u00f3metros de la ciudad e Alta Gracia.<\/p>\n\n\n\n<p>En la oportunidad, el secretario General de ATE C\u00f3rdoba, Federico Giuliani se reuni\u00f3 con compa\u00f1eros del sector para establecer la estrategia de crecimiento y representaci\u00f3n, planificando la pr\u00f3xima elecci\u00f3n del cuerpo de delegados.<\/p>\n\n\n\n<p>Adem\u00e1s, se espera que el Concejo Deliberante de Anisacate realice la modificaci\u00f3n del Estatuto municipal para incorporar a ATE como organizaci\u00f3n sindical con actuaci\u00f3n en la localidad. La medida del cuerpo colegiado se llevar\u00e1 adelante la semana que viene.<\/p>\n\n\n\n<p>De esta forma, ATE contin\u00faa ampliando el crecimiento organizativo entre los municipales del interior provincial, en este caso haciendo foco en el Valle de Paravachasca.<\/p>\n\n\n\n<p>Junto a Giuliani estuvo presente el secretario General de la CTAA C\u00f3rdoba Capital, Jorge Chalup, as\u00ed como el secretario de Formaci\u00f3n y director del Departamento de DDHH del Consejo Directivo Provincial, C\u00e9sar Theaux. <\/p>\n\n\n\n<figure class=\"wp-block-gallery has-nested-images columns-default is-cropped wp-block-gallery-1 is-layout-flex wp-block-gallery-is-layout-flex\">\n<figure class=\"wp-block-image size-large\"><a href=\"https:\/\/atecordoba.org\/wp-content\/uploads\/2023\/07\/WhatsApp-Image-2023-07-21-at-13.09.50-1.jpeg\" target=\"_blank\" rel=\"noopener\"><img loading=\"lazy\" decoding=\"async\" width=\"1024\" height=\"768\" data-id=\"37841\" src=\"https:\/\/atecordoba.org\/wp-content\/uploads\/2023\/07\/WhatsApp-Image-2023-07-21-at-13.09.50-1-1024x768.jpeg\" alt=\"\" class=\"wp-image-37841\" srcset=\"https:\/\/atecordoba.org\/wp-content\/uploads\/2023\/07\/WhatsApp-Image-2023-07-21-at-13.09.50-1-1024x768.jpeg 1024w, https:\/\/atecordoba.org\/wp-content\/uploads\/2023\/07\/WhatsApp-Image-2023-07-21-at-13.09.50-1-300x225.jpeg 300w, https:\/\/atecordoba.org\/wp-content\/uploads\/2023\/07\/WhatsApp-Image-2023-07-21-at-13.09.50-1-768x576.jpeg 768w, https:\/\/atecordoba.org\/wp-content\/uploads\/2023\/07\/WhatsApp-Image-2023-07-21-at-13.09.50-1-750x563.jpeg 750w, https:\/\/atecordoba.org\/wp-content\/uploads\/2023\/07\/WhatsApp-Image-2023-07-21-at-13.09.50-1.jpeg 1080w\" sizes=\"auto, (max-width: 1024px) 100vw, 1024px\" \/><\/a><\/figure>\n\n\n\n<figure class=\"wp-block-image size-large\"><a href=\"https:\/\/atecordoba.org\/wp-content\/uploads\/2023\/07\/WhatsApp-Image-2023-07-21-at-13.09.50-3.jpeg\" target=\"_blank\" rel=\"noopener\"><img loading=\"lazy\" decoding=\"async\" width=\"1024\" height=\"768\" data-id=\"37842\" src=\"https:\/\/atecordoba.org\/wp-content\/uploads\/2023\/07\/WhatsApp-Image-2023-07-21-at-13.09.50-3-1024x768.jpeg\" alt=\"\" class=\"wp-image-37842\" srcset=\"https:\/\/atecordoba.org\/wp-content\/uploads\/2023\/07\/WhatsApp-Image-2023-07-21-at-13.09.50-3-1024x768.jpeg 1024w, https:\/\/atecordoba.org\/wp-content\/uploads\/2023\/07\/WhatsApp-Image-2023-07-21-at-13.09.50-3-300x225.jpeg 300w, https:\/\/atecordoba.org\/wp-content\/uploads\/2023\/07\/WhatsApp-Image-2023-07-21-at-13.09.50-3-768x576.jpeg 768w, https:\/\/atecordoba.org\/wp-content\/uploads\/2023\/07\/WhatsApp-Image-2023-07-21-at-13.09.50-3-750x563.jpeg 750w, https:\/\/atecordoba.org\/wp-content\/uploads\/2023\/07\/WhatsApp-Image-2023-07-21-at-13.09.50-3.jpeg 1080w\" sizes=\"auto, (max-width: 1024px) 100vw, 1024px\" \/><\/a><\/figure>\n<\/figure>\n","protected":false},"excerpt":{"rendered":"<p>Hoy por la ma\u00f1ana se realiz\u00f3 la presentaci\u00f3n de 64 fichas de afiliaci\u00f3n de trabajadoras y trabajadores municipales a nuestra ATE en la localidad de Anisacate, a escaso kil\u00f3metros de la ciudad e Alta Gracia. En la oportunidad, el secretario General de ATE C\u00f3rdoba, Federico Giuliani se reuni\u00f3 con compa\u00f1eros del sector para establecer la [&hellip;]<\/p>\n","protected":false},"author":7,"featured_media":37840,"comment_status":"open","ping_status":"open","sticky":false,"template":"","format":"standard","meta":{"_exactmetrics_skip_tracking":false,"_exactmetrics_sitenote_active":false,"_exactmetrics_sitenote_note":"","_exactmetrics_sitenote_category":0,"jnews-multi-image_gallery":[],"jnews_single_post":{"subtitle":"Unos 64 compa\u00f1eros y compa\u00f1eras se afiliaron a ATE C\u00f3rdoba recientemente. Nuestro secretario General, Federico Giuliani, se traslad\u00f3 a la localidad para hacer entrega de las fichas de afiliaci\u00f3n y tomar contacto con las autoridades municipales.. ","format":"standard","video":"","gallery":"","source_name":"","source_url":"","via_name":"","via_url":"","override_template":"0","override":[{"template":"1","single_blog_custom":"","parallax":"1","fullscreen":"1","layout":"no-sidebar-narrow","sidebar":"default-sidebar","second_sidebar":"default-sidebar","sticky_sidebar":"1","share_position":"bottom","share_float_style":"share-monocrhome","show_share_counter":"1","show_view_counter":"1","show_featured":"0","show_post_meta":"1","show_post_author":"0","show_post_author_image":"1","show_post_date":"1","post_date_format":"default","post_date_format_custom":"Y\/m\/d","show_post_category":"1","show_post_reading_time":"0","post_reading_time_wpm":"300","show_zoom_button":"0","zoom_button_out_step":"2","zoom_button_in_step":"3","show_post_tag":"1","show_prev_next_post":"0","show_popup_post":"0","number_popup_post":"1","show_author_box":"0","show_post_related":"1","show_inline_post_related":"0"}],"override_image_size":"0","image_override":[{"single_post_thumbnail_size":"crop-500","single_post_gallery_size":"crop-500"}],"trending_post":"0","trending_post_position":"meta","trending_post_label":"Trending","sponsored_post":"0","sponsored_post_label":"Sponsored by","sponsored_post_name":"","sponsored_post_url":"","sponsored_post_logo_enable":"0","sponsored_post_logo":"","sponsored_post_desc":"","disable_ad":"0"},"jnews_primary_category":{"id":"","hide":""},"jnews_social_meta":{"fb_title":"","fb_description":"","fb_image":"","twitter_title":"","twitter_description":"","twitter_image":""},"jnews_review":[],"enable_review":"0","type":"percentage","name":"","summary":"","brand":"","sku":"","good":[{"good_text":""}],"bad":[{"bad_text":""}],"score_override":"","override_value":"","rating":[{"rating_text":"","rating_number":"10"}],"price":[{"shop":"","price":"","link":"","icon":""}],"jnews_override_counter":{"override_view_counter":"0","view_counter_number":"0","override_share_counter":"0","share_counter_number":"0","override_like_counter":"0","like_counter_number":"0","override_dislike_counter":"0","dislike_counter_number":"0"},"jnews_post_split":{"enable_post_split":"0","post_split":[{"template":"1","tag":"h2","numbering":"asc","mode":"normal","first":"0","enable_toc":"0","toc_type":"normal"}]},"footnotes":""},"categories":[20],"tags":[],"class_list":["post-37836","post","type-post","status-publish","format-standard","has-post-thumbnail","hentry","category-municipales"],"jetpack_featured_media_url":"https:\/\/atecordoba.org\/wp-content\/uploads\/2023\/07\/WhatsApp-Image-2023-07-21-at-13.09.50-2-e1689963080250.jpeg","_links":{"self":[{"href":"https:\/\/atecordoba.org\/index.php?rest_route=\/wp\/v2\/posts\/37836","targetHints":{"allow":["GET"]}}],"collection":[{"href":"https:\/\/atecordoba.org\/index.php?rest_route=\/wp\/v2\/posts"}],"about":[{"href":"https:\/\/atecordoba.org\/index.php?rest_route=\/wp\/v2\/types\/post"}],"author":[{"embeddable":true,"href":"https:\/\/atecordoba.org\/index.php?rest_route=\/wp\/v2\/users\/7"}],"replies":[{"embeddable":true,"href":"https:\/\/atecordoba.org\/index.php?rest_route=%2Fwp%2Fv2%2Fcomments&post=37836"}],"version-history":[{"count":3,"href":"https:\/\/atecordoba.org\/index.php?rest_route=\/wp\/v2\/posts\/37836\/revisions"}],"predecessor-version":[{"id":37848,"href":"https:\/\/atecordoba.org\/index.php?rest_route=\/wp\/v2\/posts\/37836\/revisions\/37848"}],"wp:featuredmedia":[{"embeddable":true,"href":"https:\/\/atecordoba.org\/index.php?rest_route=\/wp\/v2\/media\/37840"}],"wp:attachment":[{"href":"https:\/\/atecordoba.org\/index.php?rest_route=%2Fwp%2Fv2%2Fmedia&parent=37836"}],"wp:term":[{"taxonomy":"category","embeddable":true,"href":"https:\/\/atecordoba.org\/index.php?rest_route=%2Fwp%2Fv2%2Fcategories&post=37836"},{"taxonomy":"post_tag","embeddable":true,"href":"https:\/\/atecordoba.org\/index.php?rest_route=%2Fwp%2Fv2%2Ftags&post=37836"}],"curies":[{"name":"wp","href":"https:\/\/api.w.org\/{rel}","templated":true}]}}