{"id":37832,"date":"2023-07-21T13:22:46","date_gmt":"2023-07-21T16:22:46","guid":{"rendered":"https:\/\/atecordoba.org\/?p=37832"},"modified":"2023-07-21T14:09:12","modified_gmt":"2023-07-21T17:09:12","slug":"el-ministerio-de-trabajo-convoca-a-audiencia-por-los-despidos-en-cura-brochero","status":"publish","type":"post","link":"https:\/\/atecordoba.org\/?p=37832","title":{"rendered":"El Ministerio de Trabajo convoca a audiencia por los despidos en Cura Brochero"},"content":{"rendered":"<div class=\"wp-block-image\">\n<figure class=\"aligncenter size-large is-resized\"><img loading=\"lazy\" decoding=\"async\" src=\"https:\/\/atecordoba.org\/wp-content\/uploads\/2023\/07\/WhatsApp-Image-2023-07-07-at-13.22.35-1-1024x576.jpeg\" alt=\"\" class=\"wp-image-37658\" width=\"768\" height=\"432\" srcset=\"https:\/\/atecordoba.org\/wp-content\/uploads\/2023\/07\/WhatsApp-Image-2023-07-07-at-13.22.35-1-1024x576.jpeg 1024w, https:\/\/atecordoba.org\/wp-content\/uploads\/2023\/07\/WhatsApp-Image-2023-07-07-at-13.22.35-1-300x169.jpeg 300w, https:\/\/atecordoba.org\/wp-content\/uploads\/2023\/07\/WhatsApp-Image-2023-07-07-at-13.22.35-1-768x432.jpeg 768w, https:\/\/atecordoba.org\/wp-content\/uploads\/2023\/07\/WhatsApp-Image-2023-07-07-at-13.22.35-1-1536x864.jpeg 1536w, https:\/\/atecordoba.org\/wp-content\/uploads\/2023\/07\/WhatsApp-Image-2023-07-07-at-13.22.35-1-750x422.jpeg 750w, https:\/\/atecordoba.org\/wp-content\/uploads\/2023\/07\/WhatsApp-Image-2023-07-07-at-13.22.35-1-1140x641.jpeg 1140w, https:\/\/atecordoba.org\/wp-content\/uploads\/2023\/07\/WhatsApp-Image-2023-07-07-at-13.22.35-1.jpeg 1600w\" sizes=\"auto, (max-width: 768px) 100vw, 768px\" \/><\/figure>\n<\/div>\n\n\n<p>El pr\u00f3ximo martes 25 de julio se llevar\u00e1 a cabo una audiencia en el Ministerio de Trabajo de la Naci\u00f3n donde ATE y la Municipalidad de Cura Brochero deber\u00e1n fijar los pasos a seguir, para alcanzar la reincorporaci\u00f3n de <a href=\"https:\/\/atecordoba.org\/?p=37698\">las y los 29 municipales despedidos por el intendente Carlos Oviedo<\/a>, ligado al oficialismo provincial de Hacemos por C\u00f3rdoba.<\/p>\n\n\n\n<p>Tal como explic\u00f3 a un medio de comunicaci\u00f3n de Villa Dolores la secretaria de Prensa de ATE C\u00f3rdoba, Julia Giuliani, la notificaci\u00f3n de la cartela laboral abre otra posibilidad de di\u00e1logo con el Ejecutivo municipal, toda vez que el intendente dinamit\u00f3 <a href=\"https:\/\/atecordoba.org\/?p=37019\">la mesa de relaciones laborales que ATE Traslasierra <\/a>hab\u00eda acordado con Oviedo en mayo pasado, antes de las elecciones en la localidad.<\/p>\n\n\n<div class=\"wp-block-image\">\n<figure class=\"alignleft size-full is-resized\"><img loading=\"lazy\" decoding=\"async\" src=\"https:\/\/atecordoba.org\/wp-content\/uploads\/2023\/07\/julia-brochero.png\" alt=\"\" class=\"wp-image-37834\" width=\"474\" height=\"283\" srcset=\"https:\/\/atecordoba.org\/wp-content\/uploads\/2023\/07\/julia-brochero.png 948w, https:\/\/atecordoba.org\/wp-content\/uploads\/2023\/07\/julia-brochero-300x179.png 300w, https:\/\/atecordoba.org\/wp-content\/uploads\/2023\/07\/julia-brochero-768x458.png 768w, https:\/\/atecordoba.org\/wp-content\/uploads\/2023\/07\/julia-brochero-750x447.png 750w\" sizes=\"auto, (max-width: 474px) 100vw, 474px\" \/><\/figure>\n<\/div>\n\n\n<p>&#8220;Esperamos con mucho entusiasmo esa instancia para tratar de lograr que estas reincorporaciones sean un hecho. La respuesta que dio el Ejecutivo a cada compa\u00f1ero es \u2018no nos serv\u00eds m\u00e1s\u2019 o \u2018no nos cierran los n\u00fameros\u2019 y por eso terminan ajustando por lo m\u00e1s d\u00e9bil que son los trabajadores. \u00bfDiez a\u00f1os despu\u00e9s de tenerlo como empleado te diste cuenta que esa persona no te sirve? La mayor\u00eda tiene mucha antig\u00fcedad. Cu\u00e1nto podes llegar a ahorrar con personal que gana 50 mil pesos por mes. Es una excusa y est\u00e1 atravesada por una cuesti\u00f3n pol\u00edtico-partidaria donde ATE se mantiene al margen de esa discusi\u00f3n porque somos aut\u00f3nomos de los partidos y gobiernos. Pero esto claramente tiene un sesgo de persecuci\u00f3n, no es casual que los despidos se dan despu\u00e9s de las elecciones&#8221;, denunci\u00f3 Giuliani.<\/p>\n\n\n\n<p>La dirigente dijo que ATE es el gremio mayoritario que representa a las y los trabajadores de la Municipalidad. &#8220;De un d\u00eda para otro nos desayunamos con estos despidos, notificados de manera poco seria porque fue solo verbal, sin una comunicaci\u00f3n por escrito. Algunos de los despedidos son personas con discapacidad, tambi\u00e9n hay una delegada, o personas con carpeta m\u00e9dica, aduciendo que presentan muchos certificados pero no es el sindicato quien debe certificar si corresponde o no la carpeta m\u00e9dica sino el propio Ejecutivo&#8221;, explic\u00f3.<\/p>\n\n\n\n<p><strong>Plan de lucha<\/strong><\/p>\n\n\n<div class=\"wp-block-image\">\n<figure class=\"alignright size-large is-resized\"><img loading=\"lazy\" decoding=\"async\" src=\"https:\/\/atecordoba.org\/wp-content\/uploads\/2023\/07\/WhatsApp-Image-2023-07-07-at-13.22.45-1-1024x576.jpeg\" alt=\"\" class=\"wp-image-37644\" width=\"512\" height=\"288\" \/><\/figure>\n<\/div>\n\n\n<p>Desde que se supo de los despidos ATE comenz\u00f3 un plan de lucha que la dirigente describi\u00f3 como &#8220;de menor a mayor&#8221;, atravesando ahora una instancia conciliatoria despu\u00e9s de la marcha realizada hace dos semanas a las puertas del Municipio. &#8220;Ese d\u00eda de la marcha estuvimos reunidos con el secretario de Gobierno y el asesor letrado para empezar a hablar y ver caso por caso cu\u00e1les van a ser las reincorporaciones. El planteo de ATE es la reincorporaci\u00f3n de los 29 compa\u00f1eros y compa\u00f1eras, si bien solo ocho son afiliados de nuestro gremio, porque no es un mero slogan \u2018cuando tocan a uno, tocan a todos\u2019, eso se materializa en la acci\u00f3n que ATE lleva adelante&#8221;, agreg\u00f3.<\/p>\n\n\n\n<p>Y explic\u00f3 que &#8220;desde lo comunicacional estamos visibilizando y poniendo en agenda lo que est\u00e1 pasando en Traslasierra. Esta situaci\u00f3n no se limita a 29 despidos sino que son 29 familias en una localidad chica como Cura Brochero que se quedan sin el plato de comida&#8221;.<\/p>\n\n\n\n<p>&#8220;Desde lo gremial estamos interviniendo con movilizaciones, asambleas y volanteadas. Desde lo legal, ya iniciamos las acciones con el cuerpo letrado de ATE para que el \u00e1rea de personal responda fehacientemente por qu\u00e9 se realizaron los despidos, planteando un recurso de reconsideraci\u00f3n&#8221;, concluy\u00f3.<\/p>\n\n\n\n<p><\/p>\n","protected":false},"excerpt":{"rendered":"<p>El pr\u00f3ximo martes 25 de julio se llevar\u00e1 a cabo una audiencia en el Ministerio de Trabajo de la Naci\u00f3n donde ATE y la Municipalidad de Cura Brochero deber\u00e1n fijar los pasos a seguir, para alcanzar la reincorporaci\u00f3n de las y los 29 municipales despedidos por el intendente Carlos Oviedo, ligado al oficialismo provincial de [&hellip;]<\/p>\n","protected":false},"author":7,"featured_media":37644,"comment_status":"open","ping_status":"open","sticky":false,"template":"","format":"standard","meta":{"_exactmetrics_skip_tracking":false,"_exactmetrics_sitenote_active":false,"_exactmetrics_sitenote_note":"","_exactmetrics_sitenote_category":0,"jnews-multi-image_gallery":[],"jnews_single_post":{"subtitle":"\"Los despidos claramente tienen un sesgo de persecuci\u00f3n, no es casual que se dan despu\u00e9s de las elecciones\", denunci\u00f3 la secretaria de Prensa de ATE C\u00f3rdoba, Julia Giuliani en Traslasierra.","format":"standard","video":"","gallery":"","source_name":"","source_url":"","via_name":"","via_url":"","override_template":"0","override":[{"template":"1","single_blog_custom":"","parallax":"1","fullscreen":"1","layout":"no-sidebar-narrow","sidebar":"default-sidebar","second_sidebar":"default-sidebar","sticky_sidebar":"1","share_position":"bottom","share_float_style":"share-monocrhome","show_share_counter":"1","show_view_counter":"1","show_featured":"0","show_post_meta":"1","show_post_author":"0","show_post_author_image":"1","show_post_date":"1","post_date_format":"default","post_date_format_custom":"Y\/m\/d","show_post_category":"1","show_post_reading_time":"0","post_reading_time_wpm":"300","show_zoom_button":"0","zoom_button_out_step":"2","zoom_button_in_step":"3","show_post_tag":"1","show_prev_next_post":"0","show_popup_post":"0","number_popup_post":"1","show_author_box":"0","show_post_related":"1","show_inline_post_related":"0"}],"override_image_size":"0","image_override":[{"single_post_thumbnail_size":"crop-500","single_post_gallery_size":"crop-500"}],"trending_post":"0","trending_post_position":"meta","trending_post_label":"Trending","sponsored_post":"0","sponsored_post_label":"Sponsored by","sponsored_post_name":"","sponsored_post_url":"","sponsored_post_logo_enable":"0","sponsored_post_logo":"","sponsored_post_desc":"","disable_ad":"0"},"jnews_primary_category":{"id":"","hide":""},"jnews_social_meta":{"fb_title":"","fb_description":"","fb_image":"","twitter_title":"","twitter_description":"","twitter_image":""},"jnews_review":[],"enable_review":"0","type":"percentage","name":"","summary":"","brand":"","sku":"","good":[{"good_text":""}],"bad":[{"bad_text":""}],"score_override":"","override_value":"","rating":[{"rating_text":"","rating_number":"10"}],"price":[{"shop":"","price":"","link":"","icon":""}],"jnews_override_counter":{"override_view_counter":"0","view_counter_number":"0","override_share_counter":"0","share_counter_number":"0","override_like_counter":"0","like_counter_number":"0","override_dislike_counter":"0","dislike_counter_number":"0"},"jnews_post_split":{"enable_post_split":"0","post_split":[{"template":"1","tag":"h2","numbering":"asc","mode":"normal","first":"0","enable_toc":"0","toc_type":"normal"}]},"footnotes":""},"categories":[20],"tags":[],"class_list":["post-37832","post","type-post","status-publish","format-standard","has-post-thumbnail","hentry","category-municipales"],"jetpack_featured_media_url":"https:\/\/atecordoba.org\/wp-content\/uploads\/2023\/07\/WhatsApp-Image-2023-07-07-at-13.22.45-1-e1689956334718.jpeg","_links":{"self":[{"href":"https:\/\/atecordoba.org\/index.php?rest_route=\/wp\/v2\/posts\/37832","targetHints":{"allow":["GET"]}}],"collection":[{"href":"https:\/\/atecordoba.org\/index.php?rest_route=\/wp\/v2\/posts"}],"about":[{"href":"https:\/\/atecordoba.org\/index.php?rest_route=\/wp\/v2\/types\/post"}],"author":[{"embeddable":true,"href":"https:\/\/atecordoba.org\/index.php?rest_route=\/wp\/v2\/users\/7"}],"replies":[{"embeddable":true,"href":"https:\/\/atecordoba.org\/index.php?rest_route=%2Fwp%2Fv2%2Fcomments&post=37832"}],"version-history":[{"count":2,"href":"https:\/\/atecordoba.org\/index.php?rest_route=\/wp\/v2\/posts\/37832\/revisions"}],"predecessor-version":[{"id":37838,"href":"https:\/\/atecordoba.org\/index.php?rest_route=\/wp\/v2\/posts\/37832\/revisions\/37838"}],"wp:featuredmedia":[{"embeddable":true,"href":"https:\/\/atecordoba.org\/index.php?rest_route=\/wp\/v2\/media\/37644"}],"wp:attachment":[{"href":"https:\/\/atecordoba.org\/index.php?rest_route=%2Fwp%2Fv2%2Fmedia&parent=37832"}],"wp:term":[{"taxonomy":"category","embeddable":true,"href":"https:\/\/atecordoba.org\/index.php?rest_route=%2Fwp%2Fv2%2Fcategories&post=37832"},{"taxonomy":"post_tag","embeddable":true,"href":"https:\/\/atecordoba.org\/index.php?rest_route=%2Fwp%2Fv2%2Ftags&post=37832"}],"curies":[{"name":"wp","href":"https:\/\/api.w.org\/{rel}","templated":true}]}}