{"id":3783,"date":"2014-01-16T13:55:50","date_gmt":"2014-01-16T16:55:50","guid":{"rendered":"http:\/\/www.atecordoba.org\/?p=3783"},"modified":"2014-01-16T13:55:50","modified_gmt":"2014-01-16T16:55:50","slug":"hospitales-cuerpo-de-delegados-resolvio-continuar-el-cuarto-intermedio-en-el-conflicto","status":"publish","type":"post","link":"https:\/\/atecordoba.org\/?p=3783","title":{"rendered":"Hospitales: cuerpo de delegados resolvi\u00f3 continuar el cuarto intermedio en el conflicto"},"content":{"rendered":"<p><em>En un plenario realizado&nbsp;hoy&nbsp;por la&nbsp;ma\u00f1ana&nbsp;en la sede de nuestro gremio, el cuerpo de delegados de salud provincial de ATE resolvi\u00f3 mantener el cuarto intermedio en el plan de lucha de los hospitales hasta que el gobierno abra la mesa paritaria a principios de febrero.<\/em><\/p>\n<p style=\"text-align: center;\"><a href=\"http:\/\/www.atecordoba.org\/wp-content\/uploads\/2014\/01\/cuerpo-delegados-salud-9-1.png\"><img loading=\"lazy\" decoding=\"async\" alt=\"cuerpo delegados salud 9-1\" height=\"315\" src=\"http:\/\/www.atecordoba.org\/wp-content\/uploads\/2014\/01\/cuerpo-delegados-salud-9-1.png\" width=\"560\" class=\"aligncenter  wp-image-3766\"><\/a><\/p>\n<p>En la oportunidad estuvieron presentes compa\u00f1eros representantes de los hospitales: Tr\u00e1nsito C\u00e1ceres de Allende, C\u00f3rdoba, de Ni\u00f1os, Rawson, San Roque, Oncol\u00f3gico, Maternidad Provincial, Neonatal, Misericordia, IPAD, Neuropsiqui\u00e1trico, Casa del Joven, sumado a los delegados de los centros de salud de Villa&nbsp;Mar\u00eda, R\u00edo Tercero, San Francisco y Jes\u00fas&nbsp;Mar\u00eda.<\/p>\n<p>En ese marco, se mantendr\u00e1 el estado de alerta, con la modalidad que cada hospital decida de acuerdo a su metodolog\u00eda de trabajo.<\/p>\n<p>De esta forma se confirma, el gesto de apertura al di\u00e1logo acordado por nuestra secretaria General,&nbsp;Mar\u00eda Teresa Romero, con el ministro de Salud Francisco Fortuna en ocasi\u00f3n de realizarse una audiencia en el Complejo Pablo Pizzurno esta semana. Esta medida apunta tambi\u00e9n a manifestar a la comunidad la predisposici\u00f3n de los trabajadores a sostener en pie el servicio de salud p\u00fablica, a pesar de todas las dificultades que son de p\u00fablico conocimiento.<\/p>\n<p>Como transmiti\u00f3 ATE con anterioridad, el Ministerio acord\u00f3 incluir a nuestro gremio en las pr\u00f3ximas paritarias, a donde ATE va a reclamar por una recomposici\u00f3n real del salario para cubrir la canasta familiar en su categor\u00eda inicial, el pase a planta permanente de contratados y monotributos, la dotaci\u00f3n de planteles b\u00e1sicos suficientes para cubrir los servicios hospitalarios, insumos y medicamentos necesarios para atender a los pacientes, reparaci\u00f3n de toda la aparatolog\u00eda fuera de servicio, y la restauraci\u00f3n de las instalaciones e infraestructura de los distintos hospitales,&nbsp;as\u00ed&nbsp;como&nbsp;la finalizaci\u00f3n de la obra del nuevo Hospital Pasteur de Villa&nbsp;Mar\u00eda.<\/p>\n","protected":false},"excerpt":{"rendered":"<p>En un plenario realizado&nbsp;hoy&nbsp;por la&nbsp;ma\u00f1ana&nbsp;en la sede de nuestro gremio, el cuerpo de delegados de salud provincial de ATE resolvi\u00f3 mantener el cuarto intermedio en el plan de lucha de los hospitales hasta que el gobierno abra la mesa paritaria a principios de febrero. En la oportunidad estuvieron presentes compa\u00f1eros representantes de los hospitales: Tr\u00e1nsito [&hellip;]<\/p>\n","protected":false},"author":1,"featured_media":19220,"comment_status":"open","ping_status":"open","sticky":false,"template":"","format":"standard","meta":{"_exactmetrics_skip_tracking":false,"_exactmetrics_sitenote_active":false,"_exactmetrics_sitenote_note":"","_exactmetrics_sitenote_category":0,"jnews-multi-image_gallery":[],"jnews_single_post":[],"jnews_primary_category":[],"jnews_social_meta":[],"jnews_review":[],"enable_review":"","type":"","name":"","summary":"","brand":"","sku":"","good":[],"bad":[],"score_override":"","override_value":"","rating":[],"price":[],"jnews_override_counter":[],"jnews_post_split":[],"footnotes":""},"categories":[7,8],"tags":[],"class_list":["post-3783","post","type-post","status-publish","format-standard","has-post-thumbnail","hentry","category-hospitales","category-provinciales"],"jetpack_featured_media_url":"https:\/\/atecordoba.org\/wp-content\/uploads\/2020\/05\/logo-nuevochico-e1561581322808.png","_links":{"self":[{"href":"https:\/\/atecordoba.org\/index.php?rest_route=\/wp\/v2\/posts\/3783","targetHints":{"allow":["GET"]}}],"collection":[{"href":"https:\/\/atecordoba.org\/index.php?rest_route=\/wp\/v2\/posts"}],"about":[{"href":"https:\/\/atecordoba.org\/index.php?rest_route=\/wp\/v2\/types\/post"}],"author":[{"embeddable":true,"href":"https:\/\/atecordoba.org\/index.php?rest_route=\/wp\/v2\/users\/1"}],"replies":[{"embeddable":true,"href":"https:\/\/atecordoba.org\/index.php?rest_route=%2Fwp%2Fv2%2Fcomments&post=3783"}],"version-history":[{"count":0,"href":"https:\/\/atecordoba.org\/index.php?rest_route=\/wp\/v2\/posts\/3783\/revisions"}],"wp:featuredmedia":[{"embeddable":true,"href":"https:\/\/atecordoba.org\/index.php?rest_route=\/wp\/v2\/media\/19220"}],"wp:attachment":[{"href":"https:\/\/atecordoba.org\/index.php?rest_route=%2Fwp%2Fv2%2Fmedia&parent=3783"}],"wp:term":[{"taxonomy":"category","embeddable":true,"href":"https:\/\/atecordoba.org\/index.php?rest_route=%2Fwp%2Fv2%2Fcategories&post=3783"},{"taxonomy":"post_tag","embeddable":true,"href":"https:\/\/atecordoba.org\/index.php?rest_route=%2Fwp%2Fv2%2Ftags&post=3783"}],"curies":[{"name":"wp","href":"https:\/\/api.w.org\/{rel}","templated":true}]}}