{"id":37795,"date":"2023-07-19T12:06:10","date_gmt":"2023-07-19T15:06:10","guid":{"rendered":"https:\/\/atecordoba.org\/?p=37795"},"modified":"2023-07-19T12:06:11","modified_gmt":"2023-07-19T15:06:11","slug":"la-verde-y-violeta-de-san-justo-honestidad-y-compromiso","status":"publish","type":"post","link":"https:\/\/atecordoba.org\/?p=37795","title":{"rendered":"La Verde y Violeta de San Justo: Honestidad y compromiso"},"content":{"rendered":"<div class=\"wp-block-image\">\n<figure class=\"alignleft size-full\"><img decoding=\"async\" src=\"https:\/\/atecordoba.org\/wp-content\/uploads\/2023\/07\/flyer-san-justo.jpg\" alt=\"\" class=\"wp-image-37796\" \/><\/figure>\n<\/div>\n\n\n<p>La Lista Verde y Violeta se apresta a recuperar la Seccional San Justo de la Asociaci\u00f3n Trabajadores del Estado para \u201cponerla al servicio de los trabajadores municipales, provinciales y nacionales y rescatar los valores de autonom\u00eda, libertad y democracia sindical que hoy por hoy el oficialismo ha abandonado\u201d, sostuvo Gabriel Carreras, candidato a Secretario General, quien va acompa\u00f1ado en la f\u00f3rmula por Maggie Quiroga como Secretaria Adjunta.<\/p>\n\n\n\n<p>La lista Verde Violeta lleva como secretario General para ATE C\u00f3rdoba a Federico Giuliani, y a nivel Nacional tiene por candidato a conducir nuestro gremio a Rodolfo Aguiar.<\/p>\n\n\n\n<p>Carreras es trabajador de la Municipalidad de San Francisco, ciudad cabecera del Departamento San Justo -en el Este de la provincia de C\u00f3rdoba- en tanto que Quiroga pertenece al colectivo de ATE-Educaci\u00f3n. Ambos encabezan una n\u00f3mina compuesta por mujeres y j\u00f3venes &#8220;que nos hemos comprometido a participar activamente del quehacer diario del gremio para sacar a ATE del estado de anestesia y par\u00e1lisis en el que se encuentra actualmente\u201d, remarc\u00f3 el candidato.<\/p>\n\n\n\n<p>Carreras apunt\u00f3 que \u201ctenemos una importante cantidad de afiliadas y afiliados municipales en las distintas ciudades y localidades de la regi\u00f3n por lo que hay que redoblar los esfuerzos para representarlos de manera genuina, frente a intendentes que generalmente hacen abuso de poder con los trabajadores manteniendo altas tasas de precarizaci\u00f3n laboral e incumpliendo la legislaci\u00f3n vigente\u201d.<\/p>\n\n\n\n<p>\u201cPedimos a los compa\u00f1eros y compa\u00f1eras que nos voten por honestidad y transparencia y para que los aportes de los afiliados y afiliadas se reflejen en servicios: Para nosotros sus aportes valen y es nuestra obligaci\u00f3n ayudarlos y brindarles oportunidades desde el sindicato\u201d, remarc\u00f3.<\/p>\n\n\n\n<p>Y agreg\u00f3: \u201cPor eso proponemos un cambio con la seguridad de la honestidad ante los afiliados\u201d.<\/p>\n\n\n\n<p><strong>Jubilados<\/strong><\/p>\n\n\n\n<p>\u201cTambi\u00e9n le damos mucha importancia a la atenci\u00f3n de cada jubilado y jubilada, que est\u00e9n afiliados a nuestra ATE. Escuchamos sus reclamos y coincidimos con las propuestas que llevamos a cada uno de ellos, de ocuparnos de la Agenda de tr\u00e1mites ante los organismos de PAMI y ANSES, como tambi\u00e9n intervenir desde la ayuda social.<\/p>\n\n\n\n<p>&#8220;Necesitamos una agrupaci\u00f3n de Jubilados y Jubiladas diferente y coherente\u201d, subray\u00f3.<\/p>\n\n\n\n<p>\u201cConvocamos al conjunto de las trabajadoras y trabajadores afiliados a ATE a votar por la Lista Verde y Violeta para que haya un sindicato con cambios, con ideas y, por sobre todas las cosas, con la seguridad de cuentas claras y sin aprietes, para crecer juntos y luchar por m\u00e1s derechos. Llegamos para quedarnos y estamos convencidos que el pr\u00f3ximo 9 de agosto recuperamos ATE San Justo de la desidia\u201d, remat\u00f3 Carreras.<\/p>\n","protected":false},"excerpt":{"rendered":"<p>La Lista Verde y Violeta se apresta a recuperar la Seccional San Justo de la Asociaci\u00f3n Trabajadores del Estado para \u201cponerla al servicio de los trabajadores municipales, provinciales y nacionales y rescatar los valores de autonom\u00eda, libertad y democracia sindical que hoy por hoy el oficialismo ha abandonado\u201d, sostuvo Gabriel Carreras, candidato a Secretario General, [&hellip;]<\/p>\n","protected":false},"author":7,"featured_media":37796,"comment_status":"open","ping_status":"open","sticky":false,"template":"","format":"standard","meta":{"_exactmetrics_skip_tracking":false,"_exactmetrics_sitenote_active":false,"_exactmetrics_sitenote_note":"","_exactmetrics_sitenote_category":0,"jnews-multi-image_gallery":[],"jnews_single_post":{"subtitle":"\u201cTenemos una importante cantidad de afiliadas y afiliados municipales en las distintas ciudades y localidades de la regi\u00f3n por lo que hay que redoblar los esfuerzos para representarlos de manera genuina, frente a intendentes que generalmente hacen abuso de poder con los trabajadores manteniendo altas tasas de precarizaci\u00f3n laboral e incumpliendo la legislaci\u00f3n vigente\u201d, explic\u00f3 el candidato a Secretario General, Gabriel Carreras.","format":"standard","video":"","gallery":"","source_name":"","source_url":"","via_name":"","via_url":"","override_template":"0","override":[{"template":"1","single_blog_custom":"","parallax":"1","fullscreen":"1","layout":"no-sidebar-narrow","sidebar":"default-sidebar","second_sidebar":"default-sidebar","sticky_sidebar":"1","share_position":"bottom","share_float_style":"share-monocrhome","show_share_counter":"1","show_view_counter":"1","show_featured":"0","show_post_meta":"1","show_post_author":"0","show_post_author_image":"1","show_post_date":"1","post_date_format":"default","post_date_format_custom":"Y\/m\/d","show_post_category":"1","show_post_reading_time":"0","post_reading_time_wpm":"300","show_zoom_button":"0","zoom_button_out_step":"2","zoom_button_in_step":"3","show_post_tag":"1","show_prev_next_post":"0","show_popup_post":"0","number_popup_post":"1","show_author_box":"0","show_post_related":"1","show_inline_post_related":"0"}],"override_image_size":"0","image_override":[{"single_post_thumbnail_size":"crop-500","single_post_gallery_size":"crop-500"}],"trending_post":"0","trending_post_position":"meta","trending_post_label":"Trending","sponsored_post":"0","sponsored_post_label":"Sponsored by","sponsored_post_name":"","sponsored_post_url":"","sponsored_post_logo_enable":"0","sponsored_post_logo":"","sponsored_post_desc":"","disable_ad":"0"},"jnews_primary_category":{"id":"","hide":""},"jnews_social_meta":{"fb_title":"","fb_description":"","fb_image":"","twitter_title":"","twitter_description":"","twitter_image":""},"jnews_review":[],"enable_review":"0","type":"percentage","name":"","summary":"","brand":"","sku":"","good":[{"good_text":""}],"bad":[{"bad_text":""}],"score_override":"","override_value":"","rating":[{"rating_text":"","rating_number":"10"}],"price":[{"shop":"","price":"","link":"","icon":""}],"jnews_override_counter":{"override_view_counter":"0","view_counter_number":"0","override_share_counter":"0","share_counter_number":"0","override_like_counter":"0","like_counter_number":"0","override_dislike_counter":"0","dislike_counter_number":"0"},"jnews_post_split":{"enable_post_split":"0","post_split":[{"template":"1","tag":"h2","numbering":"asc","mode":"normal","first":"0","enable_toc":"0","toc_type":"normal"}]},"footnotes":""},"categories":[148],"tags":[],"class_list":["post-37795","post","type-post","status-publish","format-standard","has-post-thumbnail","hentry","category-san-justo"],"jetpack_featured_media_url":"https:\/\/atecordoba.org\/wp-content\/uploads\/2023\/07\/flyer-san-justo-e1689779105123.jpg","_links":{"self":[{"href":"https:\/\/atecordoba.org\/index.php?rest_route=\/wp\/v2\/posts\/37795","targetHints":{"allow":["GET"]}}],"collection":[{"href":"https:\/\/atecordoba.org\/index.php?rest_route=\/wp\/v2\/posts"}],"about":[{"href":"https:\/\/atecordoba.org\/index.php?rest_route=\/wp\/v2\/types\/post"}],"author":[{"embeddable":true,"href":"https:\/\/atecordoba.org\/index.php?rest_route=\/wp\/v2\/users\/7"}],"replies":[{"embeddable":true,"href":"https:\/\/atecordoba.org\/index.php?rest_route=%2Fwp%2Fv2%2Fcomments&post=37795"}],"version-history":[{"count":1,"href":"https:\/\/atecordoba.org\/index.php?rest_route=\/wp\/v2\/posts\/37795\/revisions"}],"predecessor-version":[{"id":37797,"href":"https:\/\/atecordoba.org\/index.php?rest_route=\/wp\/v2\/posts\/37795\/revisions\/37797"}],"wp:featuredmedia":[{"embeddable":true,"href":"https:\/\/atecordoba.org\/index.php?rest_route=\/wp\/v2\/media\/37796"}],"wp:attachment":[{"href":"https:\/\/atecordoba.org\/index.php?rest_route=%2Fwp%2Fv2%2Fmedia&parent=37795"}],"wp:term":[{"taxonomy":"category","embeddable":true,"href":"https:\/\/atecordoba.org\/index.php?rest_route=%2Fwp%2Fv2%2Fcategories&post=37795"},{"taxonomy":"post_tag","embeddable":true,"href":"https:\/\/atecordoba.org\/index.php?rest_route=%2Fwp%2Fv2%2Ftags&post=37795"}],"curies":[{"name":"wp","href":"https:\/\/api.w.org\/{rel}","templated":true}]}}