{"id":3778,"date":"2014-01-13T21:15:56","date_gmt":"2014-01-14T00:15:56","guid":{"rendered":"http:\/\/www.atecordoba.org\/?p=3778"},"modified":"2014-01-13T21:15:56","modified_gmt":"2014-01-14T00:15:56","slug":"el-ministro-de-salud-se-comprometio-con-ate-a-discutir-en-paritarias-los-reclamos-del-sector","status":"publish","type":"post","link":"https:\/\/atecordoba.org\/?p=3778","title":{"rendered":"El ministro de Salud se comprometi\u00f3 con ATE a discutir en paritarias los reclamos del sector"},"content":{"rendered":"<p><em><span style=\"font-size: large;\">En una reuni\u00f3n realizada hoy, el titular de la cartera de salud Francisco Fortuna se comprometi\u00f3 a incluir a ATE en la negociaci\u00f3n paritaria que se iniciar\u00e1 en febrero, para canalizar los reclamos de los trabajadores de los hospitales p\u00fablicos tras cuatro meses de conflicto.\u00a0<\/span><\/em><span style=\"font-size: large;\"><em>Adem\u00e1s, Fortuna reconoci\u00f3 la validez de la resoluci\u00f3n del Ministerio de Trabajo de la Naci\u00f3n respecto al \u00e1mbito de representaci\u00f3n de ATE en la salud provincial.<\/em>\u00a0<\/span><\/p>\n<p><a href=\"http:\/\/www.atecordoba.org\/wp-content\/uploads\/2014\/01\/reunion-ate-c_fortuna_salida-min-trabajo.png\"><img loading=\"lazy\" decoding=\"async\" class=\"aligncenter size-full wp-image-3779\" alt=\"reunion ate c_fortuna_salida min trabajo\" src=\"http:\/\/www.atecordoba.org\/wp-content\/uploads\/2014\/01\/reunion-ate-c_fortuna_salida-min-trabajo.png\" width=\"600\" height=\"337\" \/><\/a><\/p>\n<p>&nbsp;<\/p>\n<p><span style=\"font-size: large;\">El encuentro se realiz\u00f3 en el Complejo Pablo Pizzurno y dur\u00f3 casi tres horas. La delegaci\u00f3n de ATE estuvo encabezada por nuestra secretaria General, Mar\u00eda Teresa Romero, y cont\u00f3 con la presencia de nuestro secretario Adjunto, Oscar Mengarelli, el secretario de Prensa, Daniel Pawluchuzk, los delegados Roberto Ramos (hospital Misericordia), Virginia L\u00e1zaro (hospital de Ni\u00f1os), Cecilia Ibarra (hospital Rawson), Silvia Ibarlucea (IPAD) y los asesores jur\u00eddicos Mar\u00eda Terragno y Eugenio Biafore.<\/span><\/p>\n<p><span style=\"font-size: large;\">Romero inici\u00f3 las conversaciones reconociendo positivamente la decisi\u00f3n pol\u00edtica del gobierno provincial de sentar a ATE como interlocutor v\u00e1lido en esta primera reuni\u00f3n. En ese sentido, la dirigente expres\u00f3 el mandato concreto de las asambleas de los distintos centros de salud de tener a nuestro gremio como representante para demandar todo lo atinente al salario, las condiciones de trabajo, el pase a planta de contratados y monotributos, y la designaci\u00f3n de trabajadores para cubrir los planteles b\u00e1sicos. Tambi\u00e9n se abord\u00f3 la urgente necesidad de contar con insumos y medicamentos para atender a los pacientes, materiales que actualmente escasean en todos los hospitales provinciales. <\/span><\/p>\n<p><span style=\"font-size: large;\">Al respecto, Fortuna adelant\u00f3 que el gobierno sentar\u00e1 a ATE oficialmente en la discusi\u00f3n paritaria, uno de los reclamos que motorizaron el plan de lucha, junto a otras agrupaciones gremiales del sector. Ser\u00e1 en ese marco que los representantes de los trabajadores de salud volcar\u00e1n sus reclamos. De esta forma, qued\u00f3 claro que nunca existi\u00f3 un problema legal en el reconocimiento de nuestro gremio sino que se trat\u00f3 de una decisi\u00f3n pol\u00edtica que ahora ha sido revertida.<\/span><\/p>\n<p><span style=\"font-size: large;\">A partir de esta reuni\u00f3n, se inicia una nueva etapa donde ATE mantendr\u00e1 su reclamo hist\u00f3rico por un salario categor\u00eda inicial que iguale la canasta familiar y el pase a planta de contratos y monotributos, entre otros temas de agenda.<\/span><\/p>\n<p>\u201c<span style=\"font-size: large;\">Salimos conformes de la reuni\u00f3n con el ministro porque pudimos dar nuestro punto de vista y Fortuna se comprometi\u00f3 sentar los reclamos de los trabajadores en la mesa paritaria\u201d, afirm\u00f3 Romero al t\u00e9rmino del encuentro.<\/span><\/p>\n<p><span style=\"font-size: large;\">Ma\u00f1ana, durante una reuni\u00f3n del cuerpo de delegados de salud, se informar\u00e1 a los compa\u00f1eros sobre los puntos tratados y el ofrecimiento del gobierno, para que posteriormente trasladen a las asambleas de los distintos hospitales a los efectos de que los trabajadores analicen continuar con el cuarto intermedio en el plan de lucha, hasta el inicio oficial de las paritarias.\u00a0<\/span><\/p>\n","protected":false},"excerpt":{"rendered":"<p>En una reuni\u00f3n realizada hoy, el titular de la cartera de salud Francisco Fortuna se comprometi\u00f3 a incluir a ATE en la negociaci\u00f3n paritaria que se iniciar\u00e1 en febrero, para canalizar los reclamos de los trabajadores de los hospitales p\u00fablicos tras cuatro meses de conflicto.\u00a0Adem\u00e1s, Fortuna reconoci\u00f3 la validez de la resoluci\u00f3n del Ministerio de [&hellip;]<\/p>\n","protected":false},"author":1,"featured_media":19220,"comment_status":"open","ping_status":"open","sticky":false,"template":"","format":"standard","meta":{"_exactmetrics_skip_tracking":false,"_exactmetrics_sitenote_active":false,"_exactmetrics_sitenote_note":"","_exactmetrics_sitenote_category":0,"jnews-multi-image_gallery":[],"jnews_single_post":[],"jnews_primary_category":[],"jnews_social_meta":[],"jnews_review":[],"enable_review":"","type":"","name":"","summary":"","brand":"","sku":"","good":[],"bad":[],"score_override":"","override_value":"","rating":[],"price":[],"jnews_override_counter":[],"jnews_post_split":[],"footnotes":""},"categories":[53,7,8],"tags":[],"class_list":["post-3778","post","type-post","status-publish","format-standard","has-post-thumbnail","hentry","category-comunicados-de-prensa","category-hospitales","category-provinciales"],"jetpack_featured_media_url":"https:\/\/atecordoba.org\/wp-content\/uploads\/2020\/05\/logo-nuevochico-e1561581322808.png","_links":{"self":[{"href":"https:\/\/atecordoba.org\/index.php?rest_route=\/wp\/v2\/posts\/3778","targetHints":{"allow":["GET"]}}],"collection":[{"href":"https:\/\/atecordoba.org\/index.php?rest_route=\/wp\/v2\/posts"}],"about":[{"href":"https:\/\/atecordoba.org\/index.php?rest_route=\/wp\/v2\/types\/post"}],"author":[{"embeddable":true,"href":"https:\/\/atecordoba.org\/index.php?rest_route=\/wp\/v2\/users\/1"}],"replies":[{"embeddable":true,"href":"https:\/\/atecordoba.org\/index.php?rest_route=%2Fwp%2Fv2%2Fcomments&post=3778"}],"version-history":[{"count":0,"href":"https:\/\/atecordoba.org\/index.php?rest_route=\/wp\/v2\/posts\/3778\/revisions"}],"wp:featuredmedia":[{"embeddable":true,"href":"https:\/\/atecordoba.org\/index.php?rest_route=\/wp\/v2\/media\/19220"}],"wp:attachment":[{"href":"https:\/\/atecordoba.org\/index.php?rest_route=%2Fwp%2Fv2%2Fmedia&parent=3778"}],"wp:term":[{"taxonomy":"category","embeddable":true,"href":"https:\/\/atecordoba.org\/index.php?rest_route=%2Fwp%2Fv2%2Fcategories&post=3778"},{"taxonomy":"post_tag","embeddable":true,"href":"https:\/\/atecordoba.org\/index.php?rest_route=%2Fwp%2Fv2%2Ftags&post=3778"}],"curies":[{"name":"wp","href":"https:\/\/api.w.org\/{rel}","templated":true}]}}