{"id":37776,"date":"2023-07-18T14:50:52","date_gmt":"2023-07-18T17:50:52","guid":{"rendered":"https:\/\/atecordoba.org\/?p=37776"},"modified":"2023-07-18T14:50:53","modified_gmt":"2023-07-18T17:50:53","slug":"ate-adelia-maria-renueva-autoridades-y-la-verde-violeta-apuesta-a-un-segundo-mandato-con-diego-villegas","status":"publish","type":"post","link":"https:\/\/atecordoba.org\/?p=37776","title":{"rendered":"ATE Adelia Mar\u00eda renueva autoridades y la Verde Violeta apuesta a un segundo mandato con Diego Villegas"},"content":{"rendered":"<div class=\"wp-block-image\">\n<figure class=\"aligncenter size-full is-resized\"><img loading=\"lazy\" decoding=\"async\" src=\"https:\/\/atecordoba.org\/wp-content\/uploads\/2023\/07\/flyer-adelia.jpg\" alt=\"\" class=\"wp-image-37777\" width=\"751\" height=\"751\" srcset=\"https:\/\/atecordoba.org\/wp-content\/uploads\/2023\/07\/flyer-adelia.jpg 1001w, https:\/\/atecordoba.org\/wp-content\/uploads\/2023\/07\/flyer-adelia-300x300.jpg 300w, https:\/\/atecordoba.org\/wp-content\/uploads\/2023\/07\/flyer-adelia-150x150.jpg 150w, https:\/\/atecordoba.org\/wp-content\/uploads\/2023\/07\/flyer-adelia-768x768.jpg 768w, https:\/\/atecordoba.org\/wp-content\/uploads\/2023\/07\/flyer-adelia-560x560.jpg 560w, https:\/\/atecordoba.org\/wp-content\/uploads\/2023\/07\/flyer-adelia-75x75.jpg 75w, https:\/\/atecordoba.org\/wp-content\/uploads\/2023\/07\/flyer-adelia-350x350.jpg 350w, https:\/\/atecordoba.org\/wp-content\/uploads\/2023\/07\/flyer-adelia-750x750.jpg 750w\" sizes=\"auto, (max-width: 751px) 100vw, 751px\" \/><\/figure>\n<\/div>\n\n\n<p>Frente a la renovaci\u00f3n de las conducciones de ATE el pr\u00f3ximo 9 de agosto, la seccional Adelia Mar\u00eda contar\u00e1 con la presencia de una sola lista, la Verde y Violeta que lleva como candidatos al actual Secretario General, Diego Villegas, y de Secretaria Adjunta, a la compa\u00f1era Alejandra Espinosa.<\/p>\n\n\n\n<p>Param\u00e9dico en el Hospital Municipal de Adelia Mar\u00eda, Villegas es el actual Secretario General de ATE Adelia Mar\u00eda y apuesta por profundizar el crecimiento organizativo de nuestra organizaci\u00f3n en el sur provincial.<\/p>\n\n\n\n<p>\u201cGran parte de nuestro equipo de trabajo fue mentor para que nuestra regi\u00f3n tuviera una Seccional propia de ATE. Con una gran extensi\u00f3n territorial a nuestro cargo, logramos crecer y hacer del sindicato de los estatales una referencia en nuestras localidades\u201d, explica el dirigente.<\/p>\n\n\n\n<figure class=\"wp-block-gallery has-nested-images columns-default is-cropped wp-block-gallery-1 is-layout-flex wp-block-gallery-is-layout-flex\">\n<figure class=\"wp-block-image size-large\"><img decoding=\"async\" data-id=\"37787\" src=\"https:\/\/atecordoba.org\/wp-content\/uploads\/2023\/07\/WhatsApp-Image-2023-07-18-at-14.42.58.jpeg\" alt=\"\" class=\"wp-image-37787\" \/><\/figure>\n\n\n\n<figure class=\"wp-block-image size-large\"><img loading=\"lazy\" decoding=\"async\" width=\"1001\" height=\"1001\" data-id=\"37788\" src=\"https:\/\/atecordoba.org\/wp-content\/uploads\/2023\/07\/WhatsApp-Image-2023-07-18-at-14.42.59.jpeg\" alt=\"\" class=\"wp-image-37788\" srcset=\"https:\/\/atecordoba.org\/wp-content\/uploads\/2023\/07\/WhatsApp-Image-2023-07-18-at-14.42.59.jpeg 1001w, https:\/\/atecordoba.org\/wp-content\/uploads\/2023\/07\/WhatsApp-Image-2023-07-18-at-14.42.59-300x300.jpeg 300w, https:\/\/atecordoba.org\/wp-content\/uploads\/2023\/07\/WhatsApp-Image-2023-07-18-at-14.42.59-150x150.jpeg 150w, https:\/\/atecordoba.org\/wp-content\/uploads\/2023\/07\/WhatsApp-Image-2023-07-18-at-14.42.59-768x768.jpeg 768w, https:\/\/atecordoba.org\/wp-content\/uploads\/2023\/07\/WhatsApp-Image-2023-07-18-at-14.42.59-560x560.jpeg 560w, https:\/\/atecordoba.org\/wp-content\/uploads\/2023\/07\/WhatsApp-Image-2023-07-18-at-14.42.59-75x75.jpeg 75w, https:\/\/atecordoba.org\/wp-content\/uploads\/2023\/07\/WhatsApp-Image-2023-07-18-at-14.42.59-350x350.jpeg 350w, https:\/\/atecordoba.org\/wp-content\/uploads\/2023\/07\/WhatsApp-Image-2023-07-18-at-14.42.59-750x750.jpeg 750w\" sizes=\"auto, (max-width: 1001px) 100vw, 1001px\" \/><\/figure>\n\n\n\n<figure class=\"wp-block-image size-large\"><img loading=\"lazy\" decoding=\"async\" width=\"1000\" height=\"1001\" data-id=\"37786\" src=\"https:\/\/atecordoba.org\/wp-content\/uploads\/2023\/07\/WhatsApp-Image-2023-07-18-at-14.42.50.jpeg\" alt=\"\" class=\"wp-image-37786\" srcset=\"https:\/\/atecordoba.org\/wp-content\/uploads\/2023\/07\/WhatsApp-Image-2023-07-18-at-14.42.50.jpeg 1000w, https:\/\/atecordoba.org\/wp-content\/uploads\/2023\/07\/WhatsApp-Image-2023-07-18-at-14.42.50-300x300.jpeg 300w, https:\/\/atecordoba.org\/wp-content\/uploads\/2023\/07\/WhatsApp-Image-2023-07-18-at-14.42.50-150x150.jpeg 150w, https:\/\/atecordoba.org\/wp-content\/uploads\/2023\/07\/WhatsApp-Image-2023-07-18-at-14.42.50-768x769.jpeg 768w, https:\/\/atecordoba.org\/wp-content\/uploads\/2023\/07\/WhatsApp-Image-2023-07-18-at-14.42.50-560x560.jpeg 560w, https:\/\/atecordoba.org\/wp-content\/uploads\/2023\/07\/WhatsApp-Image-2023-07-18-at-14.42.50-75x75.jpeg 75w, https:\/\/atecordoba.org\/wp-content\/uploads\/2023\/07\/WhatsApp-Image-2023-07-18-at-14.42.50-350x350.jpeg 350w, https:\/\/atecordoba.org\/wp-content\/uploads\/2023\/07\/WhatsApp-Image-2023-07-18-at-14.42.50-750x751.jpeg 750w\" sizes=\"auto, (max-width: 1000px) 100vw, 1000px\" \/><\/figure>\n<\/figure>\n\n\n\n<p>Y subraya que \u201cqueremos un sindicato activo, fuerte, grande, presente, aut\u00f3nomo y con iniciativa para enfrentar al Estado patr\u00f3n. Otros intentaron restringir el derecho a votar a compa\u00f1eras y compa\u00f1eros por no ser de planta permanente. Para nosotros, si cumpl\u00eds funciones permanentes en el Estado, est\u00e1s afiliado y aport\u00e1s, sos de ATE como cualquier otro afiliado y te necesitamos para luchar por m\u00e1s derechos\u201d.<\/p>\n\n\n\n<p>\u201cPensamos el sindicato con todas y todos adentro porque es la \u00fanica forma de luchar con \u00e9xito por lo que nos corresponde: Estabilidad laboral, salarios dignos, condiciones de trabajo. Municipales, provinciales, nacionales, planta permanente, contratados, monotributistas, becarios, todos tienen su espacio en nuestra Lista Verde y Violeta\u201d, concluy\u00f3 Villegas, en v\u00edas a su segundo mandato.<\/p>\n\n\n\n<p>La Seccional est\u00e1 integrada por las localidades de Chaj\u00e1n; Sampacho; Bulnes; Las Vertientes; Villa Valeria; Del Campillo; Mataldi; Jovita; Serrano; Pincen; Ital\u00f3; Laboulaye; La Carlota; Huanchilla; San Basilio y Adelia Mar\u00eda.<\/p>\n\n\n\n<figure class=\"wp-block-gallery has-nested-images columns-default is-cropped wp-block-gallery-2 is-layout-flex wp-block-gallery-is-layout-flex\">\n<figure class=\"wp-block-image size-large\"><a href=\"https:\/\/atecordoba.org\/wp-content\/uploads\/2023\/07\/8.jpg\" target=\"_blank\" rel=\"noopener\"><img loading=\"lazy\" decoding=\"async\" width=\"1001\" height=\"1001\" data-id=\"37778\" src=\"https:\/\/atecordoba.org\/wp-content\/uploads\/2023\/07\/8.jpg\" alt=\"\" class=\"wp-image-37778\" srcset=\"https:\/\/atecordoba.org\/wp-content\/uploads\/2023\/07\/8.jpg 1001w, https:\/\/atecordoba.org\/wp-content\/uploads\/2023\/07\/8-300x300.jpg 300w, https:\/\/atecordoba.org\/wp-content\/uploads\/2023\/07\/8-150x150.jpg 150w, https:\/\/atecordoba.org\/wp-content\/uploads\/2023\/07\/8-768x768.jpg 768w, https:\/\/atecordoba.org\/wp-content\/uploads\/2023\/07\/8-560x560.jpg 560w, https:\/\/atecordoba.org\/wp-content\/uploads\/2023\/07\/8-75x75.jpg 75w, https:\/\/atecordoba.org\/wp-content\/uploads\/2023\/07\/8-350x350.jpg 350w, https:\/\/atecordoba.org\/wp-content\/uploads\/2023\/07\/8-750x750.jpg 750w\" sizes=\"auto, (max-width: 1001px) 100vw, 1001px\" \/><\/a><\/figure>\n\n\n\n<figure class=\"wp-block-image size-large\"><a href=\"https:\/\/atecordoba.org\/wp-content\/uploads\/2023\/07\/1.jpg\" target=\"_blank\" rel=\"noopener\"><img loading=\"lazy\" decoding=\"async\" width=\"1000\" height=\"1000\" data-id=\"37779\" src=\"https:\/\/atecordoba.org\/wp-content\/uploads\/2023\/07\/1.jpg\" alt=\"\" class=\"wp-image-37779\" srcset=\"https:\/\/atecordoba.org\/wp-content\/uploads\/2023\/07\/1.jpg 1000w, https:\/\/atecordoba.org\/wp-content\/uploads\/2023\/07\/1-300x300.jpg 300w, https:\/\/atecordoba.org\/wp-content\/uploads\/2023\/07\/1-150x150.jpg 150w, https:\/\/atecordoba.org\/wp-content\/uploads\/2023\/07\/1-768x768.jpg 768w, https:\/\/atecordoba.org\/wp-content\/uploads\/2023\/07\/1-560x560.jpg 560w, https:\/\/atecordoba.org\/wp-content\/uploads\/2023\/07\/1-75x75.jpg 75w, https:\/\/atecordoba.org\/wp-content\/uploads\/2023\/07\/1-350x350.jpg 350w, https:\/\/atecordoba.org\/wp-content\/uploads\/2023\/07\/1-750x750.jpg 750w\" sizes=\"auto, (max-width: 1000px) 100vw, 1000px\" \/><\/a><\/figure>\n\n\n\n<figure class=\"wp-block-image size-large\"><a href=\"https:\/\/atecordoba.org\/wp-content\/uploads\/2023\/07\/2.jpg\" target=\"_blank\" rel=\"noopener\"><img loading=\"lazy\" decoding=\"async\" width=\"1001\" height=\"1000\" data-id=\"37785\" src=\"https:\/\/atecordoba.org\/wp-content\/uploads\/2023\/07\/2.jpg\" alt=\"\" class=\"wp-image-37785\" srcset=\"https:\/\/atecordoba.org\/wp-content\/uploads\/2023\/07\/2.jpg 1001w, https:\/\/atecordoba.org\/wp-content\/uploads\/2023\/07\/2-300x300.jpg 300w, https:\/\/atecordoba.org\/wp-content\/uploads\/2023\/07\/2-150x150.jpg 150w, https:\/\/atecordoba.org\/wp-content\/uploads\/2023\/07\/2-768x767.jpg 768w, https:\/\/atecordoba.org\/wp-content\/uploads\/2023\/07\/2-560x560.jpg 560w, https:\/\/atecordoba.org\/wp-content\/uploads\/2023\/07\/2-75x75.jpg 75w, https:\/\/atecordoba.org\/wp-content\/uploads\/2023\/07\/2-350x350.jpg 350w, https:\/\/atecordoba.org\/wp-content\/uploads\/2023\/07\/2-750x749.jpg 750w\" sizes=\"auto, (max-width: 1001px) 100vw, 1001px\" \/><\/a><\/figure>\n\n\n\n<figure class=\"wp-block-image size-large\"><a href=\"https:\/\/atecordoba.org\/wp-content\/uploads\/2023\/07\/3.jpg\" target=\"_blank\" rel=\"noopener\"><img loading=\"lazy\" decoding=\"async\" width=\"1001\" height=\"1000\" data-id=\"37782\" src=\"https:\/\/atecordoba.org\/wp-content\/uploads\/2023\/07\/3.jpg\" alt=\"\" class=\"wp-image-37782\" srcset=\"https:\/\/atecordoba.org\/wp-content\/uploads\/2023\/07\/3.jpg 1001w, https:\/\/atecordoba.org\/wp-content\/uploads\/2023\/07\/3-300x300.jpg 300w, https:\/\/atecordoba.org\/wp-content\/uploads\/2023\/07\/3-150x150.jpg 150w, https:\/\/atecordoba.org\/wp-content\/uploads\/2023\/07\/3-768x767.jpg 768w, https:\/\/atecordoba.org\/wp-content\/uploads\/2023\/07\/3-560x560.jpg 560w, https:\/\/atecordoba.org\/wp-content\/uploads\/2023\/07\/3-75x75.jpg 75w, https:\/\/atecordoba.org\/wp-content\/uploads\/2023\/07\/3-350x350.jpg 350w, https:\/\/atecordoba.org\/wp-content\/uploads\/2023\/07\/3-750x749.jpg 750w\" sizes=\"auto, (max-width: 1001px) 100vw, 1001px\" \/><\/a><\/figure>\n\n\n\n<figure class=\"wp-block-image size-large\"><a href=\"https:\/\/atecordoba.org\/wp-content\/uploads\/2023\/07\/4.jpg\" target=\"_blank\" rel=\"noopener\"><img loading=\"lazy\" decoding=\"async\" width=\"1001\" height=\"1000\" data-id=\"37781\" src=\"https:\/\/atecordoba.org\/wp-content\/uploads\/2023\/07\/4.jpg\" alt=\"\" class=\"wp-image-37781\" srcset=\"https:\/\/atecordoba.org\/wp-content\/uploads\/2023\/07\/4.jpg 1001w, https:\/\/atecordoba.org\/wp-content\/uploads\/2023\/07\/4-300x300.jpg 300w, https:\/\/atecordoba.org\/wp-content\/uploads\/2023\/07\/4-150x150.jpg 150w, https:\/\/atecordoba.org\/wp-content\/uploads\/2023\/07\/4-768x767.jpg 768w, https:\/\/atecordoba.org\/wp-content\/uploads\/2023\/07\/4-560x560.jpg 560w, https:\/\/atecordoba.org\/wp-content\/uploads\/2023\/07\/4-75x75.jpg 75w, https:\/\/atecordoba.org\/wp-content\/uploads\/2023\/07\/4-350x350.jpg 350w, https:\/\/atecordoba.org\/wp-content\/uploads\/2023\/07\/4-750x749.jpg 750w\" sizes=\"auto, (max-width: 1001px) 100vw, 1001px\" \/><\/a><\/figure>\n\n\n\n<figure class=\"wp-block-image size-large\"><a href=\"https:\/\/atecordoba.org\/wp-content\/uploads\/2023\/07\/5.jpg\" target=\"_blank\" rel=\"noopener\"><img loading=\"lazy\" decoding=\"async\" width=\"1001\" height=\"1000\" data-id=\"37783\" src=\"https:\/\/atecordoba.org\/wp-content\/uploads\/2023\/07\/5.jpg\" alt=\"\" class=\"wp-image-37783\" srcset=\"https:\/\/atecordoba.org\/wp-content\/uploads\/2023\/07\/5.jpg 1001w, https:\/\/atecordoba.org\/wp-content\/uploads\/2023\/07\/5-300x300.jpg 300w, https:\/\/atecordoba.org\/wp-content\/uploads\/2023\/07\/5-150x150.jpg 150w, https:\/\/atecordoba.org\/wp-content\/uploads\/2023\/07\/5-768x767.jpg 768w, https:\/\/atecordoba.org\/wp-content\/uploads\/2023\/07\/5-560x560.jpg 560w, https:\/\/atecordoba.org\/wp-content\/uploads\/2023\/07\/5-75x75.jpg 75w, https:\/\/atecordoba.org\/wp-content\/uploads\/2023\/07\/5-350x350.jpg 350w, https:\/\/atecordoba.org\/wp-content\/uploads\/2023\/07\/5-750x749.jpg 750w\" sizes=\"auto, (max-width: 1001px) 100vw, 1001px\" \/><\/a><\/figure>\n\n\n\n<figure class=\"wp-block-image size-large\"><a href=\"https:\/\/atecordoba.org\/wp-content\/uploads\/2023\/07\/6.jpg\" target=\"_blank\" rel=\"noopener\"><img loading=\"lazy\" decoding=\"async\" width=\"1001\" height=\"1000\" data-id=\"37784\" src=\"https:\/\/atecordoba.org\/wp-content\/uploads\/2023\/07\/6.jpg\" alt=\"\" class=\"wp-image-37784\" srcset=\"https:\/\/atecordoba.org\/wp-content\/uploads\/2023\/07\/6.jpg 1001w, https:\/\/atecordoba.org\/wp-content\/uploads\/2023\/07\/6-300x300.jpg 300w, https:\/\/atecordoba.org\/wp-content\/uploads\/2023\/07\/6-150x150.jpg 150w, https:\/\/atecordoba.org\/wp-content\/uploads\/2023\/07\/6-768x767.jpg 768w, https:\/\/atecordoba.org\/wp-content\/uploads\/2023\/07\/6-560x560.jpg 560w, https:\/\/atecordoba.org\/wp-content\/uploads\/2023\/07\/6-75x75.jpg 75w, https:\/\/atecordoba.org\/wp-content\/uploads\/2023\/07\/6-350x350.jpg 350w, https:\/\/atecordoba.org\/wp-content\/uploads\/2023\/07\/6-750x749.jpg 750w\" sizes=\"auto, (max-width: 1001px) 100vw, 1001px\" \/><\/a><\/figure>\n\n\n\n<figure class=\"wp-block-image size-large\"><a href=\"https:\/\/atecordoba.org\/wp-content\/uploads\/2023\/07\/7.jpg\" target=\"_blank\" rel=\"noopener\"><img loading=\"lazy\" decoding=\"async\" width=\"1001\" height=\"1000\" data-id=\"37780\" src=\"https:\/\/atecordoba.org\/wp-content\/uploads\/2023\/07\/7.jpg\" alt=\"\" class=\"wp-image-37780\" srcset=\"https:\/\/atecordoba.org\/wp-content\/uploads\/2023\/07\/7.jpg 1001w, https:\/\/atecordoba.org\/wp-content\/uploads\/2023\/07\/7-300x300.jpg 300w, https:\/\/atecordoba.org\/wp-content\/uploads\/2023\/07\/7-150x150.jpg 150w, https:\/\/atecordoba.org\/wp-content\/uploads\/2023\/07\/7-768x767.jpg 768w, https:\/\/atecordoba.org\/wp-content\/uploads\/2023\/07\/7-560x560.jpg 560w, https:\/\/atecordoba.org\/wp-content\/uploads\/2023\/07\/7-75x75.jpg 75w, https:\/\/atecordoba.org\/wp-content\/uploads\/2023\/07\/7-350x350.jpg 350w, https:\/\/atecordoba.org\/wp-content\/uploads\/2023\/07\/7-750x749.jpg 750w\" sizes=\"auto, (max-width: 1001px) 100vw, 1001px\" \/><\/a><\/figure>\n<\/figure>\n","protected":false},"excerpt":{"rendered":"<p>Frente a la renovaci\u00f3n de las conducciones de ATE el pr\u00f3ximo 9 de agosto, la seccional Adelia Mar\u00eda contar\u00e1 con la presencia de una sola lista, la Verde y Violeta que lleva como candidatos al actual Secretario General, Diego Villegas, y de Secretaria Adjunta, a la compa\u00f1era Alejandra Espinosa. Param\u00e9dico en el Hospital Municipal de [&hellip;]<\/p>\n","protected":false},"author":7,"featured_media":37787,"comment_status":"open","ping_status":"open","sticky":false,"template":"","format":"standard","meta":{"_exactmetrics_skip_tracking":false,"_exactmetrics_sitenote_active":false,"_exactmetrics_sitenote_note":"","_exactmetrics_sitenote_category":0,"jnews-multi-image_gallery":[],"jnews_single_post":{"subtitle":"\u201cPensamos el sindicato con todas y todos adentro porque es la \u00fanica forma de luchar con \u00e9xito por lo que nos corresponde: Estabilidad laboral, salarios dignos, condiciones de trabajo. Municipales, provinciales, nacionales, planta permanente, contratados, monotributistas, becarios, todos tienen su espacio en nuestra Lista Verde y Violeta\u201d, dice Villegas.","format":"standard","video":"","gallery":"","source_name":"","source_url":"","via_name":"","via_url":"","override_template":"0","override":[{"template":"1","single_blog_custom":"","parallax":"1","fullscreen":"1","layout":"no-sidebar-narrow","sidebar":"default-sidebar","second_sidebar":"default-sidebar","sticky_sidebar":"1","share_position":"bottom","share_float_style":"share-monocrhome","show_share_counter":"1","show_view_counter":"1","show_featured":"0","show_post_meta":"1","show_post_author":"0","show_post_author_image":"1","show_post_date":"1","post_date_format":"default","post_date_format_custom":"Y\/m\/d","show_post_category":"1","show_post_reading_time":"0","post_reading_time_wpm":"300","show_zoom_button":"0","zoom_button_out_step":"2","zoom_button_in_step":"3","show_post_tag":"1","show_prev_next_post":"0","show_popup_post":"0","number_popup_post":"1","show_author_box":"0","show_post_related":"1","show_inline_post_related":"0"}],"override_image_size":"0","image_override":[{"single_post_thumbnail_size":"crop-500","single_post_gallery_size":"crop-500"}],"trending_post":"0","trending_post_position":"meta","trending_post_label":"Trending","sponsored_post":"0","sponsored_post_label":"Sponsored by","sponsored_post_name":"","sponsored_post_url":"","sponsored_post_logo_enable":"0","sponsored_post_logo":"","sponsored_post_desc":"","disable_ad":"0"},"jnews_primary_category":{"id":"","hide":""},"jnews_social_meta":{"fb_title":"","fb_description":"","fb_image":"","twitter_title":"","twitter_description":"","twitter_image":""},"jnews_review":[],"enable_review":"0","type":"percentage","name":"","summary":"","brand":"","sku":"","good":[{"good_text":""}],"bad":[{"bad_text":""}],"score_override":"","override_value":"","rating":[{"rating_text":"","rating_number":"10"}],"price":[{"shop":"","price":"","link":"","icon":""}],"jnews_override_counter":{"override_view_counter":"0","view_counter_number":"0","override_share_counter":"0","share_counter_number":"0","override_like_counter":"0","like_counter_number":"0","override_dislike_counter":"0","dislike_counter_number":"0"},"jnews_post_split":{"enable_post_split":"0","post_split":[{"template":"1","tag":"h2","numbering":"asc","mode":"normal","first":"0","enable_toc":"0","toc_type":"normal"}]},"footnotes":""},"categories":[149],"tags":[],"class_list":["post-37776","post","type-post","status-publish","format-standard","has-post-thumbnail","hentry","category-adelia-maria"],"jetpack_featured_media_url":"https:\/\/atecordoba.org\/wp-content\/uploads\/2023\/07\/WhatsApp-Image-2023-07-18-at-14.42.58-e1689702612293.jpeg","_links":{"self":[{"href":"https:\/\/atecordoba.org\/index.php?rest_route=\/wp\/v2\/posts\/37776","targetHints":{"allow":["GET"]}}],"collection":[{"href":"https:\/\/atecordoba.org\/index.php?rest_route=\/wp\/v2\/posts"}],"about":[{"href":"https:\/\/atecordoba.org\/index.php?rest_route=\/wp\/v2\/types\/post"}],"author":[{"embeddable":true,"href":"https:\/\/atecordoba.org\/index.php?rest_route=\/wp\/v2\/users\/7"}],"replies":[{"embeddable":true,"href":"https:\/\/atecordoba.org\/index.php?rest_route=%2Fwp%2Fv2%2Fcomments&post=37776"}],"version-history":[{"count":1,"href":"https:\/\/atecordoba.org\/index.php?rest_route=\/wp\/v2\/posts\/37776\/revisions"}],"predecessor-version":[{"id":37789,"href":"https:\/\/atecordoba.org\/index.php?rest_route=\/wp\/v2\/posts\/37776\/revisions\/37789"}],"wp:featuredmedia":[{"embeddable":true,"href":"https:\/\/atecordoba.org\/index.php?rest_route=\/wp\/v2\/media\/37787"}],"wp:attachment":[{"href":"https:\/\/atecordoba.org\/index.php?rest_route=%2Fwp%2Fv2%2Fmedia&parent=37776"}],"wp:term":[{"taxonomy":"category","embeddable":true,"href":"https:\/\/atecordoba.org\/index.php?rest_route=%2Fwp%2Fv2%2Fcategories&post=37776"},{"taxonomy":"post_tag","embeddable":true,"href":"https:\/\/atecordoba.org\/index.php?rest_route=%2Fwp%2Fv2%2Ftags&post=37776"}],"curies":[{"name":"wp","href":"https:\/\/api.w.org\/{rel}","templated":true}]}}