{"id":37770,"date":"2023-07-18T11:06:12","date_gmt":"2023-07-18T14:06:12","guid":{"rendered":"https:\/\/atecordoba.org\/?p=37770"},"modified":"2023-07-18T11:11:11","modified_gmt":"2023-07-18T14:11:11","slug":"rio-tercero-marita-sosa-una-de-las-candidatas-en-la-eleccion-de-ate","status":"publish","type":"post","link":"https:\/\/atecordoba.org\/?p=37770","title":{"rendered":"R\u00edo Tercero: Marita Sosa, una de las candidatas en la elecci\u00f3n de ATE"},"content":{"rendered":"<div class=\"wp-block-image\">\n<figure class=\"aligncenter size-large is-resized\"><img loading=\"lazy\" decoding=\"async\" src=\"https:\/\/atecordoba.org\/wp-content\/uploads\/2023\/07\/marita-sosa-1024x722.jpg\" alt=\"\" class=\"wp-image-37771\" width=\"768\" height=\"542\" \/><\/figure>\n<\/div>\n\n\n<p>El 9 de agosto se llevar\u00e1n a cabo las elecciones para el recambio de autoridades en ATE R\u00edo Tercero donde dos listas competir\u00e1n por la conducci\u00f3n de la Seccional: donde la Lista Verde y Violeta de Germ\u00e1n Abdala lleva como candidata a secretaria General a la compa\u00f1era dirigente de las auxiliares de Paicor, Marita Sosa. Est\u00e1n en condiciones de votar 1425 afiliados.<\/p>\n\n\n\n<p>Junto a Sosa est\u00e1 acompa\u00f1ando la f\u00f3rmula Diego Pereyra, de la F\u00e1brica Militar R\u00edo Tercero, postulante a Secretario Adjunto: \u201cNos organizamos y presentamos como oposici\u00f3n a este modelo de conducci\u00f3n del gremio. Es por ello que decimos que estamos en contra de la precarizaci\u00f3n laboral. Lo nuestro es una alternativa, lo del oficialismo es la de generar cargos a dedo\u201d.<\/p>\n\n\n\n<p>\u201cProponemos un gremio abierto, solidario y que ATE sea una trinchera de lucha. Tambi\u00e9n ponemos a consideraci\u00f3n de los afiliados que el Convenio Colectivo de Trabajo necesita mejoras\u201d. Por \u00faltimo, Sosa expres\u00f3: \u201cAl trabajador hay que acompa\u00f1arlo\u201d.<\/p>\n\n\n\n<p><\/p>\n","protected":false},"excerpt":{"rendered":"<p>El 9 de agosto se llevar\u00e1n a cabo las elecciones para el recambio de autoridades en ATE R\u00edo Tercero donde dos listas competir\u00e1n por la conducci\u00f3n de la Seccional: donde la Lista Verde y Violeta de Germ\u00e1n Abdala lleva como candidata a secretaria General a la compa\u00f1era dirigente de las auxiliares de Paicor, Marita Sosa. [&hellip;]<\/p>\n","protected":false},"author":7,"featured_media":37771,"comment_status":"open","ping_status":"open","sticky":false,"template":"","format":"standard","meta":{"_exactmetrics_skip_tracking":false,"_exactmetrics_sitenote_active":false,"_exactmetrics_sitenote_note":"","_exactmetrics_sitenote_category":0,"jnews-multi-image_gallery":[],"jnews_single_post":{"subtitle":"La dirigente Marita Sosa (auxiliares de Paicor) encabeza la propuesta de la lista Verde Violeta. ","format":"standard","video":"","gallery":"","source_name":"","source_url":"","via_name":"","via_url":"","override_template":"0","override":[{"template":"1","single_blog_custom":"","parallax":"1","fullscreen":"1","layout":"no-sidebar-narrow","sidebar":"default-sidebar","second_sidebar":"default-sidebar","sticky_sidebar":"1","share_position":"bottom","share_float_style":"share-monocrhome","show_share_counter":"1","show_view_counter":"1","show_featured":"0","show_post_meta":"1","show_post_author":"0","show_post_author_image":"1","show_post_date":"1","post_date_format":"default","post_date_format_custom":"Y\/m\/d","show_post_category":"1","show_post_reading_time":"0","post_reading_time_wpm":"300","show_zoom_button":"0","zoom_button_out_step":"2","zoom_button_in_step":"3","show_post_tag":"1","show_prev_next_post":"0","show_popup_post":"0","number_popup_post":"1","show_author_box":"0","show_post_related":"1","show_inline_post_related":"0"}],"override_image_size":"0","image_override":[{"single_post_thumbnail_size":"crop-500","single_post_gallery_size":"crop-500"}],"trending_post":"0","trending_post_position":"meta","trending_post_label":"Trending","sponsored_post":"0","sponsored_post_label":"Sponsored by","sponsored_post_name":"","sponsored_post_url":"","sponsored_post_logo_enable":"0","sponsored_post_logo":"","sponsored_post_desc":"","disable_ad":"0"},"jnews_primary_category":{"id":"","hide":""},"jnews_social_meta":{"fb_title":"","fb_description":"","fb_image":"","twitter_title":"","twitter_description":"","twitter_image":""},"jnews_review":[],"enable_review":"0","type":"percentage","name":"","summary":"","brand":"","sku":"","good":[{"good_text":""}],"bad":[{"bad_text":""}],"score_override":"","override_value":"","rating":[{"rating_text":"","rating_number":"10"}],"price":[{"shop":"","price":"","link":"","icon":""}],"jnews_override_counter":{"override_view_counter":"0","view_counter_number":"0","override_share_counter":"0","share_counter_number":"0","override_like_counter":"0","like_counter_number":"0","override_dislike_counter":"0","dislike_counter_number":"0"},"jnews_post_split":{"enable_post_split":"0","post_split":[{"template":"1","tag":"h2","numbering":"asc","mode":"normal","first":"0","enable_toc":"0","toc_type":"normal"}]},"footnotes":""},"categories":[13,34],"tags":[],"class_list":["post-37770","post","type-post","status-publish","format-standard","has-post-thumbnail","hentry","category-rio-tercero","category-seccionales"],"jetpack_featured_media_url":"https:\/\/atecordoba.org\/wp-content\/uploads\/2023\/07\/marita-sosa-e1689689465823.jpg","_links":{"self":[{"href":"https:\/\/atecordoba.org\/index.php?rest_route=\/wp\/v2\/posts\/37770","targetHints":{"allow":["GET"]}}],"collection":[{"href":"https:\/\/atecordoba.org\/index.php?rest_route=\/wp\/v2\/posts"}],"about":[{"href":"https:\/\/atecordoba.org\/index.php?rest_route=\/wp\/v2\/types\/post"}],"author":[{"embeddable":true,"href":"https:\/\/atecordoba.org\/index.php?rest_route=\/wp\/v2\/users\/7"}],"replies":[{"embeddable":true,"href":"https:\/\/atecordoba.org\/index.php?rest_route=%2Fwp%2Fv2%2Fcomments&post=37770"}],"version-history":[{"count":1,"href":"https:\/\/atecordoba.org\/index.php?rest_route=\/wp\/v2\/posts\/37770\/revisions"}],"predecessor-version":[{"id":37772,"href":"https:\/\/atecordoba.org\/index.php?rest_route=\/wp\/v2\/posts\/37770\/revisions\/37772"}],"wp:featuredmedia":[{"embeddable":true,"href":"https:\/\/atecordoba.org\/index.php?rest_route=\/wp\/v2\/media\/37771"}],"wp:attachment":[{"href":"https:\/\/atecordoba.org\/index.php?rest_route=%2Fwp%2Fv2%2Fmedia&parent=37770"}],"wp:term":[{"taxonomy":"category","embeddable":true,"href":"https:\/\/atecordoba.org\/index.php?rest_route=%2Fwp%2Fv2%2Fcategories&post=37770"},{"taxonomy":"post_tag","embeddable":true,"href":"https:\/\/atecordoba.org\/index.php?rest_route=%2Fwp%2Fv2%2Ftags&post=37770"}],"curies":[{"name":"wp","href":"https:\/\/api.w.org\/{rel}","templated":true}]}}