{"id":37758,"date":"2023-07-18T10:59:27","date_gmt":"2023-07-18T13:59:27","guid":{"rendered":"https:\/\/atecordoba.org\/?p=37758"},"modified":"2023-07-18T10:59:56","modified_gmt":"2023-07-18T13:59:56","slug":"la-lista-verde-violeta-se-lanza-a-conducir-los-proximos-cuatro-anos-de-la-seccional-cruz-del-eje","status":"publish","type":"post","link":"https:\/\/atecordoba.org\/?p=37758","title":{"rendered":"La lista Verde Violeta se lanza a conducir los pr\u00f3ximos cuatro a\u00f1os de la Seccional Cruz del Eje"},"content":{"rendered":"<div class=\"wp-block-image\">\n<figure class=\"aligncenter size-full is-resized\"><img loading=\"lazy\" decoding=\"async\" src=\"https:\/\/atecordoba.org\/wp-content\/uploads\/2023\/07\/WhatsApp-Image-2023-07-18-at-10.55.41.jpeg\" alt=\"\" class=\"wp-image-37761\" width=\"750\" height=\"750\" \/><\/figure>\n<\/div>\n\n\n<p>Con miras a las pr\u00f3ximas elecciones del 9 de agosto de renovaci\u00f3n de las conducciones de ATE a nivel nacional, provincial y seccionales, en Cruz del Eje se presenta la lista Verde-violeta que propone a los dirigentes municipales M\u00f3nica Rodr\u00edguez y Juan Pablo Beto Pozzi para secretaria General y General Adjunto para el periodo 2023-2027.<\/p>\n\n\n\n<p>La propuesta se suma a la referencia de Federico Giuliani como secretario General de ATE C\u00f3rdoba y a Rodolfo Aguiar, como Secretario General de ATE Nacional, en representaci\u00f3n de la Agrupaci\u00f3n Verde Anusate, que fundaron los hist\u00f3ricos German Abdala, Victor de Gennaro y H\u00e9ctor Quagliaro, entre otros grandes dirigentes estatales de nuestra ATE.<\/p>\n\n\n\n<p>Vale mencionar que recientemente ATE <a href=\"https:\/\/atecordoba.org\/?p=37729\">logr\u00f3 superar el conflicto en la Municipalidad de Cruz del Eje, <\/a>donde se reincorporaron 11 compa\u00f1eras y compa\u00f1eros que hab\u00edan sido despedidos por el ejecutivo local. Una gran movilizaci\u00f3n y la ajustada conducci\u00f3n del conflicto, encabezada por Federico Giuliani, alcanzaron el objetivo de recuperar los puestos de trabajo para las afiliadas de ATE afectadas por la medida arbitraria del intendente local. <\/p>\n\n\n\n<figure class=\"wp-block-gallery has-nested-images columns-default is-cropped wp-block-gallery-1 is-layout-flex wp-block-gallery-is-layout-flex\">\n<figure class=\"wp-block-image size-large\"><img loading=\"lazy\" decoding=\"async\" width=\"1000\" height=\"1000\" data-id=\"37765\" src=\"https:\/\/atecordoba.org\/wp-content\/uploads\/2023\/07\/WhatsApp-Image-2023-07-18-at-10.55.49.jpeg\" alt=\"\" class=\"wp-image-37765\" srcset=\"https:\/\/atecordoba.org\/wp-content\/uploads\/2023\/07\/WhatsApp-Image-2023-07-18-at-10.55.49.jpeg 1000w, https:\/\/atecordoba.org\/wp-content\/uploads\/2023\/07\/WhatsApp-Image-2023-07-18-at-10.55.49-300x300.jpeg 300w, https:\/\/atecordoba.org\/wp-content\/uploads\/2023\/07\/WhatsApp-Image-2023-07-18-at-10.55.49-150x150.jpeg 150w, https:\/\/atecordoba.org\/wp-content\/uploads\/2023\/07\/WhatsApp-Image-2023-07-18-at-10.55.49-768x768.jpeg 768w, https:\/\/atecordoba.org\/wp-content\/uploads\/2023\/07\/WhatsApp-Image-2023-07-18-at-10.55.49-560x560.jpeg 560w, https:\/\/atecordoba.org\/wp-content\/uploads\/2023\/07\/WhatsApp-Image-2023-07-18-at-10.55.49-75x75.jpeg 75w, https:\/\/atecordoba.org\/wp-content\/uploads\/2023\/07\/WhatsApp-Image-2023-07-18-at-10.55.49-350x350.jpeg 350w, https:\/\/atecordoba.org\/wp-content\/uploads\/2023\/07\/WhatsApp-Image-2023-07-18-at-10.55.49-750x750.jpeg 750w\" sizes=\"auto, (max-width: 1000px) 100vw, 1000px\" \/><\/figure>\n\n\n\n<figure class=\"wp-block-image size-large\"><img loading=\"lazy\" decoding=\"async\" width=\"1000\" height=\"1000\" data-id=\"37766\" src=\"https:\/\/atecordoba.org\/wp-content\/uploads\/2023\/07\/WhatsApp-Image-2023-07-18-at-10.55.53.jpeg\" alt=\"\" class=\"wp-image-37766\" srcset=\"https:\/\/atecordoba.org\/wp-content\/uploads\/2023\/07\/WhatsApp-Image-2023-07-18-at-10.55.53.jpeg 1000w, https:\/\/atecordoba.org\/wp-content\/uploads\/2023\/07\/WhatsApp-Image-2023-07-18-at-10.55.53-300x300.jpeg 300w, https:\/\/atecordoba.org\/wp-content\/uploads\/2023\/07\/WhatsApp-Image-2023-07-18-at-10.55.53-150x150.jpeg 150w, https:\/\/atecordoba.org\/wp-content\/uploads\/2023\/07\/WhatsApp-Image-2023-07-18-at-10.55.53-768x768.jpeg 768w, https:\/\/atecordoba.org\/wp-content\/uploads\/2023\/07\/WhatsApp-Image-2023-07-18-at-10.55.53-560x560.jpeg 560w, https:\/\/atecordoba.org\/wp-content\/uploads\/2023\/07\/WhatsApp-Image-2023-07-18-at-10.55.53-75x75.jpeg 75w, https:\/\/atecordoba.org\/wp-content\/uploads\/2023\/07\/WhatsApp-Image-2023-07-18-at-10.55.53-350x350.jpeg 350w, https:\/\/atecordoba.org\/wp-content\/uploads\/2023\/07\/WhatsApp-Image-2023-07-18-at-10.55.53-750x750.jpeg 750w\" sizes=\"auto, (max-width: 1000px) 100vw, 1000px\" \/><\/figure>\n\n\n\n<figure class=\"wp-block-image size-large\"><img loading=\"lazy\" decoding=\"async\" width=\"1000\" height=\"1000\" data-id=\"37764\" src=\"https:\/\/atecordoba.org\/wp-content\/uploads\/2023\/07\/WhatsApp-Image-2023-07-18-at-10.55.43.jpeg\" alt=\"\" class=\"wp-image-37764\" srcset=\"https:\/\/atecordoba.org\/wp-content\/uploads\/2023\/07\/WhatsApp-Image-2023-07-18-at-10.55.43.jpeg 1000w, https:\/\/atecordoba.org\/wp-content\/uploads\/2023\/07\/WhatsApp-Image-2023-07-18-at-10.55.43-300x300.jpeg 300w, https:\/\/atecordoba.org\/wp-content\/uploads\/2023\/07\/WhatsApp-Image-2023-07-18-at-10.55.43-150x150.jpeg 150w, https:\/\/atecordoba.org\/wp-content\/uploads\/2023\/07\/WhatsApp-Image-2023-07-18-at-10.55.43-768x768.jpeg 768w, https:\/\/atecordoba.org\/wp-content\/uploads\/2023\/07\/WhatsApp-Image-2023-07-18-at-10.55.43-560x560.jpeg 560w, https:\/\/atecordoba.org\/wp-content\/uploads\/2023\/07\/WhatsApp-Image-2023-07-18-at-10.55.43-75x75.jpeg 75w, https:\/\/atecordoba.org\/wp-content\/uploads\/2023\/07\/WhatsApp-Image-2023-07-18-at-10.55.43-350x350.jpeg 350w, https:\/\/atecordoba.org\/wp-content\/uploads\/2023\/07\/WhatsApp-Image-2023-07-18-at-10.55.43-750x750.jpeg 750w\" sizes=\"auto, (max-width: 1000px) 100vw, 1000px\" \/><\/figure>\n\n\n\n<figure class=\"wp-block-image size-large\"><img loading=\"lazy\" decoding=\"async\" width=\"1000\" height=\"1000\" data-id=\"37762\" src=\"https:\/\/atecordoba.org\/wp-content\/uploads\/2023\/07\/WhatsApp-Image-2023-07-18-at-10.55.45.jpeg\" alt=\"\" class=\"wp-image-37762\" srcset=\"https:\/\/atecordoba.org\/wp-content\/uploads\/2023\/07\/WhatsApp-Image-2023-07-18-at-10.55.45.jpeg 1000w, https:\/\/atecordoba.org\/wp-content\/uploads\/2023\/07\/WhatsApp-Image-2023-07-18-at-10.55.45-300x300.jpeg 300w, https:\/\/atecordoba.org\/wp-content\/uploads\/2023\/07\/WhatsApp-Image-2023-07-18-at-10.55.45-150x150.jpeg 150w, https:\/\/atecordoba.org\/wp-content\/uploads\/2023\/07\/WhatsApp-Image-2023-07-18-at-10.55.45-768x768.jpeg 768w, https:\/\/atecordoba.org\/wp-content\/uploads\/2023\/07\/WhatsApp-Image-2023-07-18-at-10.55.45-560x560.jpeg 560w, https:\/\/atecordoba.org\/wp-content\/uploads\/2023\/07\/WhatsApp-Image-2023-07-18-at-10.55.45-75x75.jpeg 75w, https:\/\/atecordoba.org\/wp-content\/uploads\/2023\/07\/WhatsApp-Image-2023-07-18-at-10.55.45-350x350.jpeg 350w, https:\/\/atecordoba.org\/wp-content\/uploads\/2023\/07\/WhatsApp-Image-2023-07-18-at-10.55.45-750x750.jpeg 750w\" sizes=\"auto, (max-width: 1000px) 100vw, 1000px\" \/><\/figure>\n\n\n\n<figure class=\"wp-block-image size-large\"><img loading=\"lazy\" decoding=\"async\" width=\"1000\" height=\"1000\" data-id=\"37767\" src=\"https:\/\/atecordoba.org\/wp-content\/uploads\/2023\/07\/WhatsApp-Image-2023-07-18-at-10.55.53-1.jpeg\" alt=\"\" class=\"wp-image-37767\" srcset=\"https:\/\/atecordoba.org\/wp-content\/uploads\/2023\/07\/WhatsApp-Image-2023-07-18-at-10.55.53-1.jpeg 1000w, https:\/\/atecordoba.org\/wp-content\/uploads\/2023\/07\/WhatsApp-Image-2023-07-18-at-10.55.53-1-300x300.jpeg 300w, https:\/\/atecordoba.org\/wp-content\/uploads\/2023\/07\/WhatsApp-Image-2023-07-18-at-10.55.53-1-150x150.jpeg 150w, https:\/\/atecordoba.org\/wp-content\/uploads\/2023\/07\/WhatsApp-Image-2023-07-18-at-10.55.53-1-768x768.jpeg 768w, https:\/\/atecordoba.org\/wp-content\/uploads\/2023\/07\/WhatsApp-Image-2023-07-18-at-10.55.53-1-560x560.jpeg 560w, https:\/\/atecordoba.org\/wp-content\/uploads\/2023\/07\/WhatsApp-Image-2023-07-18-at-10.55.53-1-75x75.jpeg 75w, https:\/\/atecordoba.org\/wp-content\/uploads\/2023\/07\/WhatsApp-Image-2023-07-18-at-10.55.53-1-350x350.jpeg 350w, https:\/\/atecordoba.org\/wp-content\/uploads\/2023\/07\/WhatsApp-Image-2023-07-18-at-10.55.53-1-750x750.jpeg 750w\" sizes=\"auto, (max-width: 1000px) 100vw, 1000px\" \/><\/figure>\n\n\n\n<figure class=\"wp-block-image size-large\"><img loading=\"lazy\" decoding=\"async\" width=\"1000\" height=\"1000\" data-id=\"37763\" src=\"https:\/\/atecordoba.org\/wp-content\/uploads\/2023\/07\/WhatsApp-Image-2023-07-18-at-10.55.47.jpeg\" alt=\"\" class=\"wp-image-37763\" srcset=\"https:\/\/atecordoba.org\/wp-content\/uploads\/2023\/07\/WhatsApp-Image-2023-07-18-at-10.55.47.jpeg 1000w, https:\/\/atecordoba.org\/wp-content\/uploads\/2023\/07\/WhatsApp-Image-2023-07-18-at-10.55.47-300x300.jpeg 300w, https:\/\/atecordoba.org\/wp-content\/uploads\/2023\/07\/WhatsApp-Image-2023-07-18-at-10.55.47-150x150.jpeg 150w, https:\/\/atecordoba.org\/wp-content\/uploads\/2023\/07\/WhatsApp-Image-2023-07-18-at-10.55.47-768x768.jpeg 768w, https:\/\/atecordoba.org\/wp-content\/uploads\/2023\/07\/WhatsApp-Image-2023-07-18-at-10.55.47-560x560.jpeg 560w, https:\/\/atecordoba.org\/wp-content\/uploads\/2023\/07\/WhatsApp-Image-2023-07-18-at-10.55.47-75x75.jpeg 75w, https:\/\/atecordoba.org\/wp-content\/uploads\/2023\/07\/WhatsApp-Image-2023-07-18-at-10.55.47-350x350.jpeg 350w, https:\/\/atecordoba.org\/wp-content\/uploads\/2023\/07\/WhatsApp-Image-2023-07-18-at-10.55.47-750x750.jpeg 750w\" sizes=\"auto, (max-width: 1000px) 100vw, 1000px\" \/><\/figure>\n<\/figure>\n\n\n\n<p>En tal sentido, Beto Pozzi explica que &#8220;tenemos esta metodolog\u00eda y la vamos a aplicar para todo el territorio de Punilla, Traslasierra y Cruz del Eje&#8221;. <\/p>\n\n\n\n<p>&#8220;Hace falta asamblea semanales y mensuales, para saber cu\u00e1les son las problem\u00e1ticas de los sectores y anticiparse a los conflictos. Si con di\u00e1logo se pueden resolver siempre es mejor, pero obviamente cuando no hay comunicaci\u00f3n con el patr\u00f3n, cuando con el di\u00e1logo no podemos cumplir los objetivos ATE siempre ha luchado defendiendo los derechos de los trabajadores. El mejor ejemplo es el conflicto de la semana pasada con una movilizaci\u00f3n que gener\u00f3 la reincorporaci\u00f3n de todos los compa\u00f1eros y compa\u00f1eras despedidos&#8221;, remarca el dirigente.<\/p>\n\n\n\n<p>En esa l\u00ednea, Pozzi asegura que &#8220;nosotros creemos que no hay que llegar a los conflictos porque si y patear todo, como se hizo en un par de lugares, sino que las cosas se van construyendo y es fundamental que haya delegados en todos los sectores, no solo en cada municipalidad sino en todos los sectores dentro de esa comuna&#8221;.<\/p>\n\n\n\n<p><strong>Mirada territorial<\/strong><\/p>\n\n\n\n<p>Pozzi explica que &#8220;la lista est\u00e1 armada en el amplio territorio que tiene la seccional Cruz del Eje, cubriendo parte de Traslasierra, Punilla y el norte provincial&#8221;. <\/p>\n\n\n\n<p>Y agrega que &#8220;cuenta con afiliados y afiliadas nacionales, provinciales, municipales. Por eso est\u00e1 integrada de manera plural con gente de casi todos los sectores. Estamos contentos con esta conformaci\u00f3n y vamos a disputar una elecci\u00f3n donde somos oposici\u00f3n porque la lista actual que conduce la seccional es m\u00e1s de los mismo, sin muchos cambios. Incluso estamos integrando en nuestra lista a ex secretarios de la conducci\u00f3n anterior que renunciaron porque no vieron bien el manejo de la seccional y se fueron alejando&#8221;.<\/p>\n\n\n\n<p>Pozzi rescata que &#8220;nuestra lista tiene una forma de trabajar y de pensar en sinton\u00eda con la historia de ATE, a los compa\u00f1eros precarizados los respetamos y no los consideramos un problema sino el motor de ATE. Incluso varios est\u00e1n en la lista&#8221;.<\/p>\n\n\n\n<p>En el \u00e1rea de cobertura de la Seccional Cruz del Eje, al igual que en otros puntos de la provincia de C\u00f3rdoba hay precarizados de distintos niveles. Pozzi lo describe y al mismo tiempo propone una agenda de problemas fundamentales a resolver para las y los estatales: &#8220;est\u00e1 el nacional que como tiene contrato anual le hacen los descuentos como si fuese un planta permanente. Por eso le macrismo los ech\u00f3 cuando no le renovaba los contratos y es muestra claramente su estado de precarizaci\u00f3n. Est\u00e1n los compa\u00f1eros que ni siquiera gozan de esa circunstancia y que nosotros obviamente los respetamos igual porque pagan el bono de manera personal para poder ser par&#8221;.<\/p>\n\n\n\n<p>Desde lo territorial, la Lista Verde Violeta suma propuestas de acci\u00f3n social, cultura, formaci\u00f3n, g\u00e9neros y diversidades, siempre con la mirada aut\u00f3noma y combativa que es se\u00f1al de identidad de nuestra ATE, el gremio de los estales pr\u00f3ximo a cumplir 100 a\u00f1os de vida. <\/p>\n\n\n\n<figure class=\"wp-block-gallery has-nested-images columns-default is-cropped wp-block-gallery-2 is-layout-flex wp-block-gallery-is-layout-flex\">\n<figure class=\"wp-block-image size-large\"><img loading=\"lazy\" decoding=\"async\" width=\"1024\" height=\"728\" data-id=\"37760\" src=\"https:\/\/atecordoba.org\/wp-content\/uploads\/2023\/07\/WhatsApp-Image-2023-07-18-at-09.56.17-1-1024x728.jpeg\" alt=\"\" class=\"wp-image-37760\" srcset=\"https:\/\/atecordoba.org\/wp-content\/uploads\/2023\/07\/WhatsApp-Image-2023-07-18-at-09.56.17-1-1024x728.jpeg 1024w, https:\/\/atecordoba.org\/wp-content\/uploads\/2023\/07\/WhatsApp-Image-2023-07-18-at-09.56.17-1-300x213.jpeg 300w, https:\/\/atecordoba.org\/wp-content\/uploads\/2023\/07\/WhatsApp-Image-2023-07-18-at-09.56.17-1-768x546.jpeg 768w, https:\/\/atecordoba.org\/wp-content\/uploads\/2023\/07\/WhatsApp-Image-2023-07-18-at-09.56.17-1-120x86.jpeg 120w, https:\/\/atecordoba.org\/wp-content\/uploads\/2023\/07\/WhatsApp-Image-2023-07-18-at-09.56.17-1-350x250.jpeg 350w, https:\/\/atecordoba.org\/wp-content\/uploads\/2023\/07\/WhatsApp-Image-2023-07-18-at-09.56.17-1-750x533.jpeg 750w, https:\/\/atecordoba.org\/wp-content\/uploads\/2023\/07\/WhatsApp-Image-2023-07-18-at-09.56.17-1.jpeg 1080w\" sizes=\"auto, (max-width: 1024px) 100vw, 1024px\" \/><\/figure>\n\n\n\n<figure class=\"wp-block-image size-large\"><img loading=\"lazy\" decoding=\"async\" width=\"1024\" height=\"728\" data-id=\"37759\" src=\"https:\/\/atecordoba.org\/wp-content\/uploads\/2023\/07\/WhatsApp-Image-2023-07-18-at-09.56.17-1024x728.jpeg\" alt=\"\" class=\"wp-image-37759\" srcset=\"https:\/\/atecordoba.org\/wp-content\/uploads\/2023\/07\/WhatsApp-Image-2023-07-18-at-09.56.17-1024x728.jpeg 1024w, https:\/\/atecordoba.org\/wp-content\/uploads\/2023\/07\/WhatsApp-Image-2023-07-18-at-09.56.17-300x213.jpeg 300w, https:\/\/atecordoba.org\/wp-content\/uploads\/2023\/07\/WhatsApp-Image-2023-07-18-at-09.56.17-768x546.jpeg 768w, https:\/\/atecordoba.org\/wp-content\/uploads\/2023\/07\/WhatsApp-Image-2023-07-18-at-09.56.17-120x86.jpeg 120w, https:\/\/atecordoba.org\/wp-content\/uploads\/2023\/07\/WhatsApp-Image-2023-07-18-at-09.56.17-350x250.jpeg 350w, https:\/\/atecordoba.org\/wp-content\/uploads\/2023\/07\/WhatsApp-Image-2023-07-18-at-09.56.17-750x533.jpeg 750w, https:\/\/atecordoba.org\/wp-content\/uploads\/2023\/07\/WhatsApp-Image-2023-07-18-at-09.56.17.jpeg 1080w\" sizes=\"auto, (max-width: 1024px) 100vw, 1024px\" \/><\/figure>\n<\/figure>\n","protected":false},"excerpt":{"rendered":"<p>Con miras a las pr\u00f3ximas elecciones del 9 de agosto de renovaci\u00f3n de las conducciones de ATE a nivel nacional, provincial y seccionales, en Cruz del Eje se presenta la lista Verde-violeta que propone a los dirigentes municipales M\u00f3nica Rodr\u00edguez y Juan Pablo Beto Pozzi para secretaria General y General Adjunto para el periodo 2023-2027. [&hellip;]<\/p>\n","protected":false},"author":7,"featured_media":37761,"comment_status":"open","ping_status":"open","sticky":false,"template":"","format":"standard","meta":{"_exactmetrics_skip_tracking":false,"_exactmetrics_sitenote_active":false,"_exactmetrics_sitenote_note":"","_exactmetrics_sitenote_category":0,"jnews-multi-image_gallery":[],"jnews_single_post":{"subtitle":"La propuesta se suma a la referencia de Federico Giuliani como secretario General de ATE C\u00f3rdoba y a Rodolfo Aguiar, como Secretario General de ATE Nacional, en representaci\u00f3n de la Agrupaci\u00f3n Verde Anusate, que fundaron los hist\u00f3ricos German Abdala, Victor de Gennaro y H\u00e9ctor Quagliaro, entre otros grandes dirigentes estatales de nuestra ATE.","format":"standard","video":"","gallery":"","source_name":"","source_url":"","via_name":"","via_url":"","override_template":"0","override":[{"template":"1","single_blog_custom":"","parallax":"1","fullscreen":"1","layout":"no-sidebar-narrow","sidebar":"default-sidebar","second_sidebar":"default-sidebar","sticky_sidebar":"1","share_position":"bottom","share_float_style":"share-monocrhome","show_share_counter":"1","show_view_counter":"1","show_featured":"0","show_post_meta":"1","show_post_author":"0","show_post_author_image":"1","show_post_date":"1","post_date_format":"default","post_date_format_custom":"Y\/m\/d","show_post_category":"1","show_post_reading_time":"0","post_reading_time_wpm":"300","show_zoom_button":"0","zoom_button_out_step":"2","zoom_button_in_step":"3","show_post_tag":"1","show_prev_next_post":"0","show_popup_post":"0","number_popup_post":"1","show_author_box":"0","show_post_related":"1","show_inline_post_related":"0"}],"override_image_size":"0","image_override":[{"single_post_thumbnail_size":"crop-500","single_post_gallery_size":"crop-500"}],"trending_post":"0","trending_post_position":"meta","trending_post_label":"Trending","sponsored_post":"0","sponsored_post_label":"Sponsored by","sponsored_post_name":"","sponsored_post_url":"","sponsored_post_logo_enable":"0","sponsored_post_logo":"","sponsored_post_desc":"","disable_ad":"0"},"jnews_primary_category":{"id":"","hide":""},"jnews_social_meta":{"fb_title":"","fb_description":"","fb_image":"","twitter_title":"","twitter_description":"","twitter_image":""},"jnews_review":[],"enable_review":"0","type":"percentage","name":"","summary":"","brand":"","sku":"","good":[{"good_text":""}],"bad":[{"bad_text":""}],"score_override":"","override_value":"","rating":[{"rating_text":"","rating_number":"10"}],"price":[{"shop":"","price":"","link":"","icon":""}],"jnews_override_counter":{"override_view_counter":"0","view_counter_number":"0","override_share_counter":"0","share_counter_number":"0","override_like_counter":"0","like_counter_number":"0","override_dislike_counter":"0","dislike_counter_number":"0"},"jnews_post_split":{"enable_post_split":"0","post_split":[{"template":"1","tag":"h2","numbering":"asc","mode":"normal","first":"0","enable_toc":"0","toc_type":"normal"}]},"footnotes":""},"categories":[150],"tags":[],"class_list":["post-37758","post","type-post","status-publish","format-standard","has-post-thumbnail","hentry","category-cruz-del-eje"],"jetpack_featured_media_url":"https:\/\/atecordoba.org\/wp-content\/uploads\/2023\/07\/WhatsApp-Image-2023-07-18-at-10.55.41-e1689688740893.jpeg","_links":{"self":[{"href":"https:\/\/atecordoba.org\/index.php?rest_route=\/wp\/v2\/posts\/37758","targetHints":{"allow":["GET"]}}],"collection":[{"href":"https:\/\/atecordoba.org\/index.php?rest_route=\/wp\/v2\/posts"}],"about":[{"href":"https:\/\/atecordoba.org\/index.php?rest_route=\/wp\/v2\/types\/post"}],"author":[{"embeddable":true,"href":"https:\/\/atecordoba.org\/index.php?rest_route=\/wp\/v2\/users\/7"}],"replies":[{"embeddable":true,"href":"https:\/\/atecordoba.org\/index.php?rest_route=%2Fwp%2Fv2%2Fcomments&post=37758"}],"version-history":[{"count":2,"href":"https:\/\/atecordoba.org\/index.php?rest_route=\/wp\/v2\/posts\/37758\/revisions"}],"predecessor-version":[{"id":37769,"href":"https:\/\/atecordoba.org\/index.php?rest_route=\/wp\/v2\/posts\/37758\/revisions\/37769"}],"wp:featuredmedia":[{"embeddable":true,"href":"https:\/\/atecordoba.org\/index.php?rest_route=\/wp\/v2\/media\/37761"}],"wp:attachment":[{"href":"https:\/\/atecordoba.org\/index.php?rest_route=%2Fwp%2Fv2%2Fmedia&parent=37758"}],"wp:term":[{"taxonomy":"category","embeddable":true,"href":"https:\/\/atecordoba.org\/index.php?rest_route=%2Fwp%2Fv2%2Fcategories&post=37758"},{"taxonomy":"post_tag","embeddable":true,"href":"https:\/\/atecordoba.org\/index.php?rest_route=%2Fwp%2Fv2%2Ftags&post=37758"}],"curies":[{"name":"wp","href":"https:\/\/api.w.org\/{rel}","templated":true}]}}