{"id":37729,"date":"2023-07-14T14:01:49","date_gmt":"2023-07-14T17:01:49","guid":{"rendered":"https:\/\/atecordoba.org\/?p=37729"},"modified":"2023-07-14T14:04:29","modified_gmt":"2023-07-14T17:04:29","slug":"ate-se-movilizo-en-cruz-del-eje-y-logro-la-reincorporacion-de-las-y-los-11-despedidos","status":"publish","type":"post","link":"https:\/\/atecordoba.org\/?p=37729","title":{"rendered":"ATE se moviliz\u00f3 en Cruz del Eje y logr\u00f3 la reincorporaci\u00f3n de las y los 11 despedidos"},"content":{"rendered":"\n<div class=\"wp-block-image\"><figure class=\"aligncenter size-large is-resized\"><img loading=\"lazy\" decoding=\"async\" src=\"https:\/\/atecordoba.org\/wp-content\/uploads\/2023\/07\/WhatsApp-Image-2023-07-14-at-13.41.00-2-1-1024x771.jpeg\" alt=\"\" class=\"wp-image-37733\" width=\"768\" height=\"578\" srcset=\"https:\/\/atecordoba.org\/wp-content\/uploads\/2023\/07\/WhatsApp-Image-2023-07-14-at-13.41.00-2-1-1024x771.jpeg 1024w, https:\/\/atecordoba.org\/wp-content\/uploads\/2023\/07\/WhatsApp-Image-2023-07-14-at-13.41.00-2-1-300x226.jpeg 300w, https:\/\/atecordoba.org\/wp-content\/uploads\/2023\/07\/WhatsApp-Image-2023-07-14-at-13.41.00-2-1-768x578.jpeg 768w, https:\/\/atecordoba.org\/wp-content\/uploads\/2023\/07\/WhatsApp-Image-2023-07-14-at-13.41.00-2-1-1536x1156.jpeg 1536w, https:\/\/atecordoba.org\/wp-content\/uploads\/2023\/07\/WhatsApp-Image-2023-07-14-at-13.41.00-2-1-750x564.jpeg 750w, https:\/\/atecordoba.org\/wp-content\/uploads\/2023\/07\/WhatsApp-Image-2023-07-14-at-13.41.00-2-1-1140x858.jpeg 1140w, https:\/\/atecordoba.org\/wp-content\/uploads\/2023\/07\/WhatsApp-Image-2023-07-14-at-13.41.00-2-1.jpeg 1600w\" sizes=\"auto, (max-width: 768px) 100vw, 768px\" \/><\/figure><\/div>\n\n\n\n<p>Hoy ATE alcanz\u00f3 un importante logro en la ciudad de Cruz del Eje al acordar con funcionarios municipales la reincorporaci\u00f3n de 11 despidos que se ordenaron la semana pasada, bajo el formato de no renovaci\u00f3n de contratos y becas ya que se trata de personal altamente precarizado. <\/p>\n\n\n\n<p>Los despidos hab\u00edan recalaron sobre trabajadoras, afiliadas de ATE, que cumplen funciones en \u00e1reas como enfermer\u00eda o sala cuna. Vale se\u00f1alar que el v\u00ednculo laboral hab\u00eda sido roto sin mediar aviso, despu\u00e9s que el intendente Claudio Far\u00edas perdiera las \u00faltimas elecciones donde pretend\u00eda renovar mandato. Por eso ayer ATE<a rel=\"noreferrer noopener\" href=\"https:\/\/atecordoba.org\/?p=37723\" target=\"_blank\"> decret\u00f3 el paro de actividades<\/a> frente a la medida arbitraria del intendente Far\u00edas.<\/p>\n\n\n\n<div class=\"wp-block-image\"><figure class=\"aligncenter size-large is-resized\"><img loading=\"lazy\" decoding=\"async\" src=\"https:\/\/atecordoba.org\/wp-content\/uploads\/2023\/07\/WhatsApp-Image-2023-07-14-at-13.40.31-1-771x1024.jpeg\" alt=\"\" class=\"wp-image-37735\" width=\"578\" height=\"768\" srcset=\"https:\/\/atecordoba.org\/wp-content\/uploads\/2023\/07\/WhatsApp-Image-2023-07-14-at-13.40.31-1-771x1024.jpeg 771w, https:\/\/atecordoba.org\/wp-content\/uploads\/2023\/07\/WhatsApp-Image-2023-07-14-at-13.40.31-1-226x300.jpeg 226w, https:\/\/atecordoba.org\/wp-content\/uploads\/2023\/07\/WhatsApp-Image-2023-07-14-at-13.40.31-1-768x1021.jpeg 768w, https:\/\/atecordoba.org\/wp-content\/uploads\/2023\/07\/WhatsApp-Image-2023-07-14-at-13.40.31-1-1156x1536.jpeg 1156w, https:\/\/atecordoba.org\/wp-content\/uploads\/2023\/07\/WhatsApp-Image-2023-07-14-at-13.40.31-1-750x997.jpeg 750w, https:\/\/atecordoba.org\/wp-content\/uploads\/2023\/07\/WhatsApp-Image-2023-07-14-at-13.40.31-1-1140x1515.jpeg 1140w, https:\/\/atecordoba.org\/wp-content\/uploads\/2023\/07\/WhatsApp-Image-2023-07-14-at-13.40.31-1.jpeg 1204w\" sizes=\"auto, (max-width: 578px) 100vw, 578px\" \/><\/figure><\/div>\n\n\n\n<p>ATE encabez\u00f3 la protesta esta ma\u00f1ana por las calles de la ciudad y llev\u00f3 la bronca de las y los estatales a la puerta misma de la Municipalidad, en una ruidosa movilizaci\u00f3n que estuvo encabezada por el secretario General del Consejo Directivo Provincial, Federico Giuliani, que fue a Cruz del Eje junto a una comitiva de compa\u00f1eras y compa\u00f1eros llegada para expresar la solidaridad del conjunto de nuestro gremio.<\/p>\n\n\n\n<p>En horas del medio d\u00eda, Giuliani, junto con la dirigente M\u00f3nica Rodr\u00edguez, el delegado Ricardo Rodr\u00edguez, y el secretario General de la CTA C\u00f3rdoba Capital, Jorge Chalup, ingresaron a la Municipalidad, donde se llev\u00f3 adelante la negociaci\u00f3n con el secretario de Gobierno, Nelson Acu\u00f1a, quien termin\u00f3 confirmando que las y los trabajadores se reincorporar\u00e1n a sus puestos de trabajo y confirm\u00f3 que el martes pr\u00f3ximo se har\u00e1 efectiva dicha medida ya que el lunes es feriado en la ciudad. <\/p>\n\n\n\n<p><\/p>\n\n\n\n<div class=\"wp-block-image\"><figure class=\"aligncenter size-large is-resized\"><img loading=\"lazy\" decoding=\"async\" src=\"https:\/\/atecordoba.org\/wp-content\/uploads\/2023\/07\/WhatsApp-Image-2023-07-14-at-11.57.03-1024x771.jpeg\" alt=\"\" class=\"wp-image-37736\" width=\"768\" height=\"578\" srcset=\"https:\/\/atecordoba.org\/wp-content\/uploads\/2023\/07\/WhatsApp-Image-2023-07-14-at-11.57.03-1024x771.jpeg 1024w, https:\/\/atecordoba.org\/wp-content\/uploads\/2023\/07\/WhatsApp-Image-2023-07-14-at-11.57.03-300x226.jpeg 300w, https:\/\/atecordoba.org\/wp-content\/uploads\/2023\/07\/WhatsApp-Image-2023-07-14-at-11.57.03-768x578.jpeg 768w, https:\/\/atecordoba.org\/wp-content\/uploads\/2023\/07\/WhatsApp-Image-2023-07-14-at-11.57.03-1536x1156.jpeg 1536w, https:\/\/atecordoba.org\/wp-content\/uploads\/2023\/07\/WhatsApp-Image-2023-07-14-at-11.57.03-750x564.jpeg 750w, https:\/\/atecordoba.org\/wp-content\/uploads\/2023\/07\/WhatsApp-Image-2023-07-14-at-11.57.03-1140x858.jpeg 1140w, https:\/\/atecordoba.org\/wp-content\/uploads\/2023\/07\/WhatsApp-Image-2023-07-14-at-11.57.03.jpeg 1600w\" sizes=\"auto, (max-width: 768px) 100vw, 768px\" \/><\/figure><\/div>\n\n\n\n<p><strong>Seccional<\/strong><\/p>\n\n\n\n<p>Este triunfo se alcanz\u00f3 a pesar que la conducci\u00f3n de la seccional local brill\u00f3 por su ausencia en el conflicto, lo que signific\u00f3 un duro cuestionamiento de los compa\u00f1eros presentes en el lugar. &#8220;ATE Cruz del Eje tiene una seccional cuyo secretario General no asom\u00f3 la cara, habiendo despidos de 11 compa\u00f1eras que son afiliadas de ATE y que, adem\u00e1s de estar precarizadas y cobrando una miseria, son sost\u00e9n de familia. Pero no fue capaz de arrimarse para apoyar la movida y bancar a las compa\u00f1eras, lo que nos parece una irresponsabilidad absoluta como dirigente&#8221;, apunt\u00f3 Juan Pablo Pozzi, referente de ATE en el Valle de Punilla.<\/p>\n\n\n\n<p>&#8220;Reincoproramos a l@ 11 compas despedid@s en Cruz del Eje&#8221;, celebr\u00f3 Giuliani al terminar la audiencia. ATE lucha, ATE cumple.<\/p>\n\n\n\n<figure class=\"wp-block-gallery has-nested-images columns-default is-cropped wp-block-gallery-1 is-layout-flex wp-block-gallery-is-layout-flex\">\n<figure class=\"wp-block-image size-large\"><img loading=\"lazy\" decoding=\"async\" width=\"771\" height=\"1024\" data-id=\"37744\" src=\"https:\/\/atecordoba.org\/wp-content\/uploads\/2023\/07\/WhatsApp-Image-2023-07-14-at-11.57.04-1-771x1024.jpeg\" alt=\"\" class=\"wp-image-37744\" srcset=\"https:\/\/atecordoba.org\/wp-content\/uploads\/2023\/07\/WhatsApp-Image-2023-07-14-at-11.57.04-1-771x1024.jpeg 771w, https:\/\/atecordoba.org\/wp-content\/uploads\/2023\/07\/WhatsApp-Image-2023-07-14-at-11.57.04-1-226x300.jpeg 226w, https:\/\/atecordoba.org\/wp-content\/uploads\/2023\/07\/WhatsApp-Image-2023-07-14-at-11.57.04-1-768x1021.jpeg 768w, https:\/\/atecordoba.org\/wp-content\/uploads\/2023\/07\/WhatsApp-Image-2023-07-14-at-11.57.04-1-1156x1536.jpeg 1156w, https:\/\/atecordoba.org\/wp-content\/uploads\/2023\/07\/WhatsApp-Image-2023-07-14-at-11.57.04-1-750x997.jpeg 750w, https:\/\/atecordoba.org\/wp-content\/uploads\/2023\/07\/WhatsApp-Image-2023-07-14-at-11.57.04-1-1140x1515.jpeg 1140w, https:\/\/atecordoba.org\/wp-content\/uploads\/2023\/07\/WhatsApp-Image-2023-07-14-at-11.57.04-1.jpeg 1204w\" sizes=\"auto, (max-width: 771px) 100vw, 771px\" \/><\/figure>\n\n\n\n<figure class=\"wp-block-image size-large\"><img loading=\"lazy\" decoding=\"async\" width=\"1024\" height=\"771\" data-id=\"37742\" src=\"https:\/\/atecordoba.org\/wp-content\/uploads\/2023\/07\/WhatsApp-Image-2023-07-14-at-11.57.01-1-1024x771.jpeg\" alt=\"\" class=\"wp-image-37742\" srcset=\"https:\/\/atecordoba.org\/wp-content\/uploads\/2023\/07\/WhatsApp-Image-2023-07-14-at-11.57.01-1-1024x771.jpeg 1024w, https:\/\/atecordoba.org\/wp-content\/uploads\/2023\/07\/WhatsApp-Image-2023-07-14-at-11.57.01-1-300x226.jpeg 300w, https:\/\/atecordoba.org\/wp-content\/uploads\/2023\/07\/WhatsApp-Image-2023-07-14-at-11.57.01-1-768x578.jpeg 768w, https:\/\/atecordoba.org\/wp-content\/uploads\/2023\/07\/WhatsApp-Image-2023-07-14-at-11.57.01-1-1536x1156.jpeg 1536w, https:\/\/atecordoba.org\/wp-content\/uploads\/2023\/07\/WhatsApp-Image-2023-07-14-at-11.57.01-1-750x564.jpeg 750w, https:\/\/atecordoba.org\/wp-content\/uploads\/2023\/07\/WhatsApp-Image-2023-07-14-at-11.57.01-1-1140x858.jpeg 1140w, https:\/\/atecordoba.org\/wp-content\/uploads\/2023\/07\/WhatsApp-Image-2023-07-14-at-11.57.01-1.jpeg 1600w\" sizes=\"auto, (max-width: 1024px) 100vw, 1024px\" \/><\/figure>\n\n\n\n<figure class=\"wp-block-image size-large\"><img loading=\"lazy\" decoding=\"async\" width=\"771\" height=\"1024\" data-id=\"37738\" src=\"https:\/\/atecordoba.org\/wp-content\/uploads\/2023\/07\/WhatsApp-Image-2023-07-14-at-11.57.01-771x1024.jpeg\" alt=\"\" class=\"wp-image-37738\" srcset=\"https:\/\/atecordoba.org\/wp-content\/uploads\/2023\/07\/WhatsApp-Image-2023-07-14-at-11.57.01-771x1024.jpeg 771w, https:\/\/atecordoba.org\/wp-content\/uploads\/2023\/07\/WhatsApp-Image-2023-07-14-at-11.57.01-226x300.jpeg 226w, https:\/\/atecordoba.org\/wp-content\/uploads\/2023\/07\/WhatsApp-Image-2023-07-14-at-11.57.01-768x1021.jpeg 768w, https:\/\/atecordoba.org\/wp-content\/uploads\/2023\/07\/WhatsApp-Image-2023-07-14-at-11.57.01-1156x1536.jpeg 1156w, https:\/\/atecordoba.org\/wp-content\/uploads\/2023\/07\/WhatsApp-Image-2023-07-14-at-11.57.01-750x997.jpeg 750w, https:\/\/atecordoba.org\/wp-content\/uploads\/2023\/07\/WhatsApp-Image-2023-07-14-at-11.57.01-1140x1515.jpeg 1140w, https:\/\/atecordoba.org\/wp-content\/uploads\/2023\/07\/WhatsApp-Image-2023-07-14-at-11.57.01.jpeg 1204w\" sizes=\"auto, (max-width: 771px) 100vw, 771px\" \/><\/figure>\n\n\n\n<figure class=\"wp-block-image size-large\"><img loading=\"lazy\" decoding=\"async\" width=\"1024\" height=\"771\" data-id=\"37737\" src=\"https:\/\/atecordoba.org\/wp-content\/uploads\/2023\/07\/WhatsApp-Image-2023-07-14-at-11.57.02-1-1024x771.jpeg\" alt=\"\" class=\"wp-image-37737\" srcset=\"https:\/\/atecordoba.org\/wp-content\/uploads\/2023\/07\/WhatsApp-Image-2023-07-14-at-11.57.02-1-1024x771.jpeg 1024w, https:\/\/atecordoba.org\/wp-content\/uploads\/2023\/07\/WhatsApp-Image-2023-07-14-at-11.57.02-1-300x226.jpeg 300w, https:\/\/atecordoba.org\/wp-content\/uploads\/2023\/07\/WhatsApp-Image-2023-07-14-at-11.57.02-1-768x578.jpeg 768w, https:\/\/atecordoba.org\/wp-content\/uploads\/2023\/07\/WhatsApp-Image-2023-07-14-at-11.57.02-1-1536x1156.jpeg 1536w, https:\/\/atecordoba.org\/wp-content\/uploads\/2023\/07\/WhatsApp-Image-2023-07-14-at-11.57.02-1-750x564.jpeg 750w, https:\/\/atecordoba.org\/wp-content\/uploads\/2023\/07\/WhatsApp-Image-2023-07-14-at-11.57.02-1-1140x858.jpeg 1140w, https:\/\/atecordoba.org\/wp-content\/uploads\/2023\/07\/WhatsApp-Image-2023-07-14-at-11.57.02-1.jpeg 1600w\" sizes=\"auto, (max-width: 1024px) 100vw, 1024px\" \/><\/figure>\n\n\n\n<figure class=\"wp-block-image size-large\"><img loading=\"lazy\" decoding=\"async\" width=\"1024\" height=\"771\" data-id=\"37740\" src=\"https:\/\/atecordoba.org\/wp-content\/uploads\/2023\/07\/WhatsApp-Image-2023-07-14-at-11.57.02-2-1024x771.jpeg\" alt=\"\" class=\"wp-image-37740\" srcset=\"https:\/\/atecordoba.org\/wp-content\/uploads\/2023\/07\/WhatsApp-Image-2023-07-14-at-11.57.02-2-1024x771.jpeg 1024w, https:\/\/atecordoba.org\/wp-content\/uploads\/2023\/07\/WhatsApp-Image-2023-07-14-at-11.57.02-2-300x226.jpeg 300w, https:\/\/atecordoba.org\/wp-content\/uploads\/2023\/07\/WhatsApp-Image-2023-07-14-at-11.57.02-2-768x578.jpeg 768w, https:\/\/atecordoba.org\/wp-content\/uploads\/2023\/07\/WhatsApp-Image-2023-07-14-at-11.57.02-2-1536x1156.jpeg 1536w, https:\/\/atecordoba.org\/wp-content\/uploads\/2023\/07\/WhatsApp-Image-2023-07-14-at-11.57.02-2-750x564.jpeg 750w, https:\/\/atecordoba.org\/wp-content\/uploads\/2023\/07\/WhatsApp-Image-2023-07-14-at-11.57.02-2-1140x858.jpeg 1140w, https:\/\/atecordoba.org\/wp-content\/uploads\/2023\/07\/WhatsApp-Image-2023-07-14-at-11.57.02-2.jpeg 1600w\" sizes=\"auto, (max-width: 1024px) 100vw, 1024px\" \/><\/figure>\n\n\n\n<figure class=\"wp-block-image size-large\"><img loading=\"lazy\" decoding=\"async\" width=\"771\" height=\"1024\" data-id=\"37741\" src=\"https:\/\/atecordoba.org\/wp-content\/uploads\/2023\/07\/WhatsApp-Image-2023-07-14-at-11.57.02-771x1024.jpeg\" alt=\"\" class=\"wp-image-37741\" srcset=\"https:\/\/atecordoba.org\/wp-content\/uploads\/2023\/07\/WhatsApp-Image-2023-07-14-at-11.57.02-771x1024.jpeg 771w, https:\/\/atecordoba.org\/wp-content\/uploads\/2023\/07\/WhatsApp-Image-2023-07-14-at-11.57.02-226x300.jpeg 226w, https:\/\/atecordoba.org\/wp-content\/uploads\/2023\/07\/WhatsApp-Image-2023-07-14-at-11.57.02-768x1021.jpeg 768w, https:\/\/atecordoba.org\/wp-content\/uploads\/2023\/07\/WhatsApp-Image-2023-07-14-at-11.57.02-1156x1536.jpeg 1156w, https:\/\/atecordoba.org\/wp-content\/uploads\/2023\/07\/WhatsApp-Image-2023-07-14-at-11.57.02-750x997.jpeg 750w, https:\/\/atecordoba.org\/wp-content\/uploads\/2023\/07\/WhatsApp-Image-2023-07-14-at-11.57.02-1140x1515.jpeg 1140w, https:\/\/atecordoba.org\/wp-content\/uploads\/2023\/07\/WhatsApp-Image-2023-07-14-at-11.57.02.jpeg 1204w\" sizes=\"auto, (max-width: 771px) 100vw, 771px\" \/><\/figure>\n\n\n\n<figure class=\"wp-block-image size-large\"><img loading=\"lazy\" decoding=\"async\" width=\"771\" height=\"1024\" data-id=\"37746\" src=\"https:\/\/atecordoba.org\/wp-content\/uploads\/2023\/07\/WhatsApp-Image-2023-07-14-at-13.41.00-4-771x1024.jpeg\" alt=\"\" class=\"wp-image-37746\" srcset=\"https:\/\/atecordoba.org\/wp-content\/uploads\/2023\/07\/WhatsApp-Image-2023-07-14-at-13.41.00-4-771x1024.jpeg 771w, https:\/\/atecordoba.org\/wp-content\/uploads\/2023\/07\/WhatsApp-Image-2023-07-14-at-13.41.00-4-226x300.jpeg 226w, https:\/\/atecordoba.org\/wp-content\/uploads\/2023\/07\/WhatsApp-Image-2023-07-14-at-13.41.00-4-768x1021.jpeg 768w, https:\/\/atecordoba.org\/wp-content\/uploads\/2023\/07\/WhatsApp-Image-2023-07-14-at-13.41.00-4-1156x1536.jpeg 1156w, https:\/\/atecordoba.org\/wp-content\/uploads\/2023\/07\/WhatsApp-Image-2023-07-14-at-13.41.00-4-750x997.jpeg 750w, https:\/\/atecordoba.org\/wp-content\/uploads\/2023\/07\/WhatsApp-Image-2023-07-14-at-13.41.00-4-1140x1515.jpeg 1140w, https:\/\/atecordoba.org\/wp-content\/uploads\/2023\/07\/WhatsApp-Image-2023-07-14-at-13.41.00-4.jpeg 1204w\" sizes=\"auto, (max-width: 771px) 100vw, 771px\" \/><\/figure>\n\n\n\n<figure class=\"wp-block-image size-large\"><img loading=\"lazy\" decoding=\"async\" width=\"1024\" height=\"771\" data-id=\"37739\" src=\"https:\/\/atecordoba.org\/wp-content\/uploads\/2023\/07\/WhatsApp-Image-2023-07-14-at-11.57.03-1-1024x771.jpeg\" alt=\"\" class=\"wp-image-37739\" srcset=\"https:\/\/atecordoba.org\/wp-content\/uploads\/2023\/07\/WhatsApp-Image-2023-07-14-at-11.57.03-1-1024x771.jpeg 1024w, https:\/\/atecordoba.org\/wp-content\/uploads\/2023\/07\/WhatsApp-Image-2023-07-14-at-11.57.03-1-300x226.jpeg 300w, https:\/\/atecordoba.org\/wp-content\/uploads\/2023\/07\/WhatsApp-Image-2023-07-14-at-11.57.03-1-768x578.jpeg 768w, https:\/\/atecordoba.org\/wp-content\/uploads\/2023\/07\/WhatsApp-Image-2023-07-14-at-11.57.03-1-1536x1156.jpeg 1536w, https:\/\/atecordoba.org\/wp-content\/uploads\/2023\/07\/WhatsApp-Image-2023-07-14-at-11.57.03-1-750x564.jpeg 750w, https:\/\/atecordoba.org\/wp-content\/uploads\/2023\/07\/WhatsApp-Image-2023-07-14-at-11.57.03-1-1140x858.jpeg 1140w, https:\/\/atecordoba.org\/wp-content\/uploads\/2023\/07\/WhatsApp-Image-2023-07-14-at-11.57.03-1.jpeg 1600w\" sizes=\"auto, (max-width: 1024px) 100vw, 1024px\" \/><\/figure>\n\n\n\n<figure class=\"wp-block-image size-large\"><img loading=\"lazy\" decoding=\"async\" width=\"1024\" height=\"771\" data-id=\"37743\" src=\"https:\/\/atecordoba.org\/wp-content\/uploads\/2023\/07\/WhatsApp-Image-2023-07-14-at-11.57.03-2-1024x771.jpeg\" alt=\"\" class=\"wp-image-37743\" srcset=\"https:\/\/atecordoba.org\/wp-content\/uploads\/2023\/07\/WhatsApp-Image-2023-07-14-at-11.57.03-2-1024x771.jpeg 1024w, https:\/\/atecordoba.org\/wp-content\/uploads\/2023\/07\/WhatsApp-Image-2023-07-14-at-11.57.03-2-300x226.jpeg 300w, https:\/\/atecordoba.org\/wp-content\/uploads\/2023\/07\/WhatsApp-Image-2023-07-14-at-11.57.03-2-768x578.jpeg 768w, https:\/\/atecordoba.org\/wp-content\/uploads\/2023\/07\/WhatsApp-Image-2023-07-14-at-11.57.03-2-1536x1156.jpeg 1536w, https:\/\/atecordoba.org\/wp-content\/uploads\/2023\/07\/WhatsApp-Image-2023-07-14-at-11.57.03-2-750x564.jpeg 750w, https:\/\/atecordoba.org\/wp-content\/uploads\/2023\/07\/WhatsApp-Image-2023-07-14-at-11.57.03-2-1140x858.jpeg 1140w, https:\/\/atecordoba.org\/wp-content\/uploads\/2023\/07\/WhatsApp-Image-2023-07-14-at-11.57.03-2.jpeg 1600w\" sizes=\"auto, (max-width: 1024px) 100vw, 1024px\" \/><\/figure>\n<\/figure>\n","protected":false},"excerpt":{"rendered":"<p>Hoy ATE alcanz\u00f3 un importante logro en la ciudad de Cruz del Eje al acordar con funcionarios municipales la reincorporaci\u00f3n de 11 despidos que se ordenaron la semana pasada, bajo el formato de no renovaci\u00f3n de contratos y becas ya que se trata de personal altamente precarizado. Los despidos hab\u00edan recalaron sobre trabajadoras, afiliadas de [&hellip;]<\/p>\n","protected":false},"author":7,"featured_media":37734,"comment_status":"open","ping_status":"open","sticky":false,"template":"","format":"standard","meta":{"_exactmetrics_skip_tracking":false,"_exactmetrics_sitenote_active":false,"_exactmetrics_sitenote_note":"","_exactmetrics_sitenote_category":0,"jnews-multi-image_gallery":[],"jnews_single_post":{"subtitle":"Son trabajadoras de enfermer\u00eda y sala cuna afiliadas a ATE que recuperan su puestos de trabajo a partir del martes pr\u00f3ximo, tras una protesta y negociaci\u00f3n con funcionarios municipales. ","format":"standard","video":"","gallery":"","source_name":"","source_url":"","via_name":"","via_url":"","override_template":"0","override":[{"template":"1","single_blog_custom":"","parallax":"1","fullscreen":"1","layout":"right-sidebar","sidebar":"default-sidebar","second_sidebar":"default-sidebar","sticky_sidebar":"1","share_position":"top","share_float_style":"share-monocrhome","show_share_counter":"1","show_view_counter":"1","show_featured":"1","show_post_meta":"1","show_post_author":"1","show_post_author_image":"1","show_post_date":"1","post_date_format":"default","post_date_format_custom":"Y\/m\/d","show_post_category":"1","show_post_reading_time":"0","post_reading_time_wpm":"300","show_zoom_button":"0","zoom_button_out_step":"2","zoom_button_in_step":"3","show_post_tag":"1","show_prev_next_post":"1","show_popup_post":"1","number_popup_post":"1","show_author_box":"0","show_post_related":"0","show_inline_post_related":"0"}],"override_image_size":"0","image_override":[{"single_post_thumbnail_size":"crop-500","single_post_gallery_size":"crop-500"}],"trending_post":"0","trending_post_position":"meta","trending_post_label":"Trending","sponsored_post":"0","sponsored_post_label":"Sponsored by","sponsored_post_name":"","sponsored_post_url":"","sponsored_post_logo_enable":"0","sponsored_post_logo":"","sponsored_post_desc":"","disable_ad":"0"},"jnews_primary_category":{"id":""},"jnews_social_meta":{"fb_title":"","fb_description":"","fb_image":"","twitter_title":"","twitter_description":"","twitter_image":""},"jnews_review":[],"enable_review":"0","type":"percentage","name":"","summary":"","brand":"","sku":"","good":[{"good_text":""}],"bad":[{"bad_text":""}],"score_override":"","override_value":"","rating":[{"rating_text":"","rating_number":"10"}],"price":[{"shop":"","price":"","link":"","icon":""}],"jnews_override_counter":{"override_view_counter":"0","view_counter_number":"0","override_share_counter":"0","share_counter_number":"0","override_like_counter":"0","like_counter_number":"0","override_dislike_counter":"0","dislike_counter_number":"0"},"jnews_post_split":{"enable_post_split":"0","post_split":[{"template":"1","tag":"h2","numbering":"asc","mode":"normal","first":"0","enable_toc":"0","toc_type":"normal"}]},"footnotes":""},"categories":[20],"tags":[],"class_list":["post-37729","post","type-post","status-publish","format-standard","has-post-thumbnail","hentry","category-municipales"],"jetpack_featured_media_url":"https:\/\/atecordoba.org\/wp-content\/uploads\/2023\/07\/WhatsApp-Image-2023-07-14-at-13.41.00-1-e1689353820905.jpeg","_links":{"self":[{"href":"https:\/\/atecordoba.org\/index.php?rest_route=\/wp\/v2\/posts\/37729","targetHints":{"allow":["GET"]}}],"collection":[{"href":"https:\/\/atecordoba.org\/index.php?rest_route=\/wp\/v2\/posts"}],"about":[{"href":"https:\/\/atecordoba.org\/index.php?rest_route=\/wp\/v2\/types\/post"}],"author":[{"embeddable":true,"href":"https:\/\/atecordoba.org\/index.php?rest_route=\/wp\/v2\/users\/7"}],"replies":[{"embeddable":true,"href":"https:\/\/atecordoba.org\/index.php?rest_route=%2Fwp%2Fv2%2Fcomments&post=37729"}],"version-history":[{"count":3,"href":"https:\/\/atecordoba.org\/index.php?rest_route=\/wp\/v2\/posts\/37729\/revisions"}],"predecessor-version":[{"id":37749,"href":"https:\/\/atecordoba.org\/index.php?rest_route=\/wp\/v2\/posts\/37729\/revisions\/37749"}],"wp:featuredmedia":[{"embeddable":true,"href":"https:\/\/atecordoba.org\/index.php?rest_route=\/wp\/v2\/media\/37734"}],"wp:attachment":[{"href":"https:\/\/atecordoba.org\/index.php?rest_route=%2Fwp%2Fv2%2Fmedia&parent=37729"}],"wp:term":[{"taxonomy":"category","embeddable":true,"href":"https:\/\/atecordoba.org\/index.php?rest_route=%2Fwp%2Fv2%2Fcategories&post=37729"},{"taxonomy":"post_tag","embeddable":true,"href":"https:\/\/atecordoba.org\/index.php?rest_route=%2Fwp%2Fv2%2Ftags&post=37729"}],"curies":[{"name":"wp","href":"https:\/\/api.w.org\/{rel}","templated":true}]}}