{"id":37723,"date":"2023-07-13T13:49:26","date_gmt":"2023-07-13T16:49:26","guid":{"rendered":"https:\/\/atecordoba.org\/?p=37723"},"modified":"2023-07-13T14:01:21","modified_gmt":"2023-07-13T17:01:21","slug":"cruz-del-eje-paro-manana-por-los-11-despidos-en-la-municipalidad","status":"publish","type":"post","link":"https:\/\/atecordoba.org\/?p=37723","title":{"rendered":"Cruz del Eje: Paro ma\u00f1ana por los 11 despidos en la Municipalidad"},"content":{"rendered":"\n<div class=\"wp-block-image\"><figure class=\"aligncenter size-large is-resized\"><img loading=\"lazy\" decoding=\"async\" src=\"https:\/\/atecordoba.org\/wp-content\/uploads\/2023\/07\/WhatsApp-Image-2023-07-13-at-13.44.28-1024x1024.jpeg\" alt=\"\" class=\"wp-image-37725\" width=\"607\" height=\"607\" srcset=\"https:\/\/atecordoba.org\/wp-content\/uploads\/2023\/07\/WhatsApp-Image-2023-07-13-at-13.44.28-1024x1024.jpeg 1024w, https:\/\/atecordoba.org\/wp-content\/uploads\/2023\/07\/WhatsApp-Image-2023-07-13-at-13.44.28-300x300.jpeg 300w, https:\/\/atecordoba.org\/wp-content\/uploads\/2023\/07\/WhatsApp-Image-2023-07-13-at-13.44.28-150x150.jpeg 150w, https:\/\/atecordoba.org\/wp-content\/uploads\/2023\/07\/WhatsApp-Image-2023-07-13-at-13.44.28-768x768.jpeg 768w, https:\/\/atecordoba.org\/wp-content\/uploads\/2023\/07\/WhatsApp-Image-2023-07-13-at-13.44.28-560x560.jpeg 560w, https:\/\/atecordoba.org\/wp-content\/uploads\/2023\/07\/WhatsApp-Image-2023-07-13-at-13.44.28-75x75.jpeg 75w, https:\/\/atecordoba.org\/wp-content\/uploads\/2023\/07\/WhatsApp-Image-2023-07-13-at-13.44.28-350x350.jpeg 350w, https:\/\/atecordoba.org\/wp-content\/uploads\/2023\/07\/WhatsApp-Image-2023-07-13-at-13.44.28-750x750.jpeg 750w, https:\/\/atecordoba.org\/wp-content\/uploads\/2023\/07\/WhatsApp-Image-2023-07-13-at-13.44.28.jpeg 1080w\" sizes=\"auto, (max-width: 607px) 100vw, 607px\" \/><\/figure><\/div>\n\n\n\n<p>Frente a la ola de <a href=\"https:\/\/atecordoba.org\/?p=37709\">despidos que la Municipalidad de Cruz del Eje desat\u00f3 las \u00faltimas semanas<\/a>, que se agreg\u00f3 ayer la cesant\u00eda de nueve afiliadas de ATE de las \u00e1reas de Enfermer\u00eda y Sala Cuna, lo que llev\u00f3 a nuestra organizaci\u00f3n a resolver un paro total de actividades en la comuna por 24 horas, ma\u00f1ana 14 de julio.<\/p>\n\n\n\n<p>S\u00ed lo comunic\u00f3 nuestro secretario General, Federico Giuliani, al Ministerio de Trabajo de la Naci\u00f3n en el d\u00eda de ayer.<\/p>\n\n\n\n<p>La modalidad ser\u00e1 Paro Activo con Movilizaci\u00f3n por las calles de Cruz del Eje.<\/p>\n\n\n\n<p>\u00a1Basta de despidos. Reincorporaci\u00f3n ya!<\/p>\n\n\n<a href=\"https:\/\/atecordoba.org\/wp-content\/uploads\/2023\/07\/Paro-Munic-Cruz-del-Eje.pdf\" class=\"pdfemb-viewer\" style=\"\" data-width=\"max\" data-height=\"max\" data-toolbar=\"bottom\" data-toolbar-fixed=\"off\">Paro-Munic-Cruz-del-Eje<\/a>\n<p class=\"wp-block-pdfemb-pdf-embedder-viewer\"><\/p>\n","protected":false},"excerpt":{"rendered":"<p>Frente a la ola de despidos que la Municipalidad de Cruz del Eje desat\u00f3 las \u00faltimas semanas, que se agreg\u00f3 ayer la cesant\u00eda de nueve afiliadas de ATE de las \u00e1reas de Enfermer\u00eda y Sala Cuna, lo que llev\u00f3 a nuestra organizaci\u00f3n a resolver un paro total de actividades en la comuna por 24 horas, [&hellip;]<\/p>\n","protected":false},"author":7,"featured_media":37726,"comment_status":"open","ping_status":"open","sticky":false,"template":"","format":"standard","meta":{"_exactmetrics_skip_tracking":false,"_exactmetrics_sitenote_active":false,"_exactmetrics_sitenote_note":"","_exactmetrics_sitenote_category":0,"jnews-multi-image_gallery":[],"jnews_single_post":{"subtitle":"Los despidos se reparten entre las \u00e1reas de Enfermer\u00eda y Sala Cuna. \"La Municipalidad no puede ni debe despedir trabajadoras y trabajadores. Vamos al paro para revertir la medida\", dijo el secretario General de ATE C\u00f3rdoba, Federico Giuliani.","format":"standard","video":"","gallery":"","source_name":"","source_url":"","via_name":"","via_url":"","override_template":"0","override":[{"template":"1","single_blog_custom":"","parallax":"1","fullscreen":"1","layout":"right-sidebar","sidebar":"default-sidebar","second_sidebar":"default-sidebar","sticky_sidebar":"1","share_position":"top","share_float_style":"share-monocrhome","show_share_counter":"1","show_view_counter":"1","show_featured":"1","show_post_meta":"1","show_post_author":"1","show_post_author_image":"1","show_post_date":"1","post_date_format":"default","post_date_format_custom":"Y\/m\/d","show_post_category":"1","show_post_reading_time":"0","post_reading_time_wpm":"300","show_zoom_button":"0","zoom_button_out_step":"2","zoom_button_in_step":"3","show_post_tag":"1","show_prev_next_post":"1","show_popup_post":"1","number_popup_post":"1","show_author_box":"0","show_post_related":"0","show_inline_post_related":"0"}],"override_image_size":"0","image_override":[{"single_post_thumbnail_size":"crop-500","single_post_gallery_size":"crop-500"}],"trending_post":"0","trending_post_position":"meta","trending_post_label":"Trending","sponsored_post":"0","sponsored_post_label":"Sponsored by","sponsored_post_name":"","sponsored_post_url":"","sponsored_post_logo_enable":"0","sponsored_post_logo":"","sponsored_post_desc":"","disable_ad":"0"},"jnews_primary_category":{"id":""},"jnews_social_meta":{"fb_title":"","fb_description":"","fb_image":"","twitter_title":"","twitter_description":"","twitter_image":""},"jnews_review":[],"enable_review":"0","type":"percentage","name":"","summary":"","brand":"","sku":"","good":[{"good_text":""}],"bad":[{"bad_text":""}],"score_override":"","override_value":"","rating":[{"rating_text":"","rating_number":"10"}],"price":[{"shop":"","price":"","link":"","icon":""}],"jnews_override_counter":{"override_view_counter":"0","view_counter_number":"0","override_share_counter":"0","share_counter_number":"0","override_like_counter":"0","like_counter_number":"0","override_dislike_counter":"0","dislike_counter_number":"0"},"jnews_post_split":{"enable_post_split":"0","post_split":[{"template":"1","tag":"h2","numbering":"asc","mode":"normal","first":"0","enable_toc":"0","toc_type":"normal"}]},"footnotes":""},"categories":[20],"tags":[],"class_list":["post-37723","post","type-post","status-publish","format-standard","has-post-thumbnail","hentry","category-municipales"],"jetpack_featured_media_url":"https:\/\/atecordoba.org\/wp-content\/uploads\/2023\/07\/cruz.jpeg","_links":{"self":[{"href":"https:\/\/atecordoba.org\/index.php?rest_route=\/wp\/v2\/posts\/37723","targetHints":{"allow":["GET"]}}],"collection":[{"href":"https:\/\/atecordoba.org\/index.php?rest_route=\/wp\/v2\/posts"}],"about":[{"href":"https:\/\/atecordoba.org\/index.php?rest_route=\/wp\/v2\/types\/post"}],"author":[{"embeddable":true,"href":"https:\/\/atecordoba.org\/index.php?rest_route=\/wp\/v2\/users\/7"}],"replies":[{"embeddable":true,"href":"https:\/\/atecordoba.org\/index.php?rest_route=%2Fwp%2Fv2%2Fcomments&post=37723"}],"version-history":[{"count":2,"href":"https:\/\/atecordoba.org\/index.php?rest_route=\/wp\/v2\/posts\/37723\/revisions"}],"predecessor-version":[{"id":37728,"href":"https:\/\/atecordoba.org\/index.php?rest_route=\/wp\/v2\/posts\/37723\/revisions\/37728"}],"wp:featuredmedia":[{"embeddable":true,"href":"https:\/\/atecordoba.org\/index.php?rest_route=\/wp\/v2\/media\/37726"}],"wp:attachment":[{"href":"https:\/\/atecordoba.org\/index.php?rest_route=%2Fwp%2Fv2%2Fmedia&parent=37723"}],"wp:term":[{"taxonomy":"category","embeddable":true,"href":"https:\/\/atecordoba.org\/index.php?rest_route=%2Fwp%2Fv2%2Fcategories&post=37723"},{"taxonomy":"post_tag","embeddable":true,"href":"https:\/\/atecordoba.org\/index.php?rest_route=%2Fwp%2Fv2%2Ftags&post=37723"}],"curies":[{"name":"wp","href":"https:\/\/api.w.org\/{rel}","templated":true}]}}