{"id":37712,"date":"2023-07-13T13:24:18","date_gmt":"2023-07-13T16:24:18","guid":{"rendered":"https:\/\/atecordoba.org\/?p=37712"},"modified":"2023-07-17T15:57:36","modified_gmt":"2023-07-17T18:57:36","slug":"renovacion-de-conduccion-de-ate-apuesta-por-el-protagonismo-de-las-y-los-jubilados","status":"publish","type":"post","link":"https:\/\/atecordoba.org\/?p=37712","title":{"rendered":"Renovaci\u00f3n de conducci\u00f3n de ATE: apuesta por el protagonismo de las y los jubilados"},"content":{"rendered":"\n<div class=\"wp-block-image\"><figure class=\"aligncenter size-full is-resized\"><img loading=\"lazy\" decoding=\"async\" src=\"https:\/\/atecordoba.org\/wp-content\/uploads\/2023\/07\/WhatsApp-Image-2023-07-12-at-15.49.11-3.jpeg\" alt=\"\" class=\"wp-image-37713\" width=\"750\" height=\"751\" \/><\/figure><\/div>\n\n\n\n<p>De cara a las elecciones de renovaci\u00f3n de autoridades de ATE del 9 de agosto -a nivel nacional, provincial y seccionales-, aparece la elecci\u00f3n del Centro de Jubilados\/as Provincial de ATE C\u00f3rdoba como una instancia de suma importancia para la pol\u00edtica gremial y social que se desarrolla en el marco del Consejo Directivo Provincial (CDP).<\/p>\n\n\n\n<p>Es as\u00ed que la lista Verde Violeta, que se referencia a nivel provincial con el compa\u00f1ero Federico Giuliani, tiene como candidatos para conducir el Centro de Jubilados a la dupla que encabeza el compa\u00f1ero Mart\u00edn Cagnani, referente del sector salud y postulante a Presidente, y Carmen Neder, como Vicepresidenta, en continuidad de una gesti\u00f3n que cuenta con el amplio reconocimiento del conjunto de las y los afiliados.<\/p>\n\n\n\n<figure class=\"wp-block-gallery has-nested-images columns-default is-cropped wp-block-gallery-1 is-layout-flex wp-block-gallery-is-layout-flex\">\n<figure class=\"wp-block-image size-large\"><a href=\"https:\/\/atecordoba.org\/wp-content\/uploads\/2023\/07\/WhatsApp-Image-2023-07-12-at-15.49.11-2.jpeg\" target=\"_blank\" rel=\"noopener\"><img loading=\"lazy\" decoding=\"async\" width=\"1001\" height=\"1001\" data-id=\"37714\" src=\"https:\/\/atecordoba.org\/wp-content\/uploads\/2023\/07\/WhatsApp-Image-2023-07-12-at-15.49.11-2.jpeg\" alt=\"\" class=\"wp-image-37714\" srcset=\"https:\/\/atecordoba.org\/wp-content\/uploads\/2023\/07\/WhatsApp-Image-2023-07-12-at-15.49.11-2.jpeg 1001w, https:\/\/atecordoba.org\/wp-content\/uploads\/2023\/07\/WhatsApp-Image-2023-07-12-at-15.49.11-2-300x300.jpeg 300w, https:\/\/atecordoba.org\/wp-content\/uploads\/2023\/07\/WhatsApp-Image-2023-07-12-at-15.49.11-2-150x150.jpeg 150w, https:\/\/atecordoba.org\/wp-content\/uploads\/2023\/07\/WhatsApp-Image-2023-07-12-at-15.49.11-2-768x768.jpeg 768w, https:\/\/atecordoba.org\/wp-content\/uploads\/2023\/07\/WhatsApp-Image-2023-07-12-at-15.49.11-2-560x560.jpeg 560w, https:\/\/atecordoba.org\/wp-content\/uploads\/2023\/07\/WhatsApp-Image-2023-07-12-at-15.49.11-2-75x75.jpeg 75w, https:\/\/atecordoba.org\/wp-content\/uploads\/2023\/07\/WhatsApp-Image-2023-07-12-at-15.49.11-2-350x350.jpeg 350w, https:\/\/atecordoba.org\/wp-content\/uploads\/2023\/07\/WhatsApp-Image-2023-07-12-at-15.49.11-2-750x750.jpeg 750w\" sizes=\"auto, (max-width: 1001px) 100vw, 1001px\" \/><\/a><\/figure>\n\n\n\n<figure class=\"wp-block-image size-large\"><a href=\"https:\/\/atecordoba.org\/wp-content\/uploads\/2023\/07\/WhatsApp-Image-2023-07-12-at-15.49.12-1.jpeg\" target=\"_blank\" rel=\"noopener\"><img loading=\"lazy\" decoding=\"async\" width=\"1001\" height=\"1001\" data-id=\"37716\" src=\"https:\/\/atecordoba.org\/wp-content\/uploads\/2023\/07\/WhatsApp-Image-2023-07-12-at-15.49.12-1.jpeg\" alt=\"\" class=\"wp-image-37716\" srcset=\"https:\/\/atecordoba.org\/wp-content\/uploads\/2023\/07\/WhatsApp-Image-2023-07-12-at-15.49.12-1.jpeg 1001w, https:\/\/atecordoba.org\/wp-content\/uploads\/2023\/07\/WhatsApp-Image-2023-07-12-at-15.49.12-1-300x300.jpeg 300w, https:\/\/atecordoba.org\/wp-content\/uploads\/2023\/07\/WhatsApp-Image-2023-07-12-at-15.49.12-1-150x150.jpeg 150w, https:\/\/atecordoba.org\/wp-content\/uploads\/2023\/07\/WhatsApp-Image-2023-07-12-at-15.49.12-1-768x768.jpeg 768w, https:\/\/atecordoba.org\/wp-content\/uploads\/2023\/07\/WhatsApp-Image-2023-07-12-at-15.49.12-1-560x560.jpeg 560w, https:\/\/atecordoba.org\/wp-content\/uploads\/2023\/07\/WhatsApp-Image-2023-07-12-at-15.49.12-1-75x75.jpeg 75w, https:\/\/atecordoba.org\/wp-content\/uploads\/2023\/07\/WhatsApp-Image-2023-07-12-at-15.49.12-1-350x350.jpeg 350w, https:\/\/atecordoba.org\/wp-content\/uploads\/2023\/07\/WhatsApp-Image-2023-07-12-at-15.49.12-1-750x750.jpeg 750w\" sizes=\"auto, (max-width: 1001px) 100vw, 1001px\" \/><\/a><\/figure>\n\n\n\n<figure class=\"wp-block-image size-large\"><a href=\"https:\/\/atecordoba.org\/wp-content\/uploads\/2023\/07\/WhatsApp-Image-2023-07-12-at-15.49.12.jpeg\" target=\"_blank\" rel=\"noopener\"><img loading=\"lazy\" decoding=\"async\" width=\"1001\" height=\"1001\" data-id=\"37715\" src=\"https:\/\/atecordoba.org\/wp-content\/uploads\/2023\/07\/WhatsApp-Image-2023-07-12-at-15.49.12.jpeg\" alt=\"\" class=\"wp-image-37715\" srcset=\"https:\/\/atecordoba.org\/wp-content\/uploads\/2023\/07\/WhatsApp-Image-2023-07-12-at-15.49.12.jpeg 1001w, https:\/\/atecordoba.org\/wp-content\/uploads\/2023\/07\/WhatsApp-Image-2023-07-12-at-15.49.12-300x300.jpeg 300w, https:\/\/atecordoba.org\/wp-content\/uploads\/2023\/07\/WhatsApp-Image-2023-07-12-at-15.49.12-150x150.jpeg 150w, https:\/\/atecordoba.org\/wp-content\/uploads\/2023\/07\/WhatsApp-Image-2023-07-12-at-15.49.12-768x768.jpeg 768w, https:\/\/atecordoba.org\/wp-content\/uploads\/2023\/07\/WhatsApp-Image-2023-07-12-at-15.49.12-560x560.jpeg 560w, https:\/\/atecordoba.org\/wp-content\/uploads\/2023\/07\/WhatsApp-Image-2023-07-12-at-15.49.12-75x75.jpeg 75w, https:\/\/atecordoba.org\/wp-content\/uploads\/2023\/07\/WhatsApp-Image-2023-07-12-at-15.49.12-350x350.jpeg 350w, https:\/\/atecordoba.org\/wp-content\/uploads\/2023\/07\/WhatsApp-Image-2023-07-12-at-15.49.12-750x750.jpeg 750w\" sizes=\"auto, (max-width: 1001px) 100vw, 1001px\" \/><\/a><\/figure>\n<\/figure>\n\n\n\n<p>De esta forma, la pr\u00f3xima conducci\u00f3n, de manera colectiva y mancomunada con los centros de jubilados de las distintas seccionales de C\u00f3rdoba, se propone mantener y profundizar los proyectos educativos a) continuando con los talleres de ajedrez, gimnasia, danza, etc b) organizando talleres de &#8220;manejo de celulares&#8221;, &#8220;memoria y estimulaci\u00f3n cognoscitiva&#8221;, etc.<\/p>\n\n\n\n<p>En esa l\u00ednea, y resaltando la apuesta por la educaci\u00f3n como valor de suma importancia para el aprendizaje y la socializaci\u00f3n del conjunto de las y los compa\u00f1eros, se destaca como iniciativa fundamental la continuidad y profundizaci\u00f3n de los v\u00ednculos con el Ministerio de Educaci\u00f3n para beneficio de las y los afiliados que deseen terminar los distintos ciclos educativos, sosteniendo y ampliando las propuestas que actualmente se llevan a cabo en ATE para la primaria y secundaria.<\/p>\n\n\n\n<figure class=\"wp-block-gallery has-nested-images columns-default is-cropped wp-block-gallery-2 is-layout-flex wp-block-gallery-is-layout-flex\">\n<figure class=\"wp-block-image size-large\"><a href=\"https:\/\/atecordoba.org\/wp-content\/uploads\/2023\/07\/WhatsApp-Image-2023-07-12-at-15.49.10.jpeg\" target=\"_blank\" rel=\"noopener\"><img loading=\"lazy\" decoding=\"async\" width=\"1001\" height=\"1001\" data-id=\"37718\" src=\"https:\/\/atecordoba.org\/wp-content\/uploads\/2023\/07\/WhatsApp-Image-2023-07-12-at-15.49.10.jpeg\" alt=\"\" class=\"wp-image-37718\" srcset=\"https:\/\/atecordoba.org\/wp-content\/uploads\/2023\/07\/WhatsApp-Image-2023-07-12-at-15.49.10.jpeg 1001w, https:\/\/atecordoba.org\/wp-content\/uploads\/2023\/07\/WhatsApp-Image-2023-07-12-at-15.49.10-300x300.jpeg 300w, https:\/\/atecordoba.org\/wp-content\/uploads\/2023\/07\/WhatsApp-Image-2023-07-12-at-15.49.10-150x150.jpeg 150w, https:\/\/atecordoba.org\/wp-content\/uploads\/2023\/07\/WhatsApp-Image-2023-07-12-at-15.49.10-768x768.jpeg 768w, https:\/\/atecordoba.org\/wp-content\/uploads\/2023\/07\/WhatsApp-Image-2023-07-12-at-15.49.10-560x560.jpeg 560w, https:\/\/atecordoba.org\/wp-content\/uploads\/2023\/07\/WhatsApp-Image-2023-07-12-at-15.49.10-75x75.jpeg 75w, https:\/\/atecordoba.org\/wp-content\/uploads\/2023\/07\/WhatsApp-Image-2023-07-12-at-15.49.10-350x350.jpeg 350w, https:\/\/atecordoba.org\/wp-content\/uploads\/2023\/07\/WhatsApp-Image-2023-07-12-at-15.49.10-750x750.jpeg 750w\" sizes=\"auto, (max-width: 1001px) 100vw, 1001px\" \/><\/a><\/figure>\n\n\n\n<figure class=\"wp-block-image size-large\"><a href=\"https:\/\/atecordoba.org\/wp-content\/uploads\/2023\/07\/WhatsApp-Image-2023-07-12-at-15.49.11-1.jpeg\" target=\"_blank\" rel=\"noopener\"><img loading=\"lazy\" decoding=\"async\" width=\"1001\" height=\"1001\" data-id=\"37717\" src=\"https:\/\/atecordoba.org\/wp-content\/uploads\/2023\/07\/WhatsApp-Image-2023-07-12-at-15.49.11-1.jpeg\" alt=\"\" class=\"wp-image-37717\" srcset=\"https:\/\/atecordoba.org\/wp-content\/uploads\/2023\/07\/WhatsApp-Image-2023-07-12-at-15.49.11-1.jpeg 1001w, https:\/\/atecordoba.org\/wp-content\/uploads\/2023\/07\/WhatsApp-Image-2023-07-12-at-15.49.11-1-300x300.jpeg 300w, https:\/\/atecordoba.org\/wp-content\/uploads\/2023\/07\/WhatsApp-Image-2023-07-12-at-15.49.11-1-150x150.jpeg 150w, https:\/\/atecordoba.org\/wp-content\/uploads\/2023\/07\/WhatsApp-Image-2023-07-12-at-15.49.11-1-768x768.jpeg 768w, https:\/\/atecordoba.org\/wp-content\/uploads\/2023\/07\/WhatsApp-Image-2023-07-12-at-15.49.11-1-560x560.jpeg 560w, https:\/\/atecordoba.org\/wp-content\/uploads\/2023\/07\/WhatsApp-Image-2023-07-12-at-15.49.11-1-75x75.jpeg 75w, https:\/\/atecordoba.org\/wp-content\/uploads\/2023\/07\/WhatsApp-Image-2023-07-12-at-15.49.11-1-350x350.jpeg 350w, https:\/\/atecordoba.org\/wp-content\/uploads\/2023\/07\/WhatsApp-Image-2023-07-12-at-15.49.11-1-750x750.jpeg 750w\" sizes=\"auto, (max-width: 1001px) 100vw, 1001px\" \/><\/a><\/figure>\n\n\n\n<figure class=\"wp-block-image size-large\"><a href=\"https:\/\/atecordoba.org\/wp-content\/uploads\/2023\/07\/WhatsApp-Image-2023-07-12-at-15.49.11.jpeg\" target=\"_blank\" rel=\"noopener\"><img loading=\"lazy\" decoding=\"async\" width=\"1001\" height=\"1001\" data-id=\"37719\" src=\"https:\/\/atecordoba.org\/wp-content\/uploads\/2023\/07\/WhatsApp-Image-2023-07-12-at-15.49.11.jpeg\" alt=\"\" class=\"wp-image-37719\" srcset=\"https:\/\/atecordoba.org\/wp-content\/uploads\/2023\/07\/WhatsApp-Image-2023-07-12-at-15.49.11.jpeg 1001w, https:\/\/atecordoba.org\/wp-content\/uploads\/2023\/07\/WhatsApp-Image-2023-07-12-at-15.49.11-300x300.jpeg 300w, https:\/\/atecordoba.org\/wp-content\/uploads\/2023\/07\/WhatsApp-Image-2023-07-12-at-15.49.11-150x150.jpeg 150w, https:\/\/atecordoba.org\/wp-content\/uploads\/2023\/07\/WhatsApp-Image-2023-07-12-at-15.49.11-768x768.jpeg 768w, https:\/\/atecordoba.org\/wp-content\/uploads\/2023\/07\/WhatsApp-Image-2023-07-12-at-15.49.11-560x560.jpeg 560w, https:\/\/atecordoba.org\/wp-content\/uploads\/2023\/07\/WhatsApp-Image-2023-07-12-at-15.49.11-75x75.jpeg 75w, https:\/\/atecordoba.org\/wp-content\/uploads\/2023\/07\/WhatsApp-Image-2023-07-12-at-15.49.11-350x350.jpeg 350w, https:\/\/atecordoba.org\/wp-content\/uploads\/2023\/07\/WhatsApp-Image-2023-07-12-at-15.49.11-750x750.jpeg 750w\" sizes=\"auto, (max-width: 1001px) 100vw, 1001px\" \/><\/a><\/figure>\n<\/figure>\n\n\n\n<p>En t\u00e9rminos de recreaci\u00f3n para las y los jubilados, la lista Verde Violeta incluye en sus propuestas la &#8220;organizaci\u00f3n de viajes de turismo&#8221; y la realizaci\u00f3n de &#8220;Jornadas Recreativas en Club Germinal (ex Club Fiat donde ATE tiene convenio) por todo el a\u00f1o. <\/p>\n\n\n\n<p>Por su parte, el \u00e1rea de Cultura atravesar\u00e1 todos los espacios de gesti\u00f3n. Por eso la Lista Verde Violeta impulsa dos propuestas concretas: a) la inauguraci\u00f3n de la Biblioteca &#8220;H\u00e9ctor Seia&#8221;, en homenaje al querido m\u00e9dico y compa\u00f1ero; b) la habilitaci\u00f3n de un espacio de reflexi\u00f3n y acci\u00f3n en torno a efem\u00e9rides. <\/p>\n\n\n\n<p><strong>Nora Cendra y un mensaje para las pr\u00f3ximas elecciones<\/strong><\/p>\n\n\n\n<p>El candidata a primer vocal del Centro de Jubilados Provincial de ATE C\u00f3rdoba, Nora Cendra, envi\u00f3 un mensaje de cara a las elecciones de agosto pr\u00f3ximo.  Dirigente de la seccional Santa Mar\u00eda en la d\u00e9cada del &#8217;70, cuando integr\u00f3 la conducci\u00f3n referenciada en la colonia psiqui\u00e1trica Hospital Santa Mar\u00eda, v\u00edctima del embate de la dictadura c\u00edvico militar. <\/p>\n\n\n\n<p>Nora estuvo detenida-desaparecida y luego fue blanqueada con otros dirigentes gremiales. Desde hace a\u00f1os retom\u00f3 la militancia activa en ATE y propone <\/p>\n\n\n\n<figure class=\"wp-block-video\"><video controls src=\"https:\/\/atecordoba.org\/wp-content\/uploads\/2023\/07\/WhatsApp-Video-2023-07-13-at-16.03.14.mp4\" playsinline><\/video><\/figure>\n","protected":false},"excerpt":{"rendered":"<p>De cara a las elecciones de renovaci\u00f3n de autoridades de ATE del 9 de agosto -a nivel nacional, provincial y seccionales-, aparece la elecci\u00f3n del Centro de Jubilados\/as Provincial de ATE C\u00f3rdoba como una instancia de suma importancia para la pol\u00edtica gremial y social que se desarrolla en el marco del Consejo Directivo Provincial (CDP). [&hellip;]<\/p>\n","protected":false},"author":7,"featured_media":37713,"comment_status":"open","ping_status":"open","sticky":false,"template":"","format":"standard","meta":{"_exactmetrics_skip_tracking":false,"_exactmetrics_sitenote_active":false,"_exactmetrics_sitenote_note":"","_exactmetrics_sitenote_category":0,"jnews-multi-image_gallery":[],"jnews_single_post":{"subtitle":"La lista Verde Violeta, que se referencia a nivel provincial con el compa\u00f1ero Federico Giuliani, tiene como candidatos para conducir el Centro de Jubilados a la dupla que encabeza el compa\u00f1ero Mart\u00edn Cagnani, referente del sector salud y postulante a Presidente, y Carmen Neder, como Vicepresidenta en continuidad de una gesti\u00f3n que cuenta con el amplio reconocimiento del conjunto de las y los afiliados.","format":"standard","video":"","gallery":"","source_name":"","source_url":"","via_name":"","via_url":"","override_template":"0","override":[{"template":"1","single_blog_custom":"","parallax":"1","fullscreen":"1","layout":"right-sidebar","sidebar":"default-sidebar","second_sidebar":"default-sidebar","sticky_sidebar":"1","share_position":"top","share_float_style":"share-monocrhome","show_share_counter":"1","show_view_counter":"1","show_featured":"1","show_post_meta":"1","show_post_author":"1","show_post_author_image":"1","show_post_date":"1","post_date_format":"default","post_date_format_custom":"Y\/m\/d","show_post_category":"1","show_post_reading_time":"0","post_reading_time_wpm":"300","show_zoom_button":"0","zoom_button_out_step":"2","zoom_button_in_step":"3","show_post_tag":"1","show_prev_next_post":"1","show_popup_post":"1","number_popup_post":"1","show_author_box":"0","show_post_related":"0","show_inline_post_related":"0"}],"override_image_size":"0","image_override":[{"single_post_thumbnail_size":"crop-500","single_post_gallery_size":"crop-500"}],"trending_post":"0","trending_post_position":"meta","trending_post_label":"Trending","sponsored_post":"0","sponsored_post_label":"Sponsored by","sponsored_post_name":"","sponsored_post_url":"","sponsored_post_logo_enable":"0","sponsored_post_logo":"","sponsored_post_desc":"","disable_ad":"0"},"jnews_primary_category":{"id":""},"jnews_social_meta":{"fb_title":"","fb_description":"","fb_image":"","twitter_title":"","twitter_description":"","twitter_image":""},"jnews_review":[],"enable_review":"0","type":"percentage","name":"","summary":"","brand":"","sku":"","good":[{"good_text":""}],"bad":[{"bad_text":""}],"score_override":"","override_value":"","rating":[{"rating_text":"","rating_number":"10"}],"price":[{"shop":"","price":"","link":"","icon":""}],"jnews_override_counter":{"override_view_counter":"0","view_counter_number":"0","override_share_counter":"0","share_counter_number":"0","override_like_counter":"0","like_counter_number":"0","override_dislike_counter":"0","dislike_counter_number":"0"},"jnews_post_split":{"enable_post_split":"0","post_split":[{"template":"1","tag":"h2","numbering":"asc","mode":"normal","first":"0","enable_toc":"0","toc_type":"normal"}]},"footnotes":""},"categories":[22],"tags":[],"class_list":["post-37712","post","type-post","status-publish","format-standard","has-post-thumbnail","hentry","category-jubilados"],"jetpack_featured_media_url":"https:\/\/atecordoba.org\/wp-content\/uploads\/2023\/07\/WhatsApp-Image-2023-07-12-at-15.49.11-3-e1689265452158.jpeg","_links":{"self":[{"href":"https:\/\/atecordoba.org\/index.php?rest_route=\/wp\/v2\/posts\/37712","targetHints":{"allow":["GET"]}}],"collection":[{"href":"https:\/\/atecordoba.org\/index.php?rest_route=\/wp\/v2\/posts"}],"about":[{"href":"https:\/\/atecordoba.org\/index.php?rest_route=\/wp\/v2\/types\/post"}],"author":[{"embeddable":true,"href":"https:\/\/atecordoba.org\/index.php?rest_route=\/wp\/v2\/users\/7"}],"replies":[{"embeddable":true,"href":"https:\/\/atecordoba.org\/index.php?rest_route=%2Fwp%2Fv2%2Fcomments&post=37712"}],"version-history":[{"count":5,"href":"https:\/\/atecordoba.org\/index.php?rest_route=\/wp\/v2\/posts\/37712\/revisions"}],"predecessor-version":[{"id":37757,"href":"https:\/\/atecordoba.org\/index.php?rest_route=\/wp\/v2\/posts\/37712\/revisions\/37757"}],"wp:featuredmedia":[{"embeddable":true,"href":"https:\/\/atecordoba.org\/index.php?rest_route=\/wp\/v2\/media\/37713"}],"wp:attachment":[{"href":"https:\/\/atecordoba.org\/index.php?rest_route=%2Fwp%2Fv2%2Fmedia&parent=37712"}],"wp:term":[{"taxonomy":"category","embeddable":true,"href":"https:\/\/atecordoba.org\/index.php?rest_route=%2Fwp%2Fv2%2Fcategories&post=37712"},{"taxonomy":"post_tag","embeddable":true,"href":"https:\/\/atecordoba.org\/index.php?rest_route=%2Fwp%2Fv2%2Ftags&post=37712"}],"curies":[{"name":"wp","href":"https:\/\/api.w.org\/{rel}","templated":true}]}}