{"id":3771,"date":"2014-01-10T15:53:34","date_gmt":"2014-01-10T18:53:34","guid":{"rendered":"http:\/\/www.atecordoba.org\/?p=3771"},"modified":"2014-01-10T15:53:34","modified_gmt":"2014-01-10T18:53:34","slug":"hospitales-asambleas-resolvieron-dar-al-conflicto-un-cuarto-intermedio-de-72-horas-a-partir-que-se-realice-la-reunion-con-fortuna","status":"publish","type":"post","link":"https:\/\/atecordoba.org\/?p=3771","title":{"rendered":"Hospitales: asambleas resolvieron dar al conflicto un cuarto intermedio de 72 horas a partir que se realice la reuni\u00f3n con Fortuna"},"content":{"rendered":"<p><em>En las distintas asambleas realizadas hoy en los hospitales provinciales, los trabajadores resolvieron aceptar la propuesta del Consejo Directivo Provincial de ATE y su cuerpo de delegados de salud, consistente en dar un cuarto intermedio por 72 horas del plan de lucha, a partir que se realice la reuni\u00f3n con el ministro de Salud Francisco Fortuna.<\/em><\/p>\n<figure id=\"attachment_3772\" aria-describedby=\"caption-attachment-3772\" style=\"width: 560px\" class=\"wp-caption aligncenter\"><a href=\"http:\/\/www.atecordoba.org\/wp-content\/uploads\/2014\/01\/votacion-hospital-de-ni\u00f1os.png\"><img loading=\"lazy\" decoding=\"async\" class=\" wp-image-3772\" alt=\"votacion hospital de ni\u00f1os\" src=\"http:\/\/www.atecordoba.org\/wp-content\/uploads\/2014\/01\/votacion-hospital-de-ni\u00f1os.png\" width=\"560\" height=\"315\" \/><\/a><figcaption id=\"caption-attachment-3772\" class=\"wp-caption-text\">Asamblea del Hospital de Ni\u00f1os aprob\u00f3, como el resto de los centros de salud, la propuesta de ATE<\/figcaption><\/figure>\n<p>De esta forma, los compa\u00f1eros dieron el aval a la conducci\u00f3n de ATE para que avance en el di\u00e1logo con las autoridades. Nuestro gremio insistir\u00e1 ante el ministro sobre la necesidad de que el gobierno convoque a paritarias para dar cauce legal a los reclamos.<\/p>\n<p>Durante la ma\u00f1ana se realizaron asambleas en los hospitales: C\u00f3rdoba, Tr\u00e1nsito C\u00e1ceres de Allende, Rawson, de Ni\u00f1os, Maternidad Provincial, Santa Mar\u00eda de Punilla, Neuropsiqui\u00e1trico, IPAD, Casa del Joven, Misericordia, Oncol\u00f3gico y Nuevo San Roque.<\/p>\n<p>Vale se\u00f1alar que los trabajadores reclaman un salario b\u00e1sico inicial que iguale la canasta familiar, el pase a planta de compa\u00f1eros comprendidos en las modalidades de monotributo y contratos, insumos y medicamentos para la atenci\u00f3n de los pacientes, reparaci\u00f3n y mantenimiento de la aparatolog\u00eda y refacciones en la infraestructura deficiente.<\/p>\n<p>En consecuencia, ATE responder\u00e1 afirmativamente a la petici\u00f3n del gobierno provincial y aguardar\u00e1 la convocatoria formal del Ministerio de Salud para pasar a un cuarto intermedio en las medidas de fuerza. Adem\u00e1s, nuestro gremio insistir\u00e1 en la necesidad que todos los sectores que representan a los trabajadores del sector sean convocados por las autoridades.<\/p>\n<figure id=\"attachment_3774\" aria-describedby=\"caption-attachment-3774\" style=\"width: 616px\" class=\"wp-caption aligncenter\"><a href=\"http:\/\/www.atecordoba.org\/wp-content\/uploads\/2014\/01\/asamblea-rawson.png\"><img loading=\"lazy\" decoding=\"async\" class=\" wp-image-3774\" alt=\"asamblea rawson\" src=\"http:\/\/www.atecordoba.org\/wp-content\/uploads\/2014\/01\/asamblea-rawson.png\" width=\"616\" height=\"347\" \/><\/a><figcaption id=\"caption-attachment-3774\" class=\"wp-caption-text\">debate en la asamblea del hospital Rawson<\/figcaption><\/figure>\n<figure id=\"attachment_3776\" aria-describedby=\"caption-attachment-3776\" style=\"width: 640px\" class=\"wp-caption aligncenter\"><a href=\"http:\/\/www.atecordoba.org\/wp-content\/uploads\/2014\/01\/asamblea-rawson-3.png\"><img loading=\"lazy\" decoding=\"async\" class=\" wp-image-3776\" alt=\"asamblea rawson 3\" src=\"http:\/\/www.atecordoba.org\/wp-content\/uploads\/2014\/01\/asamblea-rawson-3.png\" width=\"640\" height=\"360\" \/><\/a><figcaption id=\"caption-attachment-3776\" class=\"wp-caption-text\">Los compa\u00f1eros del Rawson, votando a favor de mantener la reuni\u00f3n con le ministro de Salud Francisco Fortuna.<\/figcaption><\/figure>\n<figure id=\"attachment_3773\" aria-describedby=\"caption-attachment-3773\" style=\"width: 640px\" class=\"wp-caption aligncenter\"><a href=\"http:\/\/www.atecordoba.org\/wp-content\/uploads\/2014\/01\/IMG_5730.jpg\"><img loading=\"lazy\" decoding=\"async\" class=\"size-full wp-image-3773\" alt=\"IMG_5730\" src=\"http:\/\/www.atecordoba.org\/wp-content\/uploads\/2014\/01\/IMG_5730.jpg\" width=\"640\" height=\"480\" \/><\/a><figcaption id=\"caption-attachment-3773\" class=\"wp-caption-text\">El Rawson es uno de los sectores donde el conflicto de mantiene m\u00e1s fuerte.<\/figcaption><\/figure>\n<p style=\"text-align: center;\"><a href=\"http:\/\/www.atecordoba.org\/wp-content\/uploads\/2014\/01\/asamblea-rawson-2.png\"><img loading=\"lazy\" decoding=\"async\" class=\"aligncenter  wp-image-3775\" alt=\"asamblea rawson 2\" src=\"http:\/\/www.atecordoba.org\/wp-content\/uploads\/2014\/01\/asamblea-rawson-2.png\" width=\"640\" height=\"360\" \/><\/a><\/p>\n","protected":false},"excerpt":{"rendered":"<p>En las distintas asambleas realizadas hoy en los hospitales provinciales, los trabajadores resolvieron aceptar la propuesta del Consejo Directivo Provincial de ATE y su cuerpo de delegados de salud, consistente en dar un cuarto intermedio por 72 horas del plan de lucha, a partir que se realice la reuni\u00f3n con el ministro de Salud Francisco [&hellip;]<\/p>\n","protected":false},"author":1,"featured_media":19220,"comment_status":"open","ping_status":"open","sticky":false,"template":"","format":"standard","meta":{"_exactmetrics_skip_tracking":false,"_exactmetrics_sitenote_active":false,"_exactmetrics_sitenote_note":"","_exactmetrics_sitenote_category":0,"jnews-multi-image_gallery":[],"jnews_single_post":[],"jnews_primary_category":[],"jnews_social_meta":[],"jnews_review":[],"enable_review":"","type":"","name":"","summary":"","brand":"","sku":"","good":[],"bad":[],"score_override":"","override_value":"","rating":[],"price":[],"jnews_override_counter":[],"jnews_post_split":[],"footnotes":""},"categories":[53,7,8],"tags":[],"class_list":["post-3771","post","type-post","status-publish","format-standard","has-post-thumbnail","hentry","category-comunicados-de-prensa","category-hospitales","category-provinciales"],"jetpack_featured_media_url":"https:\/\/atecordoba.org\/wp-content\/uploads\/2020\/05\/logo-nuevochico-e1561581322808.png","_links":{"self":[{"href":"https:\/\/atecordoba.org\/index.php?rest_route=\/wp\/v2\/posts\/3771","targetHints":{"allow":["GET"]}}],"collection":[{"href":"https:\/\/atecordoba.org\/index.php?rest_route=\/wp\/v2\/posts"}],"about":[{"href":"https:\/\/atecordoba.org\/index.php?rest_route=\/wp\/v2\/types\/post"}],"author":[{"embeddable":true,"href":"https:\/\/atecordoba.org\/index.php?rest_route=\/wp\/v2\/users\/1"}],"replies":[{"embeddable":true,"href":"https:\/\/atecordoba.org\/index.php?rest_route=%2Fwp%2Fv2%2Fcomments&post=3771"}],"version-history":[{"count":0,"href":"https:\/\/atecordoba.org\/index.php?rest_route=\/wp\/v2\/posts\/3771\/revisions"}],"wp:featuredmedia":[{"embeddable":true,"href":"https:\/\/atecordoba.org\/index.php?rest_route=\/wp\/v2\/media\/19220"}],"wp:attachment":[{"href":"https:\/\/atecordoba.org\/index.php?rest_route=%2Fwp%2Fv2%2Fmedia&parent=3771"}],"wp:term":[{"taxonomy":"category","embeddable":true,"href":"https:\/\/atecordoba.org\/index.php?rest_route=%2Fwp%2Fv2%2Fcategories&post=3771"},{"taxonomy":"post_tag","embeddable":true,"href":"https:\/\/atecordoba.org\/index.php?rest_route=%2Fwp%2Fv2%2Ftags&post=3771"}],"curies":[{"name":"wp","href":"https:\/\/api.w.org\/{rel}","templated":true}]}}