{"id":37709,"date":"2023-07-12T15:47:13","date_gmt":"2023-07-12T18:47:13","guid":{"rendered":"https:\/\/atecordoba.org\/?p=37709"},"modified":"2023-07-12T15:48:06","modified_gmt":"2023-07-12T18:48:06","slug":"cruz-del-eje-alerta-por-11-despidos-en-la-municipalidad","status":"publish","type":"post","link":"https:\/\/atecordoba.org\/?p=37709","title":{"rendered":"Cruz del Eje: alerta por 11 despidos en la Municipalidad"},"content":{"rendered":"\n<div class=\"wp-block-image\"><figure class=\"aligncenter size-full is-resized\"><img loading=\"lazy\" decoding=\"async\" src=\"https:\/\/atecordoba.org\/wp-content\/uploads\/2023\/07\/bandera-cruz-del-eje.jpg\" alt=\"\" class=\"wp-image-37710\" width=\"581\" height=\"287\" \/><\/figure><\/div>\n\n\n\n<p>La Municipalidad de Cruz del Eje inform\u00f3 ayer que despidi\u00f3 a nueve trabajadoras afiliadas de ATE, que se suman a otros dos compa\u00f1eros despedidos el mes pasado.<\/p>\n\n\n\n<p>Seg\u00fan informa la seccional ATE Cruz del Eje se trata de personal altamente precarizado que goza de larga antig\u00fcedad en la comuna, cumpliendo tareas como enfermeras y personal de sala cuna, con antig\u00fcedades que datan de 4, 6, 8 y hasta 10 a\u00f1os.<\/p>\n\n\n\n<p>Desde ATE C\u00f3rdoba repudiamos los despidos e instamos a la Municipalidad a rever inmediatamente la medida arbitraria y fuera de cualquier marco de convivencia en la ciudad. El Ejecutivo municipal puede retomar el camino del di\u00e1logo y evitar que se desate un plan de lucha para recuperar los puestos de trabajo que claramente garantizan derechos a la poblaci\u00f3n de Cruz del Eje, como son las \u00e1reas de salud y educaci\u00f3n inicial.<\/p>\n\n\n\n<p><\/p>\n","protected":false},"excerpt":{"rendered":"<p>La Municipalidad de Cruz del Eje inform\u00f3 ayer que despidi\u00f3 a nueve trabajadoras afiliadas de ATE, que se suman a otros dos compa\u00f1eros despedidos el mes pasado. Seg\u00fan informa la seccional ATE Cruz del Eje se trata de personal altamente precarizado que goza de larga antig\u00fcedad en la comuna, cumpliendo tareas como enfermeras y personal [&hellip;]<\/p>\n","protected":false},"author":7,"featured_media":37710,"comment_status":"open","ping_status":"open","sticky":false,"template":"","format":"standard","meta":{"_exactmetrics_skip_tracking":false,"_exactmetrics_sitenote_active":false,"_exactmetrics_sitenote_note":"","_exactmetrics_sitenote_category":0,"jnews-multi-image_gallery":[],"jnews_single_post":{"subtitle":"Se trata de personal altamente precarizado que goza de larga antig\u00fcedad en la comuna, cumpliendo tareas como enfermeras y personal de sala cuna, con antig\u00fcedades que datan de 4, 6, 8 y hasta 10 a\u00f1os. Nueve trabajadoras son afiliadas de ATE.","format":"standard","video":"","gallery":"","source_name":"","source_url":"","via_name":"","via_url":"","override_template":"0","override":[{"template":"1","single_blog_custom":"","parallax":"1","fullscreen":"1","layout":"right-sidebar","sidebar":"default-sidebar","second_sidebar":"default-sidebar","sticky_sidebar":"1","share_position":"top","share_float_style":"share-monocrhome","show_share_counter":"1","show_view_counter":"1","show_featured":"1","show_post_meta":"1","show_post_author":"1","show_post_author_image":"1","show_post_date":"1","post_date_format":"default","post_date_format_custom":"Y\/m\/d","show_post_category":"1","show_post_reading_time":"0","post_reading_time_wpm":"300","show_zoom_button":"0","zoom_button_out_step":"2","zoom_button_in_step":"3","show_post_tag":"1","show_prev_next_post":"1","show_popup_post":"1","number_popup_post":"1","show_author_box":"0","show_post_related":"0","show_inline_post_related":"0"}],"override_image_size":"0","image_override":[{"single_post_thumbnail_size":"crop-500","single_post_gallery_size":"crop-500"}],"trending_post":"0","trending_post_position":"meta","trending_post_label":"Trending","sponsored_post":"0","sponsored_post_label":"Sponsored by","sponsored_post_name":"","sponsored_post_url":"","sponsored_post_logo_enable":"0","sponsored_post_logo":"","sponsored_post_desc":"","disable_ad":"0"},"jnews_primary_category":{"id":""},"jnews_social_meta":{"fb_title":"","fb_description":"","fb_image":"","twitter_title":"","twitter_description":"","twitter_image":""},"jnews_review":[],"enable_review":"0","type":"percentage","name":"","summary":"","brand":"","sku":"","good":[{"good_text":""}],"bad":[{"bad_text":""}],"score_override":"","override_value":"","rating":[{"rating_text":"","rating_number":"10"}],"price":[{"shop":"","price":"","link":"","icon":""}],"jnews_override_counter":{"override_view_counter":"0","view_counter_number":"0","override_share_counter":"0","share_counter_number":"0","override_like_counter":"0","like_counter_number":"0","override_dislike_counter":"0","dislike_counter_number":"0"},"jnews_post_split":{"enable_post_split":"0","post_split":[{"template":"1","tag":"h2","numbering":"asc","mode":"normal","first":"0","enable_toc":"0","toc_type":"normal"}]},"footnotes":""},"categories":[20],"tags":[],"class_list":["post-37709","post","type-post","status-publish","format-standard","has-post-thumbnail","hentry","category-municipales"],"jetpack_featured_media_url":"https:\/\/atecordoba.org\/wp-content\/uploads\/2023\/07\/bandera-cruz-del-eje-e1689187628728.jpg","_links":{"self":[{"href":"https:\/\/atecordoba.org\/index.php?rest_route=\/wp\/v2\/posts\/37709","targetHints":{"allow":["GET"]}}],"collection":[{"href":"https:\/\/atecordoba.org\/index.php?rest_route=\/wp\/v2\/posts"}],"about":[{"href":"https:\/\/atecordoba.org\/index.php?rest_route=\/wp\/v2\/types\/post"}],"author":[{"embeddable":true,"href":"https:\/\/atecordoba.org\/index.php?rest_route=\/wp\/v2\/users\/7"}],"replies":[{"embeddable":true,"href":"https:\/\/atecordoba.org\/index.php?rest_route=%2Fwp%2Fv2%2Fcomments&post=37709"}],"version-history":[{"count":1,"href":"https:\/\/atecordoba.org\/index.php?rest_route=\/wp\/v2\/posts\/37709\/revisions"}],"predecessor-version":[{"id":37711,"href":"https:\/\/atecordoba.org\/index.php?rest_route=\/wp\/v2\/posts\/37709\/revisions\/37711"}],"wp:featuredmedia":[{"embeddable":true,"href":"https:\/\/atecordoba.org\/index.php?rest_route=\/wp\/v2\/media\/37710"}],"wp:attachment":[{"href":"https:\/\/atecordoba.org\/index.php?rest_route=%2Fwp%2Fv2%2Fmedia&parent=37709"}],"wp:term":[{"taxonomy":"category","embeddable":true,"href":"https:\/\/atecordoba.org\/index.php?rest_route=%2Fwp%2Fv2%2Fcategories&post=37709"},{"taxonomy":"post_tag","embeddable":true,"href":"https:\/\/atecordoba.org\/index.php?rest_route=%2Fwp%2Fv2%2Ftags&post=37709"}],"curies":[{"name":"wp","href":"https:\/\/api.w.org\/{rel}","templated":true}]}}