{"id":37704,"date":"2023-07-12T15:31:18","date_gmt":"2023-07-12T18:31:18","guid":{"rendered":"https:\/\/atecordoba.org\/?p=37704"},"modified":"2023-07-12T15:33:11","modified_gmt":"2023-07-12T18:33:11","slug":"repudio-a-la-presencia-del-represor-gerardo-morales-en-cordoba","status":"publish","type":"post","link":"https:\/\/atecordoba.org\/?p=37704","title":{"rendered":"Repudio a la presencia del represor Gerardo Morales en C\u00f3rdoba"},"content":{"rendered":"\n<p><\/p>\n\n\n\n<div class=\"wp-block-image\"><figure class=\"aligncenter size-full is-resized\"><img loading=\"lazy\" decoding=\"async\" src=\"https:\/\/atecordoba.org\/wp-content\/uploads\/2023\/07\/morales.jpg\" alt=\"\" class=\"wp-image-37705\" width=\"575\" height=\"383\" \/><\/figure><\/div>\n\n\n\n<p>Frente a la presencia que realiza hoy en C\u00f3rdoba el gobernador juje\u00f1o Gerardo Morales, el Consejo Directivo Provincial de ATE expresa su m\u00e1s en\u00e9rgico repudio a la visita del represor y ecocida del pueblo juje\u00f1o, personaje del r\u00e9gimen pol\u00edtico que pretende arrasar con derechos fundamentales de la poblaci\u00f3n en general y de los pueblos originarios en particular. <\/p>\n\n\n\n<p>Frente a la pretendida anulaci\u00f3n del derecho a la protesta que impone la nueva Constituci\u00f3n provincial, aprobada entre gallos y medias noches, la represi\u00f3n sobre el movimiento obrero encabezado por docentes y trabajadores de la salud que luchan por salarios dignos, el saqueo y la entrega de nuestras riquezas minerales como el litio, la criminalizaci\u00f3n y persecuci\u00f3n de 250 comunidades originarias que resisten, desde ATE exigimos que Morales omita derramar su experiencia represora la provincia. <\/p>\n\n\n\n<p>De la misma forma, los estatales de C\u00f3rdoba reclamos a las dirigencias provinciales que se eximan de apoyar nefasto gobernante, que viene a mostrar que la miseria y el saqueo de un pueblo se sostienen con balas represivas y patotas parapoliciales, con el siempre presente apoyo medi\u00e1tico de los grupos concentrados. <\/p>\n\n\n\n<p>\u00a1Fuera Morales de C\u00f3rdoba!<\/p>\n\n\n\n<p><\/p>\n","protected":false},"excerpt":{"rendered":"<p>Frente a la presencia que realiza hoy en C\u00f3rdoba el gobernador juje\u00f1o Gerardo Morales, el Consejo Directivo Provincial de ATE expresa su m\u00e1s en\u00e9rgico repudio a la visita del represor y ecocida del pueblo juje\u00f1o, personaje del r\u00e9gimen pol\u00edtico que pretende arrasar con derechos fundamentales de la poblaci\u00f3n en general y de los pueblos originarios [&hellip;]<\/p>\n","protected":false},"author":7,"featured_media":37705,"comment_status":"open","ping_status":"open","sticky":false,"template":"","format":"standard","meta":{"_exactmetrics_skip_tracking":false,"_exactmetrics_sitenote_active":false,"_exactmetrics_sitenote_note":"","_exactmetrics_sitenote_category":0,"jnews-multi-image_gallery":[],"jnews_single_post":{"subtitle":"Morales pretende anular el derecho a la protesta, somete al hambre y la miseria a las y los trabajadores de la educaci\u00f3n y la salud p\u00fablica, promueve el saqueo del litio y reprime a 250 comunidades originarias juje\u00f1as. ","format":"standard","video":"","gallery":"","source_name":"","source_url":"","via_name":"","via_url":"","override_template":"0","override":[{"template":"1","single_blog_custom":"","parallax":"1","fullscreen":"1","layout":"right-sidebar","sidebar":"default-sidebar","second_sidebar":"default-sidebar","sticky_sidebar":"1","share_position":"top","share_float_style":"share-monocrhome","show_share_counter":"1","show_view_counter":"1","show_featured":"1","show_post_meta":"1","show_post_author":"1","show_post_author_image":"1","show_post_date":"1","post_date_format":"default","post_date_format_custom":"Y\/m\/d","show_post_category":"1","show_post_reading_time":"0","post_reading_time_wpm":"300","show_zoom_button":"0","zoom_button_out_step":"2","zoom_button_in_step":"3","show_post_tag":"1","show_prev_next_post":"1","show_popup_post":"1","number_popup_post":"1","show_author_box":"0","show_post_related":"0","show_inline_post_related":"0"}],"override_image_size":"0","image_override":[{"single_post_thumbnail_size":"crop-500","single_post_gallery_size":"crop-500"}],"trending_post":"0","trending_post_position":"meta","trending_post_label":"Trending","sponsored_post":"0","sponsored_post_label":"Sponsored by","sponsored_post_name":"","sponsored_post_url":"","sponsored_post_logo_enable":"0","sponsored_post_logo":"","sponsored_post_desc":"","disable_ad":"0"},"jnews_primary_category":{"id":""},"jnews_social_meta":{"fb_title":"","fb_description":"","fb_image":"","twitter_title":"","twitter_description":"","twitter_image":""},"jnews_review":[],"enable_review":"0","type":"percentage","name":"","summary":"","brand":"","sku":"","good":[{"good_text":""}],"bad":[{"bad_text":""}],"score_override":"","override_value":"","rating":[{"rating_text":"","rating_number":"10"}],"price":[{"shop":"","price":"","link":"","icon":""}],"jnews_override_counter":{"override_view_counter":"0","view_counter_number":"0","override_share_counter":"0","share_counter_number":"0","override_like_counter":"0","like_counter_number":"0","override_dislike_counter":"0","dislike_counter_number":"0"},"jnews_post_split":{"enable_post_split":"0","post_split":[{"template":"1","tag":"h2","numbering":"asc","mode":"normal","first":"0","enable_toc":"0","toc_type":"normal"}]},"footnotes":""},"categories":[10],"tags":[],"class_list":["post-37704","post","type-post","status-publish","format-standard","has-post-thumbnail","hentry","category-accion-politica"],"jetpack_featured_media_url":"https:\/\/atecordoba.org\/wp-content\/uploads\/2023\/07\/morales-e1689186674394.jpg","_links":{"self":[{"href":"https:\/\/atecordoba.org\/index.php?rest_route=\/wp\/v2\/posts\/37704","targetHints":{"allow":["GET"]}}],"collection":[{"href":"https:\/\/atecordoba.org\/index.php?rest_route=\/wp\/v2\/posts"}],"about":[{"href":"https:\/\/atecordoba.org\/index.php?rest_route=\/wp\/v2\/types\/post"}],"author":[{"embeddable":true,"href":"https:\/\/atecordoba.org\/index.php?rest_route=\/wp\/v2\/users\/7"}],"replies":[{"embeddable":true,"href":"https:\/\/atecordoba.org\/index.php?rest_route=%2Fwp%2Fv2%2Fcomments&post=37704"}],"version-history":[{"count":3,"href":"https:\/\/atecordoba.org\/index.php?rest_route=\/wp\/v2\/posts\/37704\/revisions"}],"predecessor-version":[{"id":37708,"href":"https:\/\/atecordoba.org\/index.php?rest_route=\/wp\/v2\/posts\/37704\/revisions\/37708"}],"wp:featuredmedia":[{"embeddable":true,"href":"https:\/\/atecordoba.org\/index.php?rest_route=\/wp\/v2\/media\/37705"}],"wp:attachment":[{"href":"https:\/\/atecordoba.org\/index.php?rest_route=%2Fwp%2Fv2%2Fmedia&parent=37704"}],"wp:term":[{"taxonomy":"category","embeddable":true,"href":"https:\/\/atecordoba.org\/index.php?rest_route=%2Fwp%2Fv2%2Fcategories&post=37704"},{"taxonomy":"post_tag","embeddable":true,"href":"https:\/\/atecordoba.org\/index.php?rest_route=%2Fwp%2Fv2%2Ftags&post=37704"}],"curies":[{"name":"wp","href":"https:\/\/api.w.org\/{rel}","templated":true}]}}