{"id":37698,"date":"2023-07-12T15:03:08","date_gmt":"2023-07-12T18:03:08","guid":{"rendered":"https:\/\/atecordoba.org\/?p=37698"},"modified":"2023-07-12T15:18:32","modified_gmt":"2023-07-12T18:18:32","slug":"ate-intima-en-el-ministerio-de-trabajo-a-villa-cura-brochero-por-los-29-despidos-arbitrarios-que-incluyen-un-discapacitado-y-una-delegada","status":"publish","type":"post","link":"https:\/\/atecordoba.org\/?p=37698","title":{"rendered":"ATE intima en el Ministerio de Trabajo a Villa Cura Brochero por los 29 despidos arbitrarios que incluyen una persona con discapacidad y una delegada"},"content":{"rendered":"\n<div class=\"wp-block-image\"><figure class=\"aligncenter size-large is-resized\"><img loading=\"lazy\" decoding=\"async\" src=\"https:\/\/atecordoba.org\/wp-content\/uploads\/2023\/07\/WhatsApp-Image-2023-07-07-at-13.22.34-2-1024x576.jpeg\" alt=\"\" class=\"wp-image-37662\" width=\"768\" height=\"432\" srcset=\"https:\/\/atecordoba.org\/wp-content\/uploads\/2023\/07\/WhatsApp-Image-2023-07-07-at-13.22.34-2-1024x576.jpeg 1024w, https:\/\/atecordoba.org\/wp-content\/uploads\/2023\/07\/WhatsApp-Image-2023-07-07-at-13.22.34-2-300x169.jpeg 300w, https:\/\/atecordoba.org\/wp-content\/uploads\/2023\/07\/WhatsApp-Image-2023-07-07-at-13.22.34-2-768x432.jpeg 768w, https:\/\/atecordoba.org\/wp-content\/uploads\/2023\/07\/WhatsApp-Image-2023-07-07-at-13.22.34-2-1536x864.jpeg 1536w, https:\/\/atecordoba.org\/wp-content\/uploads\/2023\/07\/WhatsApp-Image-2023-07-07-at-13.22.34-2-750x422.jpeg 750w, https:\/\/atecordoba.org\/wp-content\/uploads\/2023\/07\/WhatsApp-Image-2023-07-07-at-13.22.34-2-1140x641.jpeg 1140w, https:\/\/atecordoba.org\/wp-content\/uploads\/2023\/07\/WhatsApp-Image-2023-07-07-at-13.22.34-2.jpeg 1600w\" sizes=\"auto, (max-width: 768px) 100vw, 768px\" \/><\/figure><\/div>\n\n\n\n<p>En una presentaci\u00f3n realizada el viernes pasado, el secretario General de ATE C\u00f3rdoba, Federico Giuliani, reclam\u00f3 la intervenci\u00f3n del Ministerio de Trabajo en el conflicto gremial de Villa Cura Brochero, donde el intendente Carlos Oviedo despidi\u00f3 29 trabajadores municipales, a los que acus\u00f3 de &#8220;trabajar para la lista opositora&#8221; en las elecciones recientes donde gan\u00f3 su reelecci\u00f3n.<\/p>\n\n\n\n<p>Giuliani reclam\u00f3 a la cartera laboral que disponga de la conciliaci\u00f3n obligatoria, que retrotraiga la situaci\u00f3n al estado previo a los despidos, toda vez que Oviedo se niega sistem\u00e1ticamente a recibir al sindicato.<\/p>\n\n\n\n<p>Todos los despidos se refieren a compa\u00f1eros y compa\u00f1eras con antig\u00fcedades que var\u00edan de 1 a 12 a\u00f1os, por lo que es evidente la arbitrariedad de la medida, llegando a la alevos\u00eda de despedir a una delegada normalizadora de ATE que cuenta con fueros gremiales que protegen su estabilidad laboral o un trabajador discapacitado que es sost\u00e9n de hogar.  De los despedidos, ocho son afiliados de ATE.<\/p>\n\n\n\n<div class=\"wp-block-image\"><figure class=\"aligncenter size-large is-resized\"><img loading=\"lazy\" decoding=\"async\" src=\"https:\/\/atecordoba.org\/wp-content\/uploads\/2023\/07\/WhatsApp-Image-2023-07-07-at-13.22.37-1-1024x576.jpeg\" alt=\"\" class=\"wp-image-37660\" width=\"768\" height=\"432\" srcset=\"https:\/\/atecordoba.org\/wp-content\/uploads\/2023\/07\/WhatsApp-Image-2023-07-07-at-13.22.37-1-1024x576.jpeg 1024w, https:\/\/atecordoba.org\/wp-content\/uploads\/2023\/07\/WhatsApp-Image-2023-07-07-at-13.22.37-1-300x169.jpeg 300w, https:\/\/atecordoba.org\/wp-content\/uploads\/2023\/07\/WhatsApp-Image-2023-07-07-at-13.22.37-1-768x432.jpeg 768w, https:\/\/atecordoba.org\/wp-content\/uploads\/2023\/07\/WhatsApp-Image-2023-07-07-at-13.22.37-1-1536x864.jpeg 1536w, https:\/\/atecordoba.org\/wp-content\/uploads\/2023\/07\/WhatsApp-Image-2023-07-07-at-13.22.37-1-750x422.jpeg 750w, https:\/\/atecordoba.org\/wp-content\/uploads\/2023\/07\/WhatsApp-Image-2023-07-07-at-13.22.37-1-1140x641.jpeg 1140w, https:\/\/atecordoba.org\/wp-content\/uploads\/2023\/07\/WhatsApp-Image-2023-07-07-at-13.22.37-1.jpeg 1600w\" sizes=\"auto, (max-width: 768px) 100vw, 768px\" \/><\/figure><\/div>\n\n\n\n<p>Vale se\u00f1alar que los despidos se aplicaron bajo al medida de &#8220;no renovaci\u00f3n de contratos&#8221; lo que expresa la precarizaci\u00f3n que sufren las y los compa\u00f1eros en cuesti\u00f3n. <\/p>\n\n\n\n<p>En tanto, contin\u00faa el plan de lucha en el municipio del Valle de Traslasierra.<\/p>\n\n\n\n<p><strong>Discapacitado y delegada<\/strong><\/p>\n\n\n\n<p>En la documentaci\u00f3n suministrada por ATE a la Delegaci\u00f3n Territorial C\u00f3rdoba del Ministerio de Trabajo de la Naci\u00f3n, que conduce el delegado Ignacio Baselica, ATE adjunt\u00f3 el certificado de discapacidad emitido por el Gobierno de C\u00f3rdoba para el trabajador municipal Juan Ignacio Tapia.<\/p>\n\n\n\n<p>El intendente Oviedo no tuvo miramientos con el compa\u00f1ero, que es sost\u00e9n de su familia.  Ante la arbitrariedad del hecho, ATE realiz\u00f3 paralelamente una presentaci\u00f3n ante el INADI por discriminaci\u00f3n contra Tapia, reclamando que intervenga en el caso. <\/p>\n\n\n\n<p>De la misma forma, se adjunt\u00f3 la notificaci\u00f3n sobre la designaci\u00f3n como delegada normalizadora de la compa\u00f1era Mar\u00eda Jos\u00e9 Romero, cuyos fueros gremiales no fueron respetados.<\/p>\n\n\n<a href=\"https:\/\/atecordoba.org\/wp-content\/uploads\/2023\/07\/20230707131827356.pdf\" class=\"pdfemb-viewer\" style=\"\" data-width=\"max\" data-height=\"max\" data-toolbar=\"bottom\" data-toolbar-fixed=\"off\">20230707131827356<\/a>\n<p class=\"wp-block-pdfemb-pdf-embedder-viewer\"><\/p>\n\n\n\n<p> <\/p>\n","protected":false},"excerpt":{"rendered":"<p>En una presentaci\u00f3n realizada el viernes pasado, el secretario General de ATE C\u00f3rdoba, Federico Giuliani, reclam\u00f3 la intervenci\u00f3n del Ministerio de Trabajo en el conflicto gremial de Villa Cura Brochero, donde el intendente Carlos Oviedo despidi\u00f3 29 trabajadores municipales, a los que acus\u00f3 de &#8220;trabajar para la lista opositora&#8221; en las elecciones recientes donde gan\u00f3 [&hellip;]<\/p>\n","protected":false},"author":7,"featured_media":37636,"comment_status":"open","ping_status":"open","sticky":false,"template":"","format":"standard","meta":{"_exactmetrics_skip_tracking":false,"_exactmetrics_sitenote_active":false,"_exactmetrics_sitenote_note":"","_exactmetrics_sitenote_category":0,"jnews-multi-image_gallery":[],"jnews_single_post":{"subtitle":"El intendente Oviedo resolvi\u00f3 los despidos despu\u00e9s de lograr su reelecci\u00f3n. De los 29 compa\u00f1eros y compa\u00f1eras despedidos, ocho son afiliados de ATE, una delegada goza de protecci\u00f3n originada en la tutela gremial y otro es una persona con discapacidad sost\u00e9n de familia. Presentaci\u00f3n ante el INADI por discriminaci\u00f3n. ","format":"standard","video":"","gallery":"","source_name":"","source_url":"","via_name":"","via_url":"","override_template":"0","override":[{"template":"1","single_blog_custom":"","parallax":"1","fullscreen":"1","layout":"right-sidebar","sidebar":"default-sidebar","second_sidebar":"default-sidebar","sticky_sidebar":"1","share_position":"top","share_float_style":"share-monocrhome","show_share_counter":"1","show_view_counter":"1","show_featured":"1","show_post_meta":"1","show_post_author":"1","show_post_author_image":"1","show_post_date":"1","post_date_format":"default","post_date_format_custom":"Y\/m\/d","show_post_category":"1","show_post_reading_time":"0","post_reading_time_wpm":"300","show_zoom_button":"0","zoom_button_out_step":"2","zoom_button_in_step":"3","show_post_tag":"1","show_prev_next_post":"1","show_popup_post":"1","number_popup_post":"1","show_author_box":"0","show_post_related":"0","show_inline_post_related":"0"}],"override_image_size":"0","image_override":[{"single_post_thumbnail_size":"crop-500","single_post_gallery_size":"crop-500"}],"trending_post":"0","trending_post_position":"meta","trending_post_label":"Trending","sponsored_post":"0","sponsored_post_label":"Sponsored by","sponsored_post_name":"","sponsored_post_url":"","sponsored_post_logo_enable":"0","sponsored_post_logo":"","sponsored_post_desc":"","disable_ad":"0"},"jnews_primary_category":{"id":""},"jnews_social_meta":{"fb_title":"","fb_description":"","fb_image":"","twitter_title":"","twitter_description":"","twitter_image":""},"jnews_review":[],"enable_review":"0","type":"percentage","name":"","summary":"","brand":"","sku":"","good":[{"good_text":""}],"bad":[{"bad_text":""}],"score_override":"","override_value":"","rating":[{"rating_text":"","rating_number":"10"}],"price":[{"shop":"","price":"","link":"","icon":""}],"jnews_override_counter":{"override_view_counter":"0","view_counter_number":"0","override_share_counter":"0","share_counter_number":"0","override_like_counter":"0","like_counter_number":"0","override_dislike_counter":"0","dislike_counter_number":"0"},"jnews_post_split":{"enable_post_split":"0","post_split":[{"template":"1","tag":"h2","numbering":"asc","mode":"normal","first":"0","enable_toc":"0","toc_type":"normal"}]},"footnotes":""},"categories":[20],"tags":[],"class_list":["post-37698","post","type-post","status-publish","format-standard","has-post-thumbnail","hentry","category-municipales"],"jetpack_featured_media_url":"https:\/\/atecordoba.org\/wp-content\/uploads\/2023\/07\/WhatsApp-Image-2023-07-07-at-13.22.44-e1689184982520.jpeg","_links":{"self":[{"href":"https:\/\/atecordoba.org\/index.php?rest_route=\/wp\/v2\/posts\/37698","targetHints":{"allow":["GET"]}}],"collection":[{"href":"https:\/\/atecordoba.org\/index.php?rest_route=\/wp\/v2\/posts"}],"about":[{"href":"https:\/\/atecordoba.org\/index.php?rest_route=\/wp\/v2\/types\/post"}],"author":[{"embeddable":true,"href":"https:\/\/atecordoba.org\/index.php?rest_route=\/wp\/v2\/users\/7"}],"replies":[{"embeddable":true,"href":"https:\/\/atecordoba.org\/index.php?rest_route=%2Fwp%2Fv2%2Fcomments&post=37698"}],"version-history":[{"count":3,"href":"https:\/\/atecordoba.org\/index.php?rest_route=\/wp\/v2\/posts\/37698\/revisions"}],"predecessor-version":[{"id":37703,"href":"https:\/\/atecordoba.org\/index.php?rest_route=\/wp\/v2\/posts\/37698\/revisions\/37703"}],"wp:featuredmedia":[{"embeddable":true,"href":"https:\/\/atecordoba.org\/index.php?rest_route=\/wp\/v2\/media\/37636"}],"wp:attachment":[{"href":"https:\/\/atecordoba.org\/index.php?rest_route=%2Fwp%2Fv2%2Fmedia&parent=37698"}],"wp:term":[{"taxonomy":"category","embeddable":true,"href":"https:\/\/atecordoba.org\/index.php?rest_route=%2Fwp%2Fv2%2Fcategories&post=37698"},{"taxonomy":"post_tag","embeddable":true,"href":"https:\/\/atecordoba.org\/index.php?rest_route=%2Fwp%2Fv2%2Ftags&post=37698"}],"curies":[{"name":"wp","href":"https:\/\/api.w.org\/{rel}","templated":true}]}}