{"id":3765,"date":"2014-01-09T15:25:22","date_gmt":"2014-01-09T18:25:22","guid":{"rendered":"http:\/\/www.atecordoba.org\/?p=3765"},"modified":"2014-01-09T15:25:22","modified_gmt":"2014-01-09T18:25:22","slug":"hospitales-asambleas-resolveran-manana-si-aceptan-propuesta-de-fortuna","status":"publish","type":"post","link":"https:\/\/atecordoba.org\/?p=3765","title":{"rendered":"Hospitales: asambleas resolver\u00e1n ma\u00f1ana si aceptan propuesta de Fortuna"},"content":{"rendered":"<p><em>El cuerpo de delegados de ATE, reunido hoy por convocatoria de nuestra secretaria General Mar\u00eda Teresa Romero, resolvi\u00f3 realizar ma\u00f1ana asambleas en todos los hospitales para analizar un cuarto intermedio en las medidas de fuerza, en funci\u00f3n del pedido de un gesto de los trabajadores realizado por el ministro de Salud Francisco Fortuna.<\/em><\/p>\n<p style=\"text-align: center;\"><a href=\"http:\/\/www.atecordoba.org\/wp-content\/uploads\/2014\/01\/cuerpo-delegados-salud-9-1.png\"><img loading=\"lazy\" decoding=\"async\" alt=\"cuerpo delegados salud 9-1\" height=\"315\" src=\"http:\/\/www.atecordoba.org\/wp-content\/uploads\/2014\/01\/cuerpo-delegados-salud-9-1.png\" width=\"560\" class=\"aligncenter  wp-image-3766\"><\/a><\/p>\n<p>&nbsp;<\/p>\n<p>Durante la reuni\u00f3n realizada hoy, Romero inform\u00f3 sobre la convocatoria que envi\u00f3 ayer Fortuna a nuestro gremio. En la oportunidad participaron delegados de los hospitales: Tr\u00e1nsito C\u00e1ceres de Allende, De Ni\u00f1os, Rawson, Misericordia, C\u00f3rdoba, San Roque, Maternidad Provincial, Neonatal, Neuropsiqui\u00e1trico, IPAD, Casa del Joven, Santa Mar\u00eda de Punilla y Oncol\u00f3gico.<\/p>\n<p>Tras el debate, los delegados resolvieron llevar a las asambleas la propuesta de realizar un cuarto intermedio de 72 horas en las medidas de fuerza, a partir de la notificaci\u00f3n de la fecha y hora de la reuni\u00f3n con el ministro de Salud.<\/p>\n<p>Tambi\u00e9n se har\u00e1n extensivas las consultas a los hospitales de Villa Mar\u00eda, R\u00edo Tercero, Jes\u00fas Mar\u00eda y San Francisco.<\/p>\n<p>En aras de propiciar el di\u00e1logo con las autoridades de gobierno, ATE pondr\u00e1 a consideraci\u00f3n de los trabajadores el pedido ministerial, con el objetivo de lograr una mesa de di\u00e1logo que canalice los reclamos del sector.<\/p>\n<p>Vale se\u00f1alar que Fortuna ofreci\u00f3 realizar una reuni\u00f3n con ATE, condicionada a que nuestro gremio suspenda el plan de lucha iniciado en septiembre pasado.<\/p>\n<p>\u201cVamos a consultar a los compa\u00f1eros para que resuelvan si est\u00e1n dispuestos a dar el gesto que pidi\u00f3 el ministro. Nosotros siempre reclamamos un espacio de di\u00e1logo con las autoridades, pero para ello necesitamos el aval de los trabajadores de cada sector de trabajo\u201d, dijo Romero al finalizar la reuni\u00f3n.<\/p>\n<p>En funci\u00f3n de lo que resuelvan las asambleas ma\u00f1ana, ATE dar\u00e1 una respuesta org\u00e1nica al gobierno provincial.<\/p>\n","protected":false},"excerpt":{"rendered":"<p>El cuerpo de delegados de ATE, reunido hoy por convocatoria de nuestra secretaria General Mar\u00eda Teresa Romero, resolvi\u00f3 realizar ma\u00f1ana asambleas en todos los hospitales para analizar un cuarto intermedio en las medidas de fuerza, en funci\u00f3n del pedido de un gesto de los trabajadores realizado por el ministro de Salud Francisco Fortuna. &nbsp; Durante [&hellip;]<\/p>\n","protected":false},"author":1,"featured_media":19220,"comment_status":"open","ping_status":"open","sticky":false,"template":"","format":"standard","meta":{"_exactmetrics_skip_tracking":false,"_exactmetrics_sitenote_active":false,"_exactmetrics_sitenote_note":"","_exactmetrics_sitenote_category":0,"jnews-multi-image_gallery":[],"jnews_single_post":[],"jnews_primary_category":[],"jnews_social_meta":[],"jnews_review":[],"enable_review":"","type":"","name":"","summary":"","brand":"","sku":"","good":[],"bad":[],"score_override":"","override_value":"","rating":[],"price":[],"jnews_override_counter":[],"jnews_post_split":[],"footnotes":""},"categories":[53,7,8],"tags":[],"class_list":["post-3765","post","type-post","status-publish","format-standard","has-post-thumbnail","hentry","category-comunicados-de-prensa","category-hospitales","category-provinciales"],"jetpack_featured_media_url":"https:\/\/atecordoba.org\/wp-content\/uploads\/2020\/05\/logo-nuevochico-e1561581322808.png","_links":{"self":[{"href":"https:\/\/atecordoba.org\/index.php?rest_route=\/wp\/v2\/posts\/3765","targetHints":{"allow":["GET"]}}],"collection":[{"href":"https:\/\/atecordoba.org\/index.php?rest_route=\/wp\/v2\/posts"}],"about":[{"href":"https:\/\/atecordoba.org\/index.php?rest_route=\/wp\/v2\/types\/post"}],"author":[{"embeddable":true,"href":"https:\/\/atecordoba.org\/index.php?rest_route=\/wp\/v2\/users\/1"}],"replies":[{"embeddable":true,"href":"https:\/\/atecordoba.org\/index.php?rest_route=%2Fwp%2Fv2%2Fcomments&post=3765"}],"version-history":[{"count":0,"href":"https:\/\/atecordoba.org\/index.php?rest_route=\/wp\/v2\/posts\/3765\/revisions"}],"wp:featuredmedia":[{"embeddable":true,"href":"https:\/\/atecordoba.org\/index.php?rest_route=\/wp\/v2\/media\/19220"}],"wp:attachment":[{"href":"https:\/\/atecordoba.org\/index.php?rest_route=%2Fwp%2Fv2%2Fmedia&parent=3765"}],"wp:term":[{"taxonomy":"category","embeddable":true,"href":"https:\/\/atecordoba.org\/index.php?rest_route=%2Fwp%2Fv2%2Fcategories&post=3765"},{"taxonomy":"post_tag","embeddable":true,"href":"https:\/\/atecordoba.org\/index.php?rest_route=%2Fwp%2Fv2%2Ftags&post=3765"}],"curies":[{"name":"wp","href":"https:\/\/api.w.org\/{rel}","templated":true}]}}