{"id":37623,"date":"2023-07-05T15:50:17","date_gmt":"2023-07-05T18:50:17","guid":{"rendered":"https:\/\/atecordoba.org\/?p=37623"},"modified":"2023-07-05T15:50:19","modified_gmt":"2023-07-05T18:50:19","slug":"cura-brochero-ate-lanza-un-plan-de-lucha-tras-conocerse-29-despidos-en-el-municipio","status":"publish","type":"post","link":"https:\/\/atecordoba.org\/?p=37623","title":{"rendered":"Cura Brochero: ATE lanza un plan de lucha tras conocerse 29 despidos en el municipio"},"content":{"rendered":"\n<p><\/p>\n\n\n\n<div class=\"wp-block-image\"><figure class=\"aligncenter size-full is-resized\"><img loading=\"lazy\" decoding=\"async\" src=\"https:\/\/atecordoba.org\/wp-content\/uploads\/2023\/07\/cura-brochero.jpeg\" alt=\"\" class=\"wp-image-37625\" width=\"647\" height=\"642\" srcset=\"https:\/\/atecordoba.org\/wp-content\/uploads\/2023\/07\/cura-brochero.jpeg 863w, https:\/\/atecordoba.org\/wp-content\/uploads\/2023\/07\/cura-brochero-300x298.jpeg 300w, https:\/\/atecordoba.org\/wp-content\/uploads\/2023\/07\/cura-brochero-150x150.jpeg 150w, https:\/\/atecordoba.org\/wp-content\/uploads\/2023\/07\/cura-brochero-768x762.jpeg 768w, https:\/\/atecordoba.org\/wp-content\/uploads\/2023\/07\/cura-brochero-75x75.jpeg 75w, https:\/\/atecordoba.org\/wp-content\/uploads\/2023\/07\/cura-brochero-750x744.jpeg 750w\" sizes=\"auto, (max-width: 647px) 100vw, 647px\" \/><\/figure><\/div>\n\n\n\n<p>frente al despido de 29 trabajadores y trabajadoras de la municipalidad de Cura Brochero, ocho de ellos afiliados de nuestra organizaci\u00f3n, ATE Traslasierra resolvi\u00f3 llamar a asamblea ma\u00f1ana para lanzar un plan de lucha y convocar a paro de actividades el viernes 7 de julio. <\/p>\n\n\n\n<p>Las asambleas en los distintos sectores de trabajo comenzaron hoy, lo que resinti\u00f3 la atenci\u00f3n en la comuna. <\/p>\n\n\n\n<p>ATE reclama la reincorporaci\u00f3n de todas y todos los despedidos. <\/p>\n\n\n\n<div class=\"wp-block-image\"><figure class=\"aligncenter size-full is-resized\"><img loading=\"lazy\" decoding=\"async\" src=\"https:\/\/atecordoba.org\/wp-content\/uploads\/2023\/07\/brochero.jpeg\" alt=\"\" class=\"wp-image-37626\" width=\"610\" height=\"686\" \/><\/figure><\/div>\n\n\n\n<p><\/p>\n","protected":false},"excerpt":{"rendered":"<p>frente al despido de 29 trabajadores y trabajadoras de la municipalidad de Cura Brochero, ocho de ellos afiliados de nuestra organizaci\u00f3n, ATE Traslasierra resolvi\u00f3 llamar a asamblea ma\u00f1ana para lanzar un plan de lucha y convocar a paro de actividades el viernes 7 de julio. Las asambleas en los distintos sectores de trabajo comenzaron hoy, [&hellip;]<\/p>\n","protected":false},"author":7,"featured_media":37626,"comment_status":"open","ping_status":"open","sticky":false,"template":"","format":"standard","meta":{"_exactmetrics_skip_tracking":false,"_exactmetrics_sitenote_active":false,"_exactmetrics_sitenote_note":"","_exactmetrics_sitenote_category":0,"jnews-multi-image_gallery":[],"jnews_single_post":{"subtitle":"Ocho de los despedidos son afiliados de ATE. El viernes se realizar\u00e1 un paro total de actividades.","format":"standard","video":"","gallery":"","source_name":"","source_url":"","via_name":"","via_url":"","override_template":"0","override":[{"template":"1","single_blog_custom":"","parallax":"1","fullscreen":"1","layout":"right-sidebar","sidebar":"default-sidebar","second_sidebar":"default-sidebar","sticky_sidebar":"1","share_position":"top","share_float_style":"share-monocrhome","show_share_counter":"1","show_view_counter":"1","show_featured":"1","show_post_meta":"1","show_post_author":"1","show_post_author_image":"1","show_post_date":"1","post_date_format":"default","post_date_format_custom":"Y\/m\/d","show_post_category":"1","show_post_reading_time":"0","post_reading_time_wpm":"300","show_zoom_button":"0","zoom_button_out_step":"2","zoom_button_in_step":"3","show_post_tag":"1","show_prev_next_post":"1","show_popup_post":"1","number_popup_post":"1","show_author_box":"0","show_post_related":"0","show_inline_post_related":"0"}],"override_image_size":"0","image_override":[{"single_post_thumbnail_size":"crop-500","single_post_gallery_size":"crop-500"}],"trending_post":"0","trending_post_position":"meta","trending_post_label":"Trending","sponsored_post":"0","sponsored_post_label":"Sponsored by","sponsored_post_name":"","sponsored_post_url":"","sponsored_post_logo_enable":"0","sponsored_post_logo":"","sponsored_post_desc":"","disable_ad":"0"},"jnews_primary_category":{"id":""},"jnews_social_meta":{"fb_title":"","fb_description":"","fb_image":"","twitter_title":"","twitter_description":"","twitter_image":""},"jnews_review":[],"enable_review":"0","type":"percentage","name":"","summary":"","brand":"","sku":"","good":[{"good_text":""}],"bad":[{"bad_text":""}],"score_override":"","override_value":"","rating":[{"rating_text":"","rating_number":"10"}],"price":[{"shop":"","price":"","link":"","icon":""}],"jnews_override_counter":{"override_view_counter":"0","view_counter_number":"0","override_share_counter":"0","share_counter_number":"0","override_like_counter":"0","like_counter_number":"0","override_dislike_counter":"0","dislike_counter_number":"0"},"jnews_post_split":{"enable_post_split":"0","post_split":[{"template":"1","tag":"h2","numbering":"asc","mode":"normal","first":"0","enable_toc":"0","toc_type":"normal"}]},"footnotes":""},"categories":[20],"tags":[],"class_list":["post-37623","post","type-post","status-publish","format-standard","has-post-thumbnail","hentry","category-municipales"],"jetpack_featured_media_url":"https:\/\/atecordoba.org\/wp-content\/uploads\/2023\/07\/brochero-e1688583012410.jpeg","_links":{"self":[{"href":"https:\/\/atecordoba.org\/index.php?rest_route=\/wp\/v2\/posts\/37623","targetHints":{"allow":["GET"]}}],"collection":[{"href":"https:\/\/atecordoba.org\/index.php?rest_route=\/wp\/v2\/posts"}],"about":[{"href":"https:\/\/atecordoba.org\/index.php?rest_route=\/wp\/v2\/types\/post"}],"author":[{"embeddable":true,"href":"https:\/\/atecordoba.org\/index.php?rest_route=\/wp\/v2\/users\/7"}],"replies":[{"embeddable":true,"href":"https:\/\/atecordoba.org\/index.php?rest_route=%2Fwp%2Fv2%2Fcomments&post=37623"}],"version-history":[{"count":1,"href":"https:\/\/atecordoba.org\/index.php?rest_route=\/wp\/v2\/posts\/37623\/revisions"}],"predecessor-version":[{"id":37627,"href":"https:\/\/atecordoba.org\/index.php?rest_route=\/wp\/v2\/posts\/37623\/revisions\/37627"}],"wp:featuredmedia":[{"embeddable":true,"href":"https:\/\/atecordoba.org\/index.php?rest_route=\/wp\/v2\/media\/37626"}],"wp:attachment":[{"href":"https:\/\/atecordoba.org\/index.php?rest_route=%2Fwp%2Fv2%2Fmedia&parent=37623"}],"wp:term":[{"taxonomy":"category","embeddable":true,"href":"https:\/\/atecordoba.org\/index.php?rest_route=%2Fwp%2Fv2%2Fcategories&post=37623"},{"taxonomy":"post_tag","embeddable":true,"href":"https:\/\/atecordoba.org\/index.php?rest_route=%2Fwp%2Fv2%2Ftags&post=37623"}],"curies":[{"name":"wp","href":"https:\/\/api.w.org\/{rel}","templated":true}]}}