{"id":37620,"date":"2023-07-05T12:35:48","date_gmt":"2023-07-05T15:35:48","guid":{"rendered":"https:\/\/atecordoba.org\/?p=37620"},"modified":"2023-07-05T12:35:50","modified_gmt":"2023-07-05T15:35:50","slug":"salud-laboral-por-iniciativa-de-ate-el-hospital-aeronautico-retirara-techos-con-asbesto","status":"publish","type":"post","link":"https:\/\/atecordoba.org\/?p=37620","title":{"rendered":"Salud Laboral: por iniciativa de ATE el Hospital Aeron\u00e1utico retirar\u00e1 techos con asbesto"},"content":{"rendered":"\n<div class=\"wp-block-image\"><figure class=\"aligncenter size-large is-resized\"><img loading=\"lazy\" decoding=\"async\" src=\"https:\/\/atecordoba.org\/wp-content\/uploads\/2023\/07\/WhatsApp-Image-2023-07-05-at-10.40.31-2-1024x576.jpeg\" alt=\"\" class=\"wp-image-37621\" width=\"768\" height=\"432\" \/><\/figure><\/div>\n\n\n\n<p>El pasado 26 de junio la Direcci\u00f3n del Hospital Aeron\u00e1utico inform\u00f3 al Departamento de Salud Laboral y Medio Ambiente de Trabajo del Consejo Directivo Provincial (CDP)  que ordenar\u00e1 remover los tramos de techo del centro de salud que est\u00e1n integrados con compuestos que contienen asbesto, material cancer\u00edgeno seg\u00fan reconoce el Ministerio de Salud de la Naci\u00f3n.<\/p>\n\n\n\n<p>En una inspecci\u00f3n llevada adelante a comienzos de mayo, una delegaci\u00f3n de ATE integrada por Magali Arocena (ISSTATE), la doctora Soledad D\u00edaz Ayala, Javier Bracamonte,en representaci\u00f3n del CDP Paritario CyMAT FFAA, y las delegadas del sector, se identific\u00f3 sectores cuyos techos conten\u00eda este material prohibido por las enfermedades que genera, poniendo en riesgo a trabajadoras, trabajadores y pacientes del lugar.<\/p>\n\n\n\n<p>En la ocasi\u00f3n se retir\u00f3 una muestra que fue enviada para su an\u00e1lisis al laboratorio, CGAMA &#8211; Centro de Geolog\u00eda Aplicada, Agua y Medio Ambiente, Depto. Geolog\u00eda UNS \/ Laboratorio de Rayos, de Bah\u00eda Blanca provincia de Buenos Aires, donde se confirm\u00f3 la presencia de asbesto.<\/p>\n\n\n\n<p>Seguidamente, ATE traslad\u00f3 a los funcionarios del Hospital el resultado, fundamentando administrativamente el pedido de remoci\u00f3n del material en que &#8220;los minerales asbestiformes y los productos que los contengan han sido prohibidos en nuestro Pa\u00eds por las resoluciones 845\/2000 y 823\/2001 del Ministerio de Salud de la Naci\u00f3n, el asbesto y las enfermedades profesionales generadas por estas fibras han sido reconocidas por decreto 658\/96, dicho agente est\u00e1 tipificado como cancer\u00edgeno en Anexo 1 Resoluci\u00f3n 415\/2002 de Superintendencia de Riesgos del Trabajo. La Resoluci\u00f3n establece adem\u00e1s la obligatoriedad de declarar la posesi\u00f3n del agente en un registro especifico, como as\u00ed tambi\u00e9n &#8216;conservar las historias cl\u00ednicas de los trabajadores potencialmente expuestos por cuarenta a\u00f1os luego del cese de actividad laboral de los mismos&#8217;, la resoluci\u00f3n 37\/2010 de la S.R.T. establece que en el caso de presencia de agentes tipificados en decreto 658\/96 es obligatoria la realizaci\u00f3n de ex\u00e1menes peri\u00f3dicos espec\u00edficos&#8221;<\/p>\n\n\n\n<p>A su vez, la ley Nacional de Higiene y Seguridad N\u00b0 19587 establece en su Art. 8\u00b0 \u201ctodo empleador debe adoptar y poner en pr\u00e1ctica las medidas adecuadas de higiene y seguridad para proteger la vida y la integridad de los trabajadores\u201d.<\/p>\n\n\n\n<p><strong>Respuesta positiva<\/strong><\/p>\n\n\n\n<p>En respuesta al reclamo, la comodoro Cristina Malpartida, inform\u00f3 que &#8220;jefatura ha tomado nota de los resultados informados y, se han iniciado las gestiones pertinentes, a los efectos de la contrataci\u00f3n de personal id\u00f3neo y habilitado a fin de proceder de manera inmediata a la remoci\u00f3n de los aleros en los cuales se halla presente dicho material&#8221;.<\/p>\n\n\n\n<p><\/p>\n","protected":false},"excerpt":{"rendered":"<p>El pasado 26 de junio la Direcci\u00f3n del Hospital Aeron\u00e1utico inform\u00f3 al Departamento de Salud Laboral y Medio Ambiente de Trabajo del Consejo Directivo Provincial (CDP) que ordenar\u00e1 remover los tramos de techo del centro de salud que est\u00e1n integrados con compuestos que contienen asbesto, material cancer\u00edgeno seg\u00fan reconoce el Ministerio de Salud de la [&hellip;]<\/p>\n","protected":false},"author":7,"featured_media":37621,"comment_status":"open","ping_status":"open","sticky":false,"template":"","format":"standard","meta":{"_exactmetrics_skip_tracking":false,"_exactmetrics_sitenote_active":false,"_exactmetrics_sitenote_note":"","_exactmetrics_sitenote_category":0,"jnews-multi-image_gallery":[],"jnews_single_post":{"subtitle":"En una inspecci\u00f3n llevada adelante a comienzos de mayo, una delegaci\u00f3n de ATE integrada por Magali Arocena (ISSTATE), la doctora Soledad D\u00edaz Ayala, Javier Bracamonte,en representaci\u00f3n del CDP Paritario CyMAT FFAA, y las delegadas del sector, se identific\u00f3 sectores cuyos techos conten\u00eda este material prohibido por las enfermedades que genera, poniendo en riesgo a trabajadoras, trabajadores y pacientes del lugar.","format":"standard","video":"","gallery":"","source_name":"","source_url":"","via_name":"","via_url":"","override_template":"0","override":[{"template":"1","single_blog_custom":"","parallax":"1","fullscreen":"1","layout":"right-sidebar","sidebar":"default-sidebar","second_sidebar":"default-sidebar","sticky_sidebar":"1","share_position":"top","share_float_style":"share-monocrhome","show_share_counter":"1","show_view_counter":"1","show_featured":"1","show_post_meta":"1","show_post_author":"1","show_post_author_image":"1","show_post_date":"1","post_date_format":"default","post_date_format_custom":"Y\/m\/d","show_post_category":"1","show_post_reading_time":"0","post_reading_time_wpm":"300","show_zoom_button":"0","zoom_button_out_step":"2","zoom_button_in_step":"3","show_post_tag":"1","show_prev_next_post":"1","show_popup_post":"1","number_popup_post":"1","show_author_box":"0","show_post_related":"0","show_inline_post_related":"0"}],"override_image_size":"0","image_override":[{"single_post_thumbnail_size":"crop-500","single_post_gallery_size":"crop-500"}],"trending_post":"0","trending_post_position":"meta","trending_post_label":"Trending","sponsored_post":"0","sponsored_post_label":"Sponsored by","sponsored_post_name":"","sponsored_post_url":"","sponsored_post_logo_enable":"0","sponsored_post_logo":"","sponsored_post_desc":"","disable_ad":"0"},"jnews_primary_category":{"id":""},"jnews_social_meta":{"fb_title":"","fb_description":"","fb_image":"","twitter_title":"","twitter_description":"","twitter_image":""},"jnews_review":[],"enable_review":"0","type":"percentage","name":"","summary":"","brand":"","sku":"","good":[{"good_text":""}],"bad":[{"bad_text":""}],"score_override":"","override_value":"","rating":[{"rating_text":"","rating_number":"10"}],"price":[{"shop":"","price":"","link":"","icon":""}],"jnews_override_counter":{"override_view_counter":"0","view_counter_number":"0","override_share_counter":"0","share_counter_number":"0","override_like_counter":"0","like_counter_number":"0","override_dislike_counter":"0","dislike_counter_number":"0"},"jnews_post_split":{"enable_post_split":"0","post_split":[{"template":"1","tag":"h2","numbering":"asc","mode":"normal","first":"0","enable_toc":"0","toc_type":"normal"}]},"footnotes":""},"categories":[549],"tags":[],"class_list":["post-37620","post","type-post","status-publish","format-standard","has-post-thumbnail","hentry","category-cymat"],"jetpack_featured_media_url":"https:\/\/atecordoba.org\/wp-content\/uploads\/2023\/07\/WhatsApp-Image-2023-07-05-at-10.40.31-2-e1688571331305.jpeg","_links":{"self":[{"href":"https:\/\/atecordoba.org\/index.php?rest_route=\/wp\/v2\/posts\/37620","targetHints":{"allow":["GET"]}}],"collection":[{"href":"https:\/\/atecordoba.org\/index.php?rest_route=\/wp\/v2\/posts"}],"about":[{"href":"https:\/\/atecordoba.org\/index.php?rest_route=\/wp\/v2\/types\/post"}],"author":[{"embeddable":true,"href":"https:\/\/atecordoba.org\/index.php?rest_route=\/wp\/v2\/users\/7"}],"replies":[{"embeddable":true,"href":"https:\/\/atecordoba.org\/index.php?rest_route=%2Fwp%2Fv2%2Fcomments&post=37620"}],"version-history":[{"count":1,"href":"https:\/\/atecordoba.org\/index.php?rest_route=\/wp\/v2\/posts\/37620\/revisions"}],"predecessor-version":[{"id":37622,"href":"https:\/\/atecordoba.org\/index.php?rest_route=\/wp\/v2\/posts\/37620\/revisions\/37622"}],"wp:featuredmedia":[{"embeddable":true,"href":"https:\/\/atecordoba.org\/index.php?rest_route=\/wp\/v2\/media\/37621"}],"wp:attachment":[{"href":"https:\/\/atecordoba.org\/index.php?rest_route=%2Fwp%2Fv2%2Fmedia&parent=37620"}],"wp:term":[{"taxonomy":"category","embeddable":true,"href":"https:\/\/atecordoba.org\/index.php?rest_route=%2Fwp%2Fv2%2Fcategories&post=37620"},{"taxonomy":"post_tag","embeddable":true,"href":"https:\/\/atecordoba.org\/index.php?rest_route=%2Fwp%2Fv2%2Ftags&post=37620"}],"curies":[{"name":"wp","href":"https:\/\/api.w.org\/{rel}","templated":true}]}}