{"id":37614,"date":"2023-07-05T11:39:35","date_gmt":"2023-07-05T14:39:35","guid":{"rendered":"https:\/\/atecordoba.org\/?p=37614"},"modified":"2023-07-05T11:39:37","modified_gmt":"2023-07-05T14:39:37","slug":"capacitacion-sobre-el-convenio-190-contra-la-violencia-de-laboral","status":"publish","type":"post","link":"https:\/\/atecordoba.org\/?p=37614","title":{"rendered":"Capacitaci\u00f3n sobre el convenio 190 contra la violencia de laboral"},"content":{"rendered":"\n<div class=\"wp-block-image\"><figure class=\"aligncenter size-large is-resized\"><img loading=\"lazy\" decoding=\"async\" src=\"https:\/\/atecordoba.org\/wp-content\/uploads\/2023\/07\/WhatsApp-Image-2023-07-05-at-09.50.50-2-1024x576.jpeg\" alt=\"\" class=\"wp-image-37615\" width=\"768\" height=\"432\" srcset=\"https:\/\/atecordoba.org\/wp-content\/uploads\/2023\/07\/WhatsApp-Image-2023-07-05-at-09.50.50-2-1024x576.jpeg 1024w, https:\/\/atecordoba.org\/wp-content\/uploads\/2023\/07\/WhatsApp-Image-2023-07-05-at-09.50.50-2-300x169.jpeg 300w, https:\/\/atecordoba.org\/wp-content\/uploads\/2023\/07\/WhatsApp-Image-2023-07-05-at-09.50.50-2-768x432.jpeg 768w, https:\/\/atecordoba.org\/wp-content\/uploads\/2023\/07\/WhatsApp-Image-2023-07-05-at-09.50.50-2-1536x864.jpeg 1536w, https:\/\/atecordoba.org\/wp-content\/uploads\/2023\/07\/WhatsApp-Image-2023-07-05-at-09.50.50-2-750x422.jpeg 750w, https:\/\/atecordoba.org\/wp-content\/uploads\/2023\/07\/WhatsApp-Image-2023-07-05-at-09.50.50-2-1140x641.jpeg 1140w, https:\/\/atecordoba.org\/wp-content\/uploads\/2023\/07\/WhatsApp-Image-2023-07-05-at-09.50.50-2.jpeg 1599w\" sizes=\"auto, (max-width: 768px) 100vw, 768px\" \/><\/figure><\/div>\n\n\n\n<p>En una actividad organizada por el Departamento de G\u00e9neros y Diversidades del Consejo Directivo Provincial (CDP) ayer por la tarde se desarroll\u00f3 en el auditorio H\u00e9ctor &#8216;La Perra&#8217; Castro de ATE C\u00f3rdoba un taller de formaci\u00f3n destinado a capacitar a dirigentes, activistas, afiliadas y afiliados de ATE sobre el Convenio 190 de la Organizaci\u00f3n Internacional del Trabajo (OIT), norma internacional que reconoce el derecho a un trabajo libre de violencia y acoso que est\u00e1 en plena vigencia en Argentina desde febrero de 2021.<\/p>\n\n\n\n<p>Nuestro pa\u00eds es una de las diez naciones, junto a Ecuador, Fiji, Grecia, Italia, Mauricio, Namibia, Somalia, Sud\u00e1frica y Uruguay, que ha ratificado el documento sobre la eliminaci\u00f3n de la violencia y el acoso en el mundo del trabajo, que abarca las acciones que se desarrollen en el espacio f\u00edsico, as\u00ed como las comunicaciones relacionadas con este \u00e1mbito, en particular las que tienen lugar mediante tecnolog\u00edas de la informaci\u00f3n y la comunicaci\u00f3n.<\/p>\n\n\n\n<p>En la oportunidad, dictaron el taller las abogadas de ATE Mar\u00eda Marta Terragno y Paloma Mu\u00f1oz, contando con la concurrencia de alrededor de 30 compa\u00f1eras y compa\u00f1eros nacionales, provinciales y municipales.<\/p>\n\n\n\n<figure class=\"wp-block-gallery has-nested-images columns-default is-cropped wp-block-gallery-1 is-layout-flex wp-block-gallery-is-layout-flex\">\n<figure class=\"wp-block-image size-large\"><a href=\"https:\/\/atecordoba.org\/wp-content\/uploads\/2023\/07\/WhatsApp-Image-2023-07-05-at-09.50.53-1.jpeg\" target=\"_blank\" rel=\"noopener\"><img loading=\"lazy\" decoding=\"async\" width=\"1024\" height=\"576\" data-id=\"37618\" src=\"https:\/\/atecordoba.org\/wp-content\/uploads\/2023\/07\/WhatsApp-Image-2023-07-05-at-09.50.53-1-1024x576.jpeg\" alt=\"\" class=\"wp-image-37618\" srcset=\"https:\/\/atecordoba.org\/wp-content\/uploads\/2023\/07\/WhatsApp-Image-2023-07-05-at-09.50.53-1-1024x576.jpeg 1024w, https:\/\/atecordoba.org\/wp-content\/uploads\/2023\/07\/WhatsApp-Image-2023-07-05-at-09.50.53-1-300x169.jpeg 300w, https:\/\/atecordoba.org\/wp-content\/uploads\/2023\/07\/WhatsApp-Image-2023-07-05-at-09.50.53-1-768x432.jpeg 768w, https:\/\/atecordoba.org\/wp-content\/uploads\/2023\/07\/WhatsApp-Image-2023-07-05-at-09.50.53-1-1536x864.jpeg 1536w, https:\/\/atecordoba.org\/wp-content\/uploads\/2023\/07\/WhatsApp-Image-2023-07-05-at-09.50.53-1-750x422.jpeg 750w, https:\/\/atecordoba.org\/wp-content\/uploads\/2023\/07\/WhatsApp-Image-2023-07-05-at-09.50.53-1-1140x641.jpeg 1140w, https:\/\/atecordoba.org\/wp-content\/uploads\/2023\/07\/WhatsApp-Image-2023-07-05-at-09.50.53-1.jpeg 1599w\" sizes=\"auto, (max-width: 1024px) 100vw, 1024px\" \/><\/a><\/figure>\n\n\n\n<figure class=\"wp-block-image size-large\"><a href=\"https:\/\/atecordoba.org\/wp-content\/uploads\/2023\/07\/WhatsApp-Image-2023-07-05-at-09.50.49-1.jpeg\" target=\"_blank\" rel=\"noopener\"><img loading=\"lazy\" decoding=\"async\" width=\"1024\" height=\"768\" data-id=\"37616\" src=\"https:\/\/atecordoba.org\/wp-content\/uploads\/2023\/07\/WhatsApp-Image-2023-07-05-at-09.50.49-1-1024x768.jpeg\" alt=\"\" class=\"wp-image-37616\" srcset=\"https:\/\/atecordoba.org\/wp-content\/uploads\/2023\/07\/WhatsApp-Image-2023-07-05-at-09.50.49-1-1024x768.jpeg 1024w, https:\/\/atecordoba.org\/wp-content\/uploads\/2023\/07\/WhatsApp-Image-2023-07-05-at-09.50.49-1-300x225.jpeg 300w, https:\/\/atecordoba.org\/wp-content\/uploads\/2023\/07\/WhatsApp-Image-2023-07-05-at-09.50.49-1-768x576.jpeg 768w, https:\/\/atecordoba.org\/wp-content\/uploads\/2023\/07\/WhatsApp-Image-2023-07-05-at-09.50.49-1-1536x1152.jpeg 1536w, https:\/\/atecordoba.org\/wp-content\/uploads\/2023\/07\/WhatsApp-Image-2023-07-05-at-09.50.49-1-750x563.jpeg 750w, https:\/\/atecordoba.org\/wp-content\/uploads\/2023\/07\/WhatsApp-Image-2023-07-05-at-09.50.49-1-1140x855.jpeg 1140w, https:\/\/atecordoba.org\/wp-content\/uploads\/2023\/07\/WhatsApp-Image-2023-07-05-at-09.50.49-1.jpeg 1600w\" sizes=\"auto, (max-width: 1024px) 100vw, 1024px\" \/><\/a><\/figure>\n\n\n\n<figure class=\"wp-block-image size-large\"><a href=\"https:\/\/atecordoba.org\/wp-content\/uploads\/2023\/07\/WhatsApp-Image-2023-07-05-at-09.50.49.jpeg\" target=\"_blank\" rel=\"noopener\"><img loading=\"lazy\" decoding=\"async\" width=\"1024\" height=\"768\" data-id=\"37617\" src=\"https:\/\/atecordoba.org\/wp-content\/uploads\/2023\/07\/WhatsApp-Image-2023-07-05-at-09.50.49-1024x768.jpeg\" alt=\"\" class=\"wp-image-37617\" \/><\/a><\/figure>\n<\/figure>\n\n\n\n<p>Desde el Departamento de G\u00e9neros y Diversidades la compa\u00f1era Mar\u00eda Spaventa explic\u00f3 que se trat\u00f3 de &#8220;una jornada donde trabajamos sobre las herramientas para prevenir y abordar la violencia de g\u00e9nero y laboral en el trabajo a partir del Convenio 190 y erradicar el acoso laboral. Est\u00e1 pensado para adaptarlo a distintos sectores de trabajo y para eso recorrimos organismos nacionales, hospitales provinciales, sectores municipales donde tenemos afiliadas y afiliados\u201d. \u00a0<\/p>\n\n\n\n<p>La dirigenta explic\u00f3 que &#8220;es una norma relativamente nueva por lo que la idea es hacer una capacitaci\u00f3n progresiva y permanente&#8221;. &#8220;Es importante el Convenio porque diferencia estas violencias espec\u00edficas, diferentes a otras que pudieran sufrirse en los mismos \u00e1mbitos, como cuando nos indican actividades que no forman parte de nuestras responsabilidades, cuando hay abuso de los lugares de jerarqu\u00eda. Hay que identificar estas situaciones que nos hacen sentir mal y terminan generando enfermedades, que necesitamos empezar a identificar para erradicar el abuso de poder en las instituciones&#8221;, se\u00f1al\u00f3.<\/p>\n\n\n\n<p>Por su parte Alejandra Agnone, trabajadora de SENASA, dijo que &#8220;nos parece sumamente importante recibir herramientas. En SENASA logramos que se implemente un protocolo propio contra las violencias laborales que entr\u00f3 en vigencia hace dos semanas y por los tanto fue importante compartir la experiencia con el resto de las y los compa\u00f1eros&#8221;.<\/p>\n\n\n\n<p>En tanto Anal\u00eda Fern\u00e1ndez, trabajadora del mismo organismo, agradeci\u00f3 la oportunidad de acceder a estos materiales y apunt\u00f3 que m\u00e1s all\u00e1 del g\u00e9nero \u201ces un tema importante para todos y nos marca cu\u00e1les son los l\u00edmites que no se deben traspasar\u201d.<\/p>\n","protected":false},"excerpt":{"rendered":"<p>En una actividad organizada por el Departamento de G\u00e9neros y Diversidades del Consejo Directivo Provincial (CDP) ayer por la tarde se desarroll\u00f3 en el auditorio H\u00e9ctor &#8216;La Perra&#8217; Castro de ATE C\u00f3rdoba un taller de formaci\u00f3n destinado a capacitar a dirigentes, activistas, afiliadas y afiliados de ATE sobre el Convenio 190 de la Organizaci\u00f3n Internacional [&hellip;]<\/p>\n","protected":false},"author":7,"featured_media":37617,"comment_status":"open","ping_status":"open","sticky":false,"template":"","format":"standard","meta":{"_exactmetrics_skip_tracking":false,"_exactmetrics_sitenote_active":false,"_exactmetrics_sitenote_note":"","_exactmetrics_sitenote_category":0,"jnews-multi-image_gallery":[],"jnews_single_post":{"subtitle":"herramientas para prevenir y abordar la violencia de g\u00e9nero y laboral en el trabajo a partir del Convenio 190 y erradicar el acoso laboral. Est\u00e1 pensado para adaptarlo a distintos sectores de trabajo y para eso recorrimos organismos nacionales, hospitales provinciales, sectores municipales donde tenemos afiliadas y afiliados\u201d. \u00a0","format":"standard","video":"","gallery":"","source_name":"","source_url":"","via_name":"","via_url":"","override_template":"0","override":[{"template":"1","single_blog_custom":"","parallax":"1","fullscreen":"1","layout":"right-sidebar","sidebar":"default-sidebar","second_sidebar":"default-sidebar","sticky_sidebar":"1","share_position":"top","share_float_style":"share-monocrhome","show_share_counter":"1","show_view_counter":"1","show_featured":"1","show_post_meta":"1","show_post_author":"1","show_post_author_image":"1","show_post_date":"1","post_date_format":"default","post_date_format_custom":"Y\/m\/d","show_post_category":"1","show_post_reading_time":"0","post_reading_time_wpm":"300","show_zoom_button":"0","zoom_button_out_step":"2","zoom_button_in_step":"3","show_post_tag":"1","show_prev_next_post":"1","show_popup_post":"1","number_popup_post":"1","show_author_box":"0","show_post_related":"0","show_inline_post_related":"0"}],"override_image_size":"0","image_override":[{"single_post_thumbnail_size":"crop-500","single_post_gallery_size":"crop-500"}],"trending_post":"0","trending_post_position":"meta","trending_post_label":"Trending","sponsored_post":"0","sponsored_post_label":"Sponsored by","sponsored_post_name":"","sponsored_post_url":"","sponsored_post_logo_enable":"0","sponsored_post_logo":"","sponsored_post_desc":"","disable_ad":"0"},"jnews_primary_category":{"id":""},"jnews_social_meta":{"fb_title":"","fb_description":"","fb_image":"","twitter_title":"","twitter_description":"","twitter_image":""},"jnews_review":[],"enable_review":"0","type":"percentage","name":"","summary":"","brand":"","sku":"","good":[{"good_text":""}],"bad":[{"bad_text":""}],"score_override":"","override_value":"","rating":[{"rating_text":"","rating_number":"10"}],"price":[{"shop":"","price":"","link":"","icon":""}],"jnews_override_counter":{"override_view_counter":"0","view_counter_number":"0","override_share_counter":"0","share_counter_number":"0","override_like_counter":"0","like_counter_number":"0","override_dislike_counter":"0","dislike_counter_number":"0"},"jnews_post_split":{"enable_post_split":"0","post_split":[{"template":"1","tag":"h2","numbering":"asc","mode":"normal","first":"0","enable_toc":"0","toc_type":"normal"}]},"footnotes":""},"categories":[88,325],"tags":[],"class_list":["post-37614","post","type-post","status-publish","format-standard","has-post-thumbnail","hentry","category-formacion","category-generos-y-diversidades"],"jetpack_featured_media_url":"https:\/\/atecordoba.org\/wp-content\/uploads\/2023\/07\/WhatsApp-Image-2023-07-05-at-09.50.49-e1688567950158.jpeg","_links":{"self":[{"href":"https:\/\/atecordoba.org\/index.php?rest_route=\/wp\/v2\/posts\/37614","targetHints":{"allow":["GET"]}}],"collection":[{"href":"https:\/\/atecordoba.org\/index.php?rest_route=\/wp\/v2\/posts"}],"about":[{"href":"https:\/\/atecordoba.org\/index.php?rest_route=\/wp\/v2\/types\/post"}],"author":[{"embeddable":true,"href":"https:\/\/atecordoba.org\/index.php?rest_route=\/wp\/v2\/users\/7"}],"replies":[{"embeddable":true,"href":"https:\/\/atecordoba.org\/index.php?rest_route=%2Fwp%2Fv2%2Fcomments&post=37614"}],"version-history":[{"count":1,"href":"https:\/\/atecordoba.org\/index.php?rest_route=\/wp\/v2\/posts\/37614\/revisions"}],"predecessor-version":[{"id":37619,"href":"https:\/\/atecordoba.org\/index.php?rest_route=\/wp\/v2\/posts\/37614\/revisions\/37619"}],"wp:featuredmedia":[{"embeddable":true,"href":"https:\/\/atecordoba.org\/index.php?rest_route=\/wp\/v2\/media\/37617"}],"wp:attachment":[{"href":"https:\/\/atecordoba.org\/index.php?rest_route=%2Fwp%2Fv2%2Fmedia&parent=37614"}],"wp:term":[{"taxonomy":"category","embeddable":true,"href":"https:\/\/atecordoba.org\/index.php?rest_route=%2Fwp%2Fv2%2Fcategories&post=37614"},{"taxonomy":"post_tag","embeddable":true,"href":"https:\/\/atecordoba.org\/index.php?rest_route=%2Fwp%2Fv2%2Ftags&post=37614"}],"curies":[{"name":"wp","href":"https:\/\/api.w.org\/{rel}","templated":true}]}}