{"id":37604,"date":"2023-07-04T12:51:30","date_gmt":"2023-07-04T15:51:30","guid":{"rendered":"https:\/\/atecordoba.org\/?p=37604"},"modified":"2023-07-04T12:52:25","modified_gmt":"2023-07-04T15:52:25","slug":"reunion-con-el-intendente-de-mina-clavero","status":"publish","type":"post","link":"https:\/\/atecordoba.org\/?p=37604","title":{"rendered":"Reuni\u00f3n con el Intendente de Mina Clavero"},"content":{"rendered":"\n<div class=\"wp-block-image\"><figure class=\"aligncenter size-large is-resized\"><img loading=\"lazy\" decoding=\"async\" src=\"https:\/\/atecordoba.org\/wp-content\/uploads\/2023\/07\/manzanelli-1024x768.jpg\" alt=\"\" class=\"wp-image-37607\" width=\"768\" height=\"576\" \/><\/figure><\/div>\n\n\n\n<p>El crecimiento organizativo de ATE en Traslasierra se expresa en la presencia de nuestro gremio entre los municipales del valle. En esta ocasi\u00f3n una delegaci\u00f3n encabezada por la secretaria de Prensa y Comunicaci\u00f3n del Consejo Directivo Provincial (CDP), Julia Giuliani, reivindic\u00f3 el principio de que \u201clas y los municipales tambi\u00e9n somos estatales\u201d y mantuvo ayer una reuni\u00f3n con el intendente de Mina Clavero, Claudio Manzanelli.<\/p>\n\n\n\n<p>Bajo ese precepto, que conforma una idea fuerza de la conducci\u00f3n provincial del sindicato, indic\u00f3 que \u201chace exactamente seis d\u00edas ten\u00edamos nuestro primer desembarco como ATE, en la serrana localidad de Mina Clavero. Este lunes tuvimos nuestra primer audiencia con el Intendente\u201d.<\/p>\n\n\n\n<figure class=\"wp-block-gallery has-nested-images columns-default is-cropped wp-block-gallery-1 is-layout-flex wp-block-gallery-is-layout-flex\">\n<figure class=\"wp-block-image size-large\"><a href=\"https:\/\/atecordoba.org\/wp-content\/uploads\/2023\/07\/cros-1.jpg\" target=\"_blank\" rel=\"noopener\"><img loading=\"lazy\" decoding=\"async\" width=\"300\" height=\"169\" data-id=\"37610\" src=\"https:\/\/atecordoba.org\/wp-content\/uploads\/2023\/07\/cros-1.jpg\" alt=\"\" class=\"wp-image-37610\" \/><\/a><\/figure>\n\n\n\n<figure class=\"wp-block-image size-large\"><a href=\"https:\/\/atecordoba.org\/wp-content\/uploads\/2023\/07\/manzanelli2-1.jpg\" target=\"_blank\" rel=\"noopener\"><img loading=\"lazy\" decoding=\"async\" width=\"300\" height=\"169\" data-id=\"37611\" src=\"https:\/\/atecordoba.org\/wp-content\/uploads\/2023\/07\/manzanelli2-1.jpg\" alt=\"\" class=\"wp-image-37611\" \/><\/a><\/figure>\n<\/figure>\n\n\n\n<p>Y agreg\u00f3: \u201cGracias a la apertura del di\u00e1logo empezamos a dar peque\u00f1os pasitos que hacen historia en Traslasierra\u201d, se\u00f1al\u00f3 Giuliani, representante de la Lista Verde y Violeta Germ\u00e1n Abdala de cara a las elecciones del pr\u00f3ximo 9 de agosto. <\/p>\n\n\n\n<p>\u201cNuestra propuesta es seguir militando el territorio buscando aglutinar a los trabajadores y trabajadoras municipales, provinciales y nacionales para continuar creciendo juntos\u201d, finaliz\u00f3.<\/p>\n","protected":false},"excerpt":{"rendered":"<p>El crecimiento organizativo de ATE en Traslasierra se expresa en la presencia de nuestro gremio entre los municipales del valle. En esta ocasi\u00f3n una delegaci\u00f3n encabezada por la secretaria de Prensa y Comunicaci\u00f3n del Consejo Directivo Provincial (CDP), Julia Giuliani, reivindic\u00f3 el principio de que \u201clas y los municipales tambi\u00e9n somos estatales\u201d y mantuvo ayer [&hellip;]<\/p>\n","protected":false},"author":7,"featured_media":37607,"comment_status":"open","ping_status":"open","sticky":false,"template":"","format":"standard","meta":{"_exactmetrics_skip_tracking":false,"_exactmetrics_sitenote_active":false,"_exactmetrics_sitenote_note":"","_exactmetrics_sitenote_category":0,"jnews-multi-image_gallery":[],"jnews_single_post":{"subtitle":"\u201cHace exactamente seis d\u00edas ten\u00edamos nuestro primer desembarco como ATE en la serrana localidad de Mina Clavero. Y este lunes tuvimos nuestra primer audiencia con el Intendente Claudio Manzanelli\u201d, dijo la secretaria de Prensa de ATE C\u00f3rdoba, Julia Giuliani.","format":"standard","video":"","gallery":"","source_name":"","source_url":"","via_name":"","via_url":"","override_template":"0","override":[{"template":"1","single_blog_custom":"","parallax":"1","fullscreen":"1","layout":"right-sidebar","sidebar":"default-sidebar","second_sidebar":"default-sidebar","sticky_sidebar":"1","share_position":"top","share_float_style":"share-monocrhome","show_share_counter":"1","show_view_counter":"1","show_featured":"1","show_post_meta":"1","show_post_author":"1","show_post_author_image":"1","show_post_date":"1","post_date_format":"default","post_date_format_custom":"Y\/m\/d","show_post_category":"1","show_post_reading_time":"0","post_reading_time_wpm":"300","show_zoom_button":"0","zoom_button_out_step":"2","zoom_button_in_step":"3","show_post_tag":"1","show_prev_next_post":"1","show_popup_post":"1","number_popup_post":"1","show_author_box":"0","show_post_related":"0","show_inline_post_related":"0"}],"override_image_size":"0","image_override":[{"single_post_thumbnail_size":"crop-500","single_post_gallery_size":"crop-500"}],"trending_post":"0","trending_post_position":"meta","trending_post_label":"Trending","sponsored_post":"0","sponsored_post_label":"Sponsored by","sponsored_post_name":"","sponsored_post_url":"","sponsored_post_logo_enable":"0","sponsored_post_logo":"","sponsored_post_desc":"","disable_ad":"0"},"jnews_primary_category":{"id":""},"jnews_social_meta":{"fb_title":"","fb_description":"","fb_image":"","twitter_title":"","twitter_description":"","twitter_image":""},"jnews_review":[],"enable_review":"0","type":"percentage","name":"","summary":"","brand":"","sku":"","good":[{"good_text":""}],"bad":[{"bad_text":""}],"score_override":"","override_value":"","rating":[{"rating_text":"","rating_number":"10"}],"price":[{"shop":"","price":"","link":"","icon":""}],"jnews_override_counter":{"override_view_counter":"0","view_counter_number":"0","override_share_counter":"0","share_counter_number":"0","override_like_counter":"0","like_counter_number":"0","override_dislike_counter":"0","dislike_counter_number":"0"},"jnews_post_split":{"enable_post_split":"0","post_split":[{"template":"1","tag":"h2","numbering":"asc","mode":"normal","first":"0","enable_toc":"0","toc_type":"normal"}]},"footnotes":""},"categories":[20],"tags":[],"class_list":["post-37604","post","type-post","status-publish","format-standard","has-post-thumbnail","hentry","category-municipales"],"jetpack_featured_media_url":"https:\/\/atecordoba.org\/wp-content\/uploads\/2023\/07\/manzanelli-e1688485727661.jpg","_links":{"self":[{"href":"https:\/\/atecordoba.org\/index.php?rest_route=\/wp\/v2\/posts\/37604","targetHints":{"allow":["GET"]}}],"collection":[{"href":"https:\/\/atecordoba.org\/index.php?rest_route=\/wp\/v2\/posts"}],"about":[{"href":"https:\/\/atecordoba.org\/index.php?rest_route=\/wp\/v2\/types\/post"}],"author":[{"embeddable":true,"href":"https:\/\/atecordoba.org\/index.php?rest_route=\/wp\/v2\/users\/7"}],"replies":[{"embeddable":true,"href":"https:\/\/atecordoba.org\/index.php?rest_route=%2Fwp%2Fv2%2Fcomments&post=37604"}],"version-history":[{"count":2,"href":"https:\/\/atecordoba.org\/index.php?rest_route=\/wp\/v2\/posts\/37604\/revisions"}],"predecessor-version":[{"id":37613,"href":"https:\/\/atecordoba.org\/index.php?rest_route=\/wp\/v2\/posts\/37604\/revisions\/37613"}],"wp:featuredmedia":[{"embeddable":true,"href":"https:\/\/atecordoba.org\/index.php?rest_route=\/wp\/v2\/media\/37607"}],"wp:attachment":[{"href":"https:\/\/atecordoba.org\/index.php?rest_route=%2Fwp%2Fv2%2Fmedia&parent=37604"}],"wp:term":[{"taxonomy":"category","embeddable":true,"href":"https:\/\/atecordoba.org\/index.php?rest_route=%2Fwp%2Fv2%2Fcategories&post=37604"},{"taxonomy":"post_tag","embeddable":true,"href":"https:\/\/atecordoba.org\/index.php?rest_route=%2Fwp%2Fv2%2Ftags&post=37604"}],"curies":[{"name":"wp","href":"https:\/\/api.w.org\/{rel}","templated":true}]}}