{"id":376,"date":"2010-03-10T17:39:46","date_gmt":"2010-03-10T20:39:46","guid":{"rendered":"http:\/\/www.atecordoba.org\/?p=376"},"modified":"2010-03-10T17:39:46","modified_gmt":"2010-03-10T20:39:46","slug":"masiva-movilizacion-de-jubilados","status":"publish","type":"post","link":"https:\/\/atecordoba.org\/?p=376","title":{"rendered":"Masiva movilizaci\u00f3n de jubilados"},"content":{"rendered":"<p><img loading=\"lazy\" decoding=\"async\" class=\"aligncenter size-full wp-image-377\" title=\"arton13-6f580\" src=\"http:\/\/www.atecordoba.org\/wp-content\/uploads\/2012\/06\/arton13-6f580.jpg\" alt=\"\" width=\"440\" height=\"248\" \/><\/p>\n<p><strong>Nuestra organizaci\u00f3n particip\u00f3 activamente de una intensa jornada de lucha en reclamo de 1600 pesos de jubilaci\u00f3n m\u00ednima, fin de las intervenciones a la Caja de Jubilaciones y 82% m\u00f3vil para provinciales y nacionales.<\/strong><\/p>\n<div>\n<p>(C\u00f3rdoba, 10-3-2010) Una importante movilizaci\u00f3n de jubilados se realiz\u00f3 hoy en el centro de la ciudad, en el marco del plan de lucha que desarrolla ATE, como integrante de la Comisi\u00f3n Provisoria de Jubilados y Pensionados Nacionales y Provinciales de C\u00f3rdoba, con el objetivo de que el gobierno provincial modifique radicalmente su pol\u00edtica previsional.<\/p>\n<p>En el acto estuvieron presentes Maria Teresa Romero, secretaria General de ATE, Oscar Mengarelli, secretario General de CTA C\u00f3rdoba, acompa\u00f1ados por integrantes del Consejo Directivo Provincial, delegados y activistas de nuestra organizaci\u00f3n.<\/p>\n<p>El acto se realiz\u00f3 en la esquina de De\u00e1n Funes y avenida General Paz, a una cuadra de la legislatura. \u201cEl compromiso de ATE es continuar el plan de lucha y terminar con la mentira a la opini\u00f3n publica de que la caja es deficitaria. Por el contrario, el resultado de los balances obedece a que ha sido mal administrada, realizando un vaciamiento delictivo desde hace 14 a\u00f1os, y profundizada a partir del 2003 con el convenio de armonizacion firmado pro Jos\u00e9 Manuel De la Sota\u201d, se\u00f1al\u00f3 a los medios de prensa Daniel Pawluchuzk, secretario de prensa de ATE.<\/p>\n<p>Los integrantes de la Comisi\u00f3n Provisoria reclamaron, a trav\u00e9s de los distintos oradores, respeto irrestricto del 82% m\u00f3vil, su aplicaci\u00f3n efectiva inmediata y plena vigencia de la Ley 8024; fin de la Intervenci\u00f3n de la Caja de Jubilaciones, direcci\u00f3n y administraci\u00f3n a cargo de los afiliados aportantes y beneficiarios; basta de emergencia previsional, derogaci\u00f3n de la Ley 9504, as\u00ed como de las leyes de armonizaci\u00f3n 9075 y 9562; anulaci\u00f3n de las leyes 9721 y 9722; blanqueo salarial, para terminar con la evasi\u00f3n de los aportes y contribuciones por parte del Estado provincial; derogaci\u00f3n leyes nacionales 24241 y 24463, y por una nueva ley de jubilaciones nacionales que respete el 82% m\u00f3vil real; jubilaci\u00f3n m\u00ednima de $1600; respeto a la Constituci\u00f3n Nacional y a la Constituci\u00f3n de la Provincia de C\u00f3rdoba.<\/p>\n<p>Finalizado el acto, se hizo entrega de 70 carpetas a los legisladores provinciales para que conozcan la posici\u00f3n de las organizaciones en lucha. Tambi\u00e9n se solicit\u00f3, mediante un petitorio, una audiencia al Vicegobernador H\u00e9ctor Campana, como parte de las reuniones que la Comisi\u00f3n lleva adelante con los distintos estamentos oficiales.<\/p>\n<p>Frente a la Legislatura los manifestantes quemaron un mu\u00f1eco de papel que hac\u00eda alusi\u00f3n a la figura de Domingo Carbonetti, legislador oficialista apuntado como el responsable de desarrollar la ingenier\u00eda jur\u00eddica del ajuste previsional que lleva adelante del gobierno de Schiaretti hace dos a\u00f1os.<\/p>\n<p>Los organizadores anticiparon que el 30 de marzo se realizar\u00e1 la cuarta marcha por la dignidad de los jubilados, frente a los Tribunales provinciales. Hasta tanto suceda, se llevar\u00e1n a cabo visitas a reparticiones provinciales y nacionales para tomar contacto con los trabajadores estatales activos.<\/p>\n<p>\u201cLos activos deben tomar conciencia y comprometerse con la lucha de los jubilados porque estan siendo estafados en la actualidad y cobrar\u00e1n jubilaciones de miseria en el futuro\u201d, concluy\u00f3 Pawluchuzk.<\/p>\n<\/div>\n","protected":false},"excerpt":{"rendered":"<p>Nuestra organizaci\u00f3n particip\u00f3 activamente de una intensa jornada de lucha en reclamo de 1600 pesos de jubilaci\u00f3n m\u00ednima, fin de las intervenciones a la Caja de Jubilaciones y 82% m\u00f3vil para provinciales y nacionales. (C\u00f3rdoba, 10-3-2010) Una importante movilizaci\u00f3n de jubilados se realiz\u00f3 hoy en el centro de la ciudad, en el marco del plan [&hellip;]<\/p>\n","protected":false},"author":1,"featured_media":19220,"comment_status":"open","ping_status":"open","sticky":false,"template":"","format":"standard","meta":{"_exactmetrics_skip_tracking":false,"_exactmetrics_sitenote_active":false,"_exactmetrics_sitenote_note":"","_exactmetrics_sitenote_category":0,"jnews-multi-image_gallery":[],"jnews_single_post":[],"jnews_primary_category":[],"jnews_social_meta":[],"jnews_review":[],"enable_review":"","type":"","name":"","summary":"","brand":"","sku":"","good":[],"bad":[],"score_override":"","override_value":"","rating":[],"price":[],"jnews_override_counter":[],"jnews_post_split":[],"footnotes":""},"categories":[22],"tags":[23],"class_list":["post-376","post","type-post","status-publish","format-standard","has-post-thumbnail","hentry","category-jubilados","tag-jubilados-2"],"jetpack_featured_media_url":"https:\/\/atecordoba.org\/wp-content\/uploads\/2020\/05\/logo-nuevochico-e1561581322808.png","_links":{"self":[{"href":"https:\/\/atecordoba.org\/index.php?rest_route=\/wp\/v2\/posts\/376","targetHints":{"allow":["GET"]}}],"collection":[{"href":"https:\/\/atecordoba.org\/index.php?rest_route=\/wp\/v2\/posts"}],"about":[{"href":"https:\/\/atecordoba.org\/index.php?rest_route=\/wp\/v2\/types\/post"}],"author":[{"embeddable":true,"href":"https:\/\/atecordoba.org\/index.php?rest_route=\/wp\/v2\/users\/1"}],"replies":[{"embeddable":true,"href":"https:\/\/atecordoba.org\/index.php?rest_route=%2Fwp%2Fv2%2Fcomments&post=376"}],"version-history":[{"count":0,"href":"https:\/\/atecordoba.org\/index.php?rest_route=\/wp\/v2\/posts\/376\/revisions"}],"wp:featuredmedia":[{"embeddable":true,"href":"https:\/\/atecordoba.org\/index.php?rest_route=\/wp\/v2\/media\/19220"}],"wp:attachment":[{"href":"https:\/\/atecordoba.org\/index.php?rest_route=%2Fwp%2Fv2%2Fmedia&parent=376"}],"wp:term":[{"taxonomy":"category","embeddable":true,"href":"https:\/\/atecordoba.org\/index.php?rest_route=%2Fwp%2Fv2%2Fcategories&post=376"},{"taxonomy":"post_tag","embeddable":true,"href":"https:\/\/atecordoba.org\/index.php?rest_route=%2Fwp%2Fv2%2Ftags&post=376"}],"curies":[{"name":"wp","href":"https:\/\/api.w.org\/{rel}","templated":true}]}}