{"id":37595,"date":"2023-07-04T12:29:53","date_gmt":"2023-07-04T15:29:53","guid":{"rendered":"https:\/\/atecordoba.org\/?p=37595"},"modified":"2023-07-04T13:04:32","modified_gmt":"2023-07-04T16:04:32","slug":"logro-de-ate-tras-el-paro-de-ate-reincorporan-tres-despidos-en-la-municipalidad-de-rio-primero","status":"publish","type":"post","link":"https:\/\/atecordoba.org\/?p=37595","title":{"rendered":"Logro de ATE: tras el paro reincorporan tres despidos en la Municipalidad de R\u00edo Primero"},"content":{"rendered":"\n<div class=\"wp-block-image\"><figure class=\"aligncenter size-large is-resized\"><img loading=\"lazy\" decoding=\"async\" src=\"https:\/\/atecordoba.org\/wp-content\/uploads\/2023\/07\/bandera-municipal-1024x576.jpg\" alt=\"\" class=\"wp-image-37596\" width=\"768\" height=\"432\" \/><\/figure><\/div>\n\n\n\n<p><br>Despu\u00e9s de cumplirse el paro de 24 horas resuelto por ATE ayer, la Municipalidad de R\u00edo Primero inform\u00f3 hoy, en una audiencia realizada esta ma\u00f1ana, que <a href=\"https:\/\/atecordoba.org\/?p=37589\">las dos enfermeras y el chofer de ambulancia despedidos<\/a> ser\u00e1n reincorporados.<\/p>\n\n\n\n<p>De esta manera las y los municipales lograron revertir una medida que claramente se originaba en la mala fe de la una gesti\u00f3n en retirada -ya que acaba de perder la elecci\u00f3n municipal- que quiso castigar a ATE, a trav\u00e9s de estos despidos de tres afiliadas y afiliados, porque pudo perforar el techo salarial que se hab\u00eda propuesto imponer al intendenta Cristina Cravero, con un fuerte plan de lucha, primero, y con la negociaci\u00f3n en medio de la conciliaci\u00f3n obligatoria decretada por el Ministerio de Trabajo, posteriormente. <\/p>\n\n\n\n<figure class=\"wp-block-gallery has-nested-images columns-default is-cropped wp-block-gallery-1 is-layout-flex wp-block-gallery-is-layout-flex\">\n<figure class=\"wp-block-image size-large\"><a href=\"https:\/\/atecordoba.org\/wp-content\/uploads\/2023\/07\/marcha-.jpg\" target=\"_blank\" rel=\"noopener\"><img loading=\"lazy\" decoding=\"async\" width=\"1024\" height=\"771\" data-id=\"37599\" src=\"https:\/\/atecordoba.org\/wp-content\/uploads\/2023\/07\/marcha--1024x771.jpg\" alt=\"\" class=\"wp-image-37599\" srcset=\"https:\/\/atecordoba.org\/wp-content\/uploads\/2023\/07\/marcha--1024x771.jpg 1024w, https:\/\/atecordoba.org\/wp-content\/uploads\/2023\/07\/marcha--300x226.jpg 300w, https:\/\/atecordoba.org\/wp-content\/uploads\/2023\/07\/marcha--768x578.jpg 768w, https:\/\/atecordoba.org\/wp-content\/uploads\/2023\/07\/marcha--1536x1157.jpg 1536w, https:\/\/atecordoba.org\/wp-content\/uploads\/2023\/07\/marcha--750x565.jpg 750w, https:\/\/atecordoba.org\/wp-content\/uploads\/2023\/07\/marcha--1140x858.jpg 1140w, https:\/\/atecordoba.org\/wp-content\/uploads\/2023\/07\/marcha-.jpg 2048w\" sizes=\"auto, (max-width: 1024px) 100vw, 1024px\" \/><\/a><\/figure>\n\n\n\n<figure class=\"wp-block-image size-large\"><a href=\"https:\/\/atecordoba.org\/wp-content\/uploads\/2023\/07\/marcha-2.jpg\" target=\"_blank\" rel=\"noopener\"><img loading=\"lazy\" decoding=\"async\" width=\"1024\" height=\"576\" data-id=\"37598\" src=\"https:\/\/atecordoba.org\/wp-content\/uploads\/2023\/07\/marcha-2-1024x576.jpg\" alt=\"\" class=\"wp-image-37598\" srcset=\"https:\/\/atecordoba.org\/wp-content\/uploads\/2023\/07\/marcha-2-1024x576.jpg 1024w, https:\/\/atecordoba.org\/wp-content\/uploads\/2023\/07\/marcha-2-300x169.jpg 300w, https:\/\/atecordoba.org\/wp-content\/uploads\/2023\/07\/marcha-2-768x432.jpg 768w, https:\/\/atecordoba.org\/wp-content\/uploads\/2023\/07\/marcha-2-1536x864.jpg 1536w, https:\/\/atecordoba.org\/wp-content\/uploads\/2023\/07\/marcha-2-750x422.jpg 750w, https:\/\/atecordoba.org\/wp-content\/uploads\/2023\/07\/marcha-2-1140x641.jpg 1140w, https:\/\/atecordoba.org\/wp-content\/uploads\/2023\/07\/marcha-2.jpg 2048w\" sizes=\"auto, (max-width: 1024px) 100vw, 1024px\" \/><\/a><\/figure>\n\n\n\n<figure class=\"wp-block-image size-large\"><a href=\"https:\/\/atecordoba.org\/wp-content\/uploads\/2023\/07\/marcha.jpg\" target=\"_blank\" rel=\"noopener\"><img loading=\"lazy\" decoding=\"async\" width=\"1024\" height=\"576\" data-id=\"37597\" src=\"https:\/\/atecordoba.org\/wp-content\/uploads\/2023\/07\/marcha-1024x576.jpg\" alt=\"\" class=\"wp-image-37597\" srcset=\"https:\/\/atecordoba.org\/wp-content\/uploads\/2023\/07\/marcha-1024x576.jpg 1024w, https:\/\/atecordoba.org\/wp-content\/uploads\/2023\/07\/marcha-300x169.jpg 300w, https:\/\/atecordoba.org\/wp-content\/uploads\/2023\/07\/marcha-768x432.jpg 768w, https:\/\/atecordoba.org\/wp-content\/uploads\/2023\/07\/marcha-1536x864.jpg 1536w, https:\/\/atecordoba.org\/wp-content\/uploads\/2023\/07\/marcha-750x422.jpg 750w, https:\/\/atecordoba.org\/wp-content\/uploads\/2023\/07\/marcha-1140x641.jpg 1140w, https:\/\/atecordoba.org\/wp-content\/uploads\/2023\/07\/marcha.jpg 2048w\" sizes=\"auto, (max-width: 1024px) 100vw, 1024px\" \/><\/a><\/figure>\n<\/figure>\n\n\n\n<p>&#8220;Logramos al reincorporaci\u00f3n de los tres afiliados y afiladas que se les hab\u00edan ca\u00eddo los contratos. Fueron tres reuniones con el secretario de Gobierno para llegar al acuerdo. Estos trabajadores ven\u00edan con contratos de tres a seis meses, y al compa\u00f1era Lorena Sosa esta desde hace un a\u00f1o con contratos mensuales. Ahora no solo logramos la recuperar el cargo sino que adem\u00e1s Lorena tendr\u00e1 un contrato de seis meses&#8221;, dijo Jos\u00e9 Baigorria, delegado de ATE. <\/p>\n\n\n\n<p>Baigorria destac\u00f3 las gestiones realizadas por los dirigentes del Consejo Directivo Provincial Jorge Chalup y Javier Bracamonte para solucionar el conflicto.<\/p>\n\n\n\n<p>Vale se\u00f1alar que la gesti\u00f3n Cravero en la Municipalidad acaba de pasar a planta permanente a 52 trabajadores que ingresaron los \u00faltimos tres a\u00f1os, mientras hay una enorme cantidad de personal precarizado con una d\u00e9cada de contratos renovables, jornalizados y mnotributistas que deben mejorar sus condiciones laborales y que tiene m\u00e1s m\u00e9rito y fundamentos legales para integrar la planta permanente del municipio. <\/p>\n\n\n\n<figure class=\"wp-block-video\"><video controls src=\"https:\/\/atecordoba.org\/wp-content\/uploads\/2023\/07\/WhatsApp-Video-2023-07-04-at-09.53.39.mp4\" playsinline><\/video><\/figure>\n\n\n\n\n","protected":false},"excerpt":{"rendered":"<p>Despu\u00e9s de cumplirse el paro de 24 horas resuelto por ATE ayer, la Municipalidad de R\u00edo Primero inform\u00f3 hoy, en una audiencia realizada esta ma\u00f1ana, que las dos enfermeras y el chofer de ambulancia despedidos ser\u00e1n reincorporados. De esta manera las y los municipales lograron revertir una medida que claramente se originaba en la mala [&hellip;]<\/p>\n","protected":false},"author":7,"featured_media":37596,"comment_status":"open","ping_status":"open","sticky":false,"template":"","format":"standard","meta":{"_exactmetrics_skip_tracking":false,"_exactmetrics_sitenote_active":false,"_exactmetrics_sitenote_note":"","_exactmetrics_sitenote_category":0,"jnews-multi-image_gallery":[],"jnews_single_post":{"subtitle":"\"Logramos al reincorporaci\u00f3n de nuestros afiliados y afiladas que se les hab\u00edan ca\u00eddo los contratos. Fueron tres reuniones con el secretario de Gobierno para llegar al acuerdo\", explic\u00f3 Jos\u00e9 Baigorria, delegado de ATE. ","format":"standard","video":"","gallery":"","source_name":"","source_url":"","via_name":"","via_url":"","override_template":"0","override":[{"template":"1","single_blog_custom":"","parallax":"1","fullscreen":"1","layout":"right-sidebar","sidebar":"default-sidebar","second_sidebar":"default-sidebar","sticky_sidebar":"1","share_position":"top","share_float_style":"share-monocrhome","show_share_counter":"1","show_view_counter":"1","show_featured":"1","show_post_meta":"1","show_post_author":"1","show_post_author_image":"1","show_post_date":"1","post_date_format":"default","post_date_format_custom":"Y\/m\/d","show_post_category":"1","show_post_reading_time":"0","post_reading_time_wpm":"300","show_zoom_button":"0","zoom_button_out_step":"2","zoom_button_in_step":"3","show_post_tag":"1","show_prev_next_post":"1","show_popup_post":"1","number_popup_post":"1","show_author_box":"0","show_post_related":"0","show_inline_post_related":"0"}],"override_image_size":"0","image_override":[{"single_post_thumbnail_size":"crop-500","single_post_gallery_size":"crop-500"}],"trending_post":"0","trending_post_position":"meta","trending_post_label":"Trending","sponsored_post":"0","sponsored_post_label":"Sponsored by","sponsored_post_name":"","sponsored_post_url":"","sponsored_post_logo_enable":"0","sponsored_post_logo":"","sponsored_post_desc":"","disable_ad":"0"},"jnews_primary_category":{"id":""},"jnews_social_meta":{"fb_title":"","fb_description":"","fb_image":"","twitter_title":"","twitter_description":"","twitter_image":""},"jnews_review":[],"enable_review":"0","type":"percentage","name":"","summary":"","brand":"","sku":"","good":[{"good_text":""}],"bad":[{"bad_text":""}],"score_override":"","override_value":"","rating":[{"rating_text":"","rating_number":"10"}],"price":[{"shop":"","price":"","link":"","icon":""}],"jnews_override_counter":{"override_view_counter":"0","view_counter_number":"0","override_share_counter":"0","share_counter_number":"0","override_like_counter":"0","like_counter_number":"0","override_dislike_counter":"0","dislike_counter_number":"0"},"jnews_post_split":{"enable_post_split":"0","post_split":[{"template":"1","tag":"h2","numbering":"asc","mode":"normal","first":"0","enable_toc":"0","toc_type":"normal"}]},"footnotes":""},"categories":[20],"tags":[],"class_list":["post-37595","post","type-post","status-publish","format-standard","has-post-thumbnail","hentry","category-municipales"],"jetpack_featured_media_url":"https:\/\/atecordoba.org\/wp-content\/uploads\/2023\/07\/bandera-municipal-e1688484585595.jpg","_links":{"self":[{"href":"https:\/\/atecordoba.org\/index.php?rest_route=\/wp\/v2\/posts\/37595","targetHints":{"allow":["GET"]}}],"collection":[{"href":"https:\/\/atecordoba.org\/index.php?rest_route=\/wp\/v2\/posts"}],"about":[{"href":"https:\/\/atecordoba.org\/index.php?rest_route=\/wp\/v2\/types\/post"}],"author":[{"embeddable":true,"href":"https:\/\/atecordoba.org\/index.php?rest_route=\/wp\/v2\/users\/7"}],"replies":[{"embeddable":true,"href":"https:\/\/atecordoba.org\/index.php?rest_route=%2Fwp%2Fv2%2Fcomments&post=37595"}],"version-history":[{"count":3,"href":"https:\/\/atecordoba.org\/index.php?rest_route=\/wp\/v2\/posts\/37595\/revisions"}],"predecessor-version":[{"id":37606,"href":"https:\/\/atecordoba.org\/index.php?rest_route=\/wp\/v2\/posts\/37595\/revisions\/37606"}],"wp:featuredmedia":[{"embeddable":true,"href":"https:\/\/atecordoba.org\/index.php?rest_route=\/wp\/v2\/media\/37596"}],"wp:attachment":[{"href":"https:\/\/atecordoba.org\/index.php?rest_route=%2Fwp%2Fv2%2Fmedia&parent=37595"}],"wp:term":[{"taxonomy":"category","embeddable":true,"href":"https:\/\/atecordoba.org\/index.php?rest_route=%2Fwp%2Fv2%2Fcategories&post=37595"},{"taxonomy":"post_tag","embeddable":true,"href":"https:\/\/atecordoba.org\/index.php?rest_route=%2Fwp%2Fv2%2Ftags&post=37595"}],"curies":[{"name":"wp","href":"https:\/\/api.w.org\/{rel}","templated":true}]}}