{"id":3759,"date":"2014-01-07T13:00:37","date_gmt":"2014-01-07T16:00:37","guid":{"rendered":"http:\/\/www.atecordoba.org\/?p=3759"},"modified":"2014-01-07T13:00:37","modified_gmt":"2014-01-07T16:00:37","slug":"hospitales-los-trabajadores-garantizamos-los-servicios-esenciales-desde-el-inicio-del-conflicto","status":"publish","type":"post","link":"https:\/\/atecordoba.org\/?p=3759","title":{"rendered":"Hospitales: los trabajadores garantizamos los servicios esenciales desde el inicio del conflicto"},"content":{"rendered":"<p><em>Desde septiembre pasado, cuando desde ATE y otros agrupamientos de trabajadores de los hospitales provinciales iniciamos el conflicto gremial en reclamo de recomposici\u00f3n salarial y en defensa del hospital p\u00fablico, se hizo p\u00fablico el compromiso de garantizar el funcionamiento de los servicios esenciales de los distintos centros de salud.<\/em><\/p>\n<figure id=\"attachment_3760\" aria-describedby=\"caption-attachment-3760\" style=\"width: 560px\" class=\"wp-caption aligncenter\"><a href=\"http:\/\/www.atecordoba.org\/wp-content\/uploads\/2014\/01\/ipad-2.png\"><img loading=\"lazy\" decoding=\"async\" class=\" wp-image-3760 \" alt=\"ipad 2\" src=\"http:\/\/www.atecordoba.org\/wp-content\/uploads\/2014\/01\/ipad-2.png\" width=\"560\" height=\"420\" \/><\/a><figcaption id=\"caption-attachment-3760\" class=\"wp-caption-text\">Pasillo de ingreso al Instituto Provincial de Alcoholismo y Drogadicci\u00f3n (IPAD)<\/figcaption><\/figure>\n<p>Esto es resultado del compromiso que mantenemos los trabajadores con la salud de la comunidad, ya que nos debemos a quienes pagan nuestros salarios y sostenemos la hist\u00f3rica convicci\u00f3n de nuestro gremio en defensa del Estado que ejecute los derechos sociales consagrados en la Constituci\u00f3n.<\/p>\n<p>A diferencia de las autoridades del Ministerio de Salud, que abandonaron el sistema sanitario a su suerte, desoyendo el justo reclamo salarial de los trabajadores, vaciando de insumos y medicamentos los hospitales, restando mantenimiento a la aparatolog\u00eda e infraestructura hospitalaria, hasta el punto de llevar al colapso el sistema de salud p\u00fablico.<\/p>\n<p>Como muestra vale recordar que el ministro del \u00e1rea, Francisco Fortuna, anunci\u00f3 como primera medida de su gesti\u00f3n la compra de insumos por 15 millones de pesos en car\u00e1cter de urgente, admitiendo impl\u00edcitamente la falta materiales de trabajo en los hospitales.<\/p>\n<p>Es importante eludir cualquier comparaci\u00f3n con el acuartelamiento policial que sufrimos los cordobeses en diciembre pasado ya que los trabajadores de la salud nunca abandonamos nuestros puestos de trabajo, sino que hicimos p\u00fablicas nuestras protestas tal como lo habilita la Constituci\u00f3n y la legislaci\u00f3n laboral nacional vigente, en el marco de la personer\u00eda gremial que ostenta ATE.<\/p>\n<p>No se trata de una \u2018extorsi\u00f3n\u2019 ni \u2018un paro salvaje\u2019, como intentan hacer creer a la poblaci\u00f3n sino el ejercicio del leg\u00edtimo derecho que debe ser escuchado para alcanzar una soluci\u00f3n que restablezca el funcionamiento hospitalario. Vale se\u00f1alar que la Provincia no tiene facultades para legislar sobre el derecho a huelga, ya la que misma se encuentra contemplada por la ley nacional 25877 en su art\u00edculo 24\u00b0.<\/p>\n<p>En consecuencia, reiteramos que siempre estuvieron garantizados \u2018los servicios cr\u00edticos\u2019 porque los trabajadores siempre asumimos el conflicto con la responsabilidad de mantener los servicios esenciales. Esto no es un m\u00e9rito oficial sino nuestro compromiso en la defensa de la salud p\u00fablica, gratuita y de calidad.<\/p>\n<p><b>Acefal\u00eda en el IPAD<\/b><\/p>\n<figure id=\"attachment_3761\" aria-describedby=\"caption-attachment-3761\" style=\"width: 384px\" class=\"wp-caption aligncenter\"><a href=\"http:\/\/www.atecordoba.org\/wp-content\/uploads\/2014\/01\/ipad-1.png\"><img loading=\"lazy\" decoding=\"async\" class=\"wp-image-3761 \" alt=\"ipad 1\" src=\"http:\/\/www.atecordoba.org\/wp-content\/uploads\/2014\/01\/ipad-1.png\" width=\"384\" height=\"288\" \/><\/a><figcaption id=\"caption-attachment-3761\" class=\"wp-caption-text\">Instituto Provincial de Alcoholismo y Drogadicci\u00f3n<\/figcaption><\/figure>\n<p>En las \u00faltimas horas los delegados de ATE del Instituto Provincial de Alcoholismo y Drogadicci\u00f3n (IPAD) denunciaron que el organismo se encuentra sin autoridad responsable, ya que la directora se encuentra en uso de licencia y no hay un funcionario suplemente que se haga cargo de ejercer la direcci\u00f3n.<\/p>\n<p>Asimismo, los compa\u00f1eros denuncian la falta de medicamentos b\u00e1sicos, como el ansiol\u00edtico lorazepan, para suministrar a los pacientes que debieron ser adquiridos por los propios trabajadores encargados de los servicios.<\/p>\n<p>&nbsp;<\/p>\n","protected":false},"excerpt":{"rendered":"<p>Desde septiembre pasado, cuando desde ATE y otros agrupamientos de trabajadores de los hospitales provinciales iniciamos el conflicto gremial en reclamo de recomposici\u00f3n salarial y en defensa del hospital p\u00fablico, se hizo p\u00fablico el compromiso de garantizar el funcionamiento de los servicios esenciales de los distintos centros de salud. Esto es resultado del compromiso que [&hellip;]<\/p>\n","protected":false},"author":1,"featured_media":19220,"comment_status":"open","ping_status":"open","sticky":false,"template":"","format":"standard","meta":{"_exactmetrics_skip_tracking":false,"_exactmetrics_sitenote_active":false,"_exactmetrics_sitenote_note":"","_exactmetrics_sitenote_category":0,"jnews-multi-image_gallery":[],"jnews_single_post":[],"jnews_primary_category":[],"jnews_social_meta":[],"jnews_review":[],"enable_review":"","type":"","name":"","summary":"","brand":"","sku":"","good":[],"bad":[],"score_override":"","override_value":"","rating":[],"price":[],"jnews_override_counter":[],"jnews_post_split":[],"footnotes":""},"categories":[53,7,8],"tags":[],"class_list":["post-3759","post","type-post","status-publish","format-standard","has-post-thumbnail","hentry","category-comunicados-de-prensa","category-hospitales","category-provinciales"],"jetpack_featured_media_url":"https:\/\/atecordoba.org\/wp-content\/uploads\/2020\/05\/logo-nuevochico-e1561581322808.png","_links":{"self":[{"href":"https:\/\/atecordoba.org\/index.php?rest_route=\/wp\/v2\/posts\/3759","targetHints":{"allow":["GET"]}}],"collection":[{"href":"https:\/\/atecordoba.org\/index.php?rest_route=\/wp\/v2\/posts"}],"about":[{"href":"https:\/\/atecordoba.org\/index.php?rest_route=\/wp\/v2\/types\/post"}],"author":[{"embeddable":true,"href":"https:\/\/atecordoba.org\/index.php?rest_route=\/wp\/v2\/users\/1"}],"replies":[{"embeddable":true,"href":"https:\/\/atecordoba.org\/index.php?rest_route=%2Fwp%2Fv2%2Fcomments&post=3759"}],"version-history":[{"count":0,"href":"https:\/\/atecordoba.org\/index.php?rest_route=\/wp\/v2\/posts\/3759\/revisions"}],"wp:featuredmedia":[{"embeddable":true,"href":"https:\/\/atecordoba.org\/index.php?rest_route=\/wp\/v2\/media\/19220"}],"wp:attachment":[{"href":"https:\/\/atecordoba.org\/index.php?rest_route=%2Fwp%2Fv2%2Fmedia&parent=3759"}],"wp:term":[{"taxonomy":"category","embeddable":true,"href":"https:\/\/atecordoba.org\/index.php?rest_route=%2Fwp%2Fv2%2Fcategories&post=3759"},{"taxonomy":"post_tag","embeddable":true,"href":"https:\/\/atecordoba.org\/index.php?rest_route=%2Fwp%2Fv2%2Ftags&post=3759"}],"curies":[{"name":"wp","href":"https:\/\/api.w.org\/{rel}","templated":true}]}}