{"id":37589,"date":"2023-07-03T16:49:23","date_gmt":"2023-07-03T19:49:23","guid":{"rendered":"https:\/\/atecordoba.org\/?p=37589"},"modified":"2023-07-03T16:49:25","modified_gmt":"2023-07-03T19:49:25","slug":"rio-primero-tres-despidos-disparan-un-paro-de-actividades-en-la-municipalidad","status":"publish","type":"post","link":"https:\/\/atecordoba.org\/?p=37589","title":{"rendered":"R\u00edo Primero: tres despidos disparan un paro de actividades en la Municipalidad"},"content":{"rendered":"\n<p><\/p>\n\n\n\n<div class=\"wp-block-image\"><figure class=\"aligncenter size-large is-resized\"><img loading=\"lazy\" decoding=\"async\" src=\"https:\/\/atecordoba.org\/wp-content\/uploads\/2023\/07\/WhatsApp-Image-2023-07-03-at-13.51.48-1024x576.jpeg\" alt=\"\" class=\"wp-image-37591\" width=\"768\" height=\"432\" srcset=\"https:\/\/atecordoba.org\/wp-content\/uploads\/2023\/07\/WhatsApp-Image-2023-07-03-at-13.51.48-1024x576.jpeg 1024w, https:\/\/atecordoba.org\/wp-content\/uploads\/2023\/07\/WhatsApp-Image-2023-07-03-at-13.51.48-300x169.jpeg 300w, https:\/\/atecordoba.org\/wp-content\/uploads\/2023\/07\/WhatsApp-Image-2023-07-03-at-13.51.48-768x432.jpeg 768w, https:\/\/atecordoba.org\/wp-content\/uploads\/2023\/07\/WhatsApp-Image-2023-07-03-at-13.51.48-1536x864.jpeg 1536w, https:\/\/atecordoba.org\/wp-content\/uploads\/2023\/07\/WhatsApp-Image-2023-07-03-at-13.51.48-750x422.jpeg 750w, https:\/\/atecordoba.org\/wp-content\/uploads\/2023\/07\/WhatsApp-Image-2023-07-03-at-13.51.48-1140x641.jpeg 1140w, https:\/\/atecordoba.org\/wp-content\/uploads\/2023\/07\/WhatsApp-Image-2023-07-03-at-13.51.48.jpeg 1600w\" sizes=\"auto, (max-width: 768px) 100vw, 768px\" \/><\/figure><\/div>\n\n\n\n<p>La Municipalidad de R\u00edo Primero despidi\u00f3 el viernes pasado tres trabajadores del \u00e1rea salud, a los que no les renov\u00f3 sus contratos a plazo. De esta forma, la intendenta Cristina Cravero enciende nuevamente la mecha del conflicto gremial, despu\u00e9s que se hab\u00eda superado el largo conflicto salarial del mes de junio, saldado con un <a href=\"https:\/\/atecordoba.org\/?p=37434\">acuerdo de recomposici\u00f3n salarial en el Ministerio de Trabajo provincial<\/a>.<\/p>\n\n\n\n<p>Se trata de dos enfermeras y un conductor de ambulancia del centro de salud municipal con cinco, nueve y 10 a\u00f1os de antig\u00fcedad respectivamente.<\/p>\n\n\n\n<p>Frente a la medida intempestiva y arbitraria, ATE resolvi\u00f3 una paro de actividades por 24 horas. &#8220;Se pide la reincorporaci\u00f3n y se resolvi\u00f3 el paro de actividades tras mantener una reuni\u00f3n con Pe\u00f1aloza&#8221;, explic\u00f3 Javier Bracamonte, integrante del Consejo Directivo Provincial (CDP) de ATE C\u00f3rdoba.<\/p>\n\n\n\n<div class=\"wp-block-image\"><figure class=\"alignright size-large is-resized\"><img loading=\"lazy\" decoding=\"async\" src=\"https:\/\/atecordoba.org\/wp-content\/uploads\/2023\/07\/bandera-rio-1-1024x725.jpeg\" alt=\"\" class=\"wp-image-37592\" width=\"512\" height=\"363\" \/><\/figure><\/div>\n\n\n\n<p>Las y los trabajadores impulsaron la medida de fuerza en asamblea despu\u00e9s que una comitiva de dirigentes de ATE, integrada por los compa\u00f1eros Jorge Chalup y Bracamonte por el CDP, junto a los delegados de ATE Pamela Guti\u00e9rrez y Jos\u00e9 Baigorria, mantuviera una reuni\u00f3n con el secretario de Gobierno municipal, \u00c1ngel Vicente Pe\u00f1aloza, donde el funcionario se achac\u00f3 al aumento salarial otorgado la falta de fondos p\u00fablicos para darle continuidad a las y los tres despedidos. <\/p>\n\n\n\n<p>&#8220;Nos dicen que no tienen plata pero pasaron a planta permanente del municipio 52 empleados que nombraron ellos desde hace tres a\u00f1os, mientras tenemos  trabajadores precarios, jornalizados y monotributistas que esta gesti\u00f3n nunca regulariz\u00f3.  De hecho los despedidos tiene mucha m\u00e1s antig\u00fcedad que estos trabajadores que Cravero ahora incorpora a la planta permanente. Es muy injusto y no lo vamos a permitir&#8221;, insisti\u00f3 Bracamonte.<\/p>\n\n\n\n<p>Efectivamente, Cravero del peronismo local perdi\u00f3 las elecciones recientemente con la candidata de Juntos por el Cambio Mariangeles Arneudo.\u00a0 <\/p>\n\n\n\n<p>As\u00ed y todo ATE acord\u00f3 con Pe\u00f1aloza pasar a un cuarto intermedio hasta ma\u00f1ana a las 10 horas para darle continuidad a las negociaciones. Por eso, la asamblea resolvi\u00f3 sostener la medida de fuerza hasta que se concrete al audiencia. Tambi\u00e9n se anunci\u00f3 que en el marco de la medida de fuerza se llevar\u00e1 a cabo una protesta frente a la Municipalidad ma\u00f1ana de 8 a 10 horas.<\/p>\n","protected":false},"excerpt":{"rendered":"<p>La Municipalidad de R\u00edo Primero despidi\u00f3 el viernes pasado tres trabajadores del \u00e1rea salud, a los que no les renov\u00f3 sus contratos a plazo. De esta forma, la intendenta Cristina Cravero enciende nuevamente la mecha del conflicto gremial, despu\u00e9s que se hab\u00eda superado el largo conflicto salarial del mes de junio, saldado con un acuerdo [&hellip;]<\/p>\n","protected":false},"author":7,"featured_media":37592,"comment_status":"open","ping_status":"open","sticky":false,"template":"","format":"standard","meta":{"_exactmetrics_skip_tracking":false,"_exactmetrics_sitenote_active":false,"_exactmetrics_sitenote_note":"","_exactmetrics_sitenote_category":0,"jnews-multi-image_gallery":[],"jnews_single_post":{"subtitle":"\"Nos dicen que no tienen plata pero pasaron a planta permanente del municipio 52 empleados que nombraron ellos desde hace tres a\u00f1os, mientras tenemos trabajadores precarios, jornalizados y monotributistas que esta gesti\u00f3n nunca regulariz\u00f3.  De hecho los despedidos tiene mucha m\u00e1s antig\u00fcedad que estos trabajadores que Cravero ahora incorpora a la planta permanente. Es muy injusto y no lo vamos a permitir\", insisti\u00f3 Bracamonte.","format":"standard","video":"","gallery":"","source_name":"","source_url":"","via_name":"","via_url":"","override_template":"0","override":[{"template":"1","single_blog_custom":"","parallax":"1","fullscreen":"1","layout":"right-sidebar","sidebar":"default-sidebar","second_sidebar":"default-sidebar","sticky_sidebar":"1","share_position":"top","share_float_style":"share-monocrhome","show_share_counter":"1","show_view_counter":"1","show_featured":"1","show_post_meta":"1","show_post_author":"1","show_post_author_image":"1","show_post_date":"1","post_date_format":"default","post_date_format_custom":"Y\/m\/d","show_post_category":"1","show_post_reading_time":"0","post_reading_time_wpm":"300","show_zoom_button":"0","zoom_button_out_step":"2","zoom_button_in_step":"3","show_post_tag":"1","show_prev_next_post":"1","show_popup_post":"1","number_popup_post":"1","show_author_box":"0","show_post_related":"0","show_inline_post_related":"0"}],"override_image_size":"0","image_override":[{"single_post_thumbnail_size":"crop-500","single_post_gallery_size":"crop-500"}],"trending_post":"0","trending_post_position":"meta","trending_post_label":"Trending","sponsored_post":"0","sponsored_post_label":"Sponsored by","sponsored_post_name":"","sponsored_post_url":"","sponsored_post_logo_enable":"0","sponsored_post_logo":"","sponsored_post_desc":"","disable_ad":"0"},"jnews_primary_category":{"id":""},"jnews_social_meta":{"fb_title":"","fb_description":"","fb_image":"","twitter_title":"","twitter_description":"","twitter_image":""},"jnews_review":[],"enable_review":"0","type":"percentage","name":"","summary":"","brand":"","sku":"","good":[{"good_text":""}],"bad":[{"bad_text":""}],"score_override":"","override_value":"","rating":[{"rating_text":"","rating_number":"10"}],"price":[{"shop":"","price":"","link":"","icon":""}],"jnews_override_counter":{"override_view_counter":"0","view_counter_number":"0","override_share_counter":"0","share_counter_number":"0","override_like_counter":"0","like_counter_number":"0","override_dislike_counter":"0","dislike_counter_number":"0"},"jnews_post_split":{"enable_post_split":"0","post_split":[{"template":"1","tag":"h2","numbering":"asc","mode":"normal","first":"0","enable_toc":"0","toc_type":"normal"}]},"footnotes":""},"categories":[20],"tags":[],"class_list":["post-37589","post","type-post","status-publish","format-standard","has-post-thumbnail","hentry","category-municipales"],"jetpack_featured_media_url":"https:\/\/atecordoba.org\/wp-content\/uploads\/2023\/07\/bandera-rio-1-e1688413737190.jpeg","_links":{"self":[{"href":"https:\/\/atecordoba.org\/index.php?rest_route=\/wp\/v2\/posts\/37589","targetHints":{"allow":["GET"]}}],"collection":[{"href":"https:\/\/atecordoba.org\/index.php?rest_route=\/wp\/v2\/posts"}],"about":[{"href":"https:\/\/atecordoba.org\/index.php?rest_route=\/wp\/v2\/types\/post"}],"author":[{"embeddable":true,"href":"https:\/\/atecordoba.org\/index.php?rest_route=\/wp\/v2\/users\/7"}],"replies":[{"embeddable":true,"href":"https:\/\/atecordoba.org\/index.php?rest_route=%2Fwp%2Fv2%2Fcomments&post=37589"}],"version-history":[{"count":1,"href":"https:\/\/atecordoba.org\/index.php?rest_route=\/wp\/v2\/posts\/37589\/revisions"}],"predecessor-version":[{"id":37594,"href":"https:\/\/atecordoba.org\/index.php?rest_route=\/wp\/v2\/posts\/37589\/revisions\/37594"}],"wp:featuredmedia":[{"embeddable":true,"href":"https:\/\/atecordoba.org\/index.php?rest_route=\/wp\/v2\/media\/37592"}],"wp:attachment":[{"href":"https:\/\/atecordoba.org\/index.php?rest_route=%2Fwp%2Fv2%2Fmedia&parent=37589"}],"wp:term":[{"taxonomy":"category","embeddable":true,"href":"https:\/\/atecordoba.org\/index.php?rest_route=%2Fwp%2Fv2%2Fcategories&post=37589"},{"taxonomy":"post_tag","embeddable":true,"href":"https:\/\/atecordoba.org\/index.php?rest_route=%2Fwp%2Fv2%2Ftags&post=37589"}],"curies":[{"name":"wp","href":"https:\/\/api.w.org\/{rel}","templated":true}]}}