{"id":37565,"date":"2023-06-29T14:08:00","date_gmt":"2023-06-29T17:08:00","guid":{"rendered":"https:\/\/atecordoba.org\/?p=37565"},"modified":"2023-06-29T14:46:10","modified_gmt":"2023-06-29T17:46:10","slug":"julia-giuliani-sera-la-primera-dirigente-de-rio-cuarto-en-el-cdn","status":"publish","type":"post","link":"https:\/\/atecordoba.org\/?p=37565","title":{"rendered":"Julia Giuliani ser\u00e1 la primera dirigenta de R\u00edo Cuarto en el CDN"},"content":{"rendered":"\n<div class=\"wp-block-image\"><figure class=\"aligncenter size-large is-resized\"><img loading=\"lazy\" decoding=\"async\" src=\"https:\/\/atecordoba.org\/wp-content\/uploads\/2023\/06\/WhatsApp-Image-2023-06-29-at-13.10.23-1024x768.jpeg\" alt=\"\" class=\"wp-image-37566\" width=\"768\" height=\"576\" \/><\/figure><\/div>\n\n\n\n<p>Las pr\u00f3ximas elecciones para la renovaci\u00f3n de la conducci\u00f3n de nuestra ATE traer\u00e1n como novedad la irrupci\u00f3n de nuevas dirigentas estatales en el Consejo Directivo Nacional (CDN), donde se destaca la trayectoria militante de base, las banderas del sindicalismo feminista y la inserci\u00f3n territorial.<\/p>\n\n\n\n<p>Tal es el caso de la actual secretaria de prensa del Consejo Directivo Provincial, Julia Giuliani, que se propone como vocal del CDN para el pr\u00f3ximo mandato por la lista Verde. Adem\u00e1s, Julia es la primera dirigenta de ATE R\u00edo Cuarto en alcanzar ese cargo de conducci\u00f3n nacional en la lista que encabeza Rody Aguiar como candidato a Secretario General del CDN. <\/p>\n\n\n\n<p>&#8220;Es un orgullo integrarla la lista que encabeza Rody Aguiar, que viene con la fuerza del interior para transformar la pol\u00edtica de nuestro gremio. Como trabajadora  de la EMOS de R\u00edo Cuarto llevaremos la voz de las y los municipales a las m\u00e1s altas instancias de decisi\u00f3n de la pol\u00edtica de ATE, sumando nuestra mirada sobre las pol\u00edticas de g\u00e9neros y diversidades, que afortunadamente ya vienen desarroll\u00e1ndose hace tiempo y que comenzaron a plasmarse en la \u00faltima reforma de nuestro Estatuto&#8221;, coment\u00f3 Giuliani.<\/p>\n\n\n\n<p>De esta forma, dirigentas y dirigentes de ATE de todo el pa\u00eds abren camino por la consolidaci\u00f3n de un ATE cada vez m\u00e1s grande, diverso y extendido territorialmente, con la perspectiva de la defensa de las y los trabajadores estatales, levantando las banderas hist\u00f3ricas de Germ\u00e1n Abdala y al rica historia de ANUSATE Estado, comprometidas y comprometidos en la consigna de &#8220;Fortalecer el Estado para liberar la Naci\u00f3n&#8221;.<\/p>\n\n\n\n<p><\/p>\n","protected":false},"excerpt":{"rendered":"<p>Las pr\u00f3ximas elecciones para la renovaci\u00f3n de la conducci\u00f3n de nuestra ATE traer\u00e1n como novedad la irrupci\u00f3n de nuevas dirigentas estatales en el Consejo Directivo Nacional (CDN), donde se destaca la trayectoria militante de base, las banderas del sindicalismo feminista y la inserci\u00f3n territorial. Tal es el caso de la actual secretaria de prensa del [&hellip;]<\/p>\n","protected":false},"author":7,"featured_media":37566,"comment_status":"open","ping_status":"open","sticky":false,"template":"","format":"standard","meta":{"_exactmetrics_skip_tracking":false,"_exactmetrics_sitenote_active":false,"_exactmetrics_sitenote_note":"","_exactmetrics_sitenote_category":0,"jnews-multi-image_gallery":[],"jnews_single_post":{"subtitle":"\"Es un orgullo integrarla la lista que encabeza Rody Aguiar, que viene con la fuerza del interior para transformar la pol\u00edtica de nuestro gremio. Como trabajadora  de la EMOS de R\u00edo Cuarto llevaremos la voz de las y los municipales a las m\u00e1s altas instancias de decisi\u00f3n de la pol\u00edtica de ATE, sumando nuestra mirada sobre las pol\u00edticas de g\u00e9neros y diversidades, que afortunadamente ya vienen desarroll\u00e1ndose hace tiempo y que comenzaron a plasmarse en la \u00faltima reforma de nuestro Estatuto\", coment\u00f3 Giuliani.","format":"standard","video":"","gallery":"","source_name":"","source_url":"","via_name":"","via_url":"","override_template":"0","override":[{"template":"1","single_blog_custom":"","parallax":"1","fullscreen":"1","layout":"right-sidebar","sidebar":"default-sidebar","second_sidebar":"default-sidebar","sticky_sidebar":"1","share_position":"top","share_float_style":"share-monocrhome","show_share_counter":"1","show_view_counter":"1","show_featured":"1","show_post_meta":"1","show_post_author":"1","show_post_author_image":"1","show_post_date":"1","post_date_format":"default","post_date_format_custom":"Y\/m\/d","show_post_category":"1","show_post_reading_time":"0","post_reading_time_wpm":"300","show_zoom_button":"0","zoom_button_out_step":"2","zoom_button_in_step":"3","show_post_tag":"1","show_prev_next_post":"1","show_popup_post":"1","number_popup_post":"1","show_author_box":"0","show_post_related":"0","show_inline_post_related":"0"}],"override_image_size":"0","image_override":[{"single_post_thumbnail_size":"crop-500","single_post_gallery_size":"crop-500"}],"trending_post":"0","trending_post_position":"meta","trending_post_label":"Trending","sponsored_post":"0","sponsored_post_label":"Sponsored by","sponsored_post_name":"","sponsored_post_url":"","sponsored_post_logo_enable":"0","sponsored_post_logo":"","sponsored_post_desc":"","disable_ad":"0"},"jnews_primary_category":{"id":""},"jnews_social_meta":{"fb_title":"","fb_description":"","fb_image":"","twitter_title":"","twitter_description":"","twitter_image":""},"jnews_review":[],"enable_review":"0","type":"percentage","name":"","summary":"","brand":"","sku":"","good":[{"good_text":""}],"bad":[{"bad_text":""}],"score_override":"","override_value":"","rating":[{"rating_text":"","rating_number":"10"}],"price":[{"shop":"","price":"","link":"","icon":""}],"jnews_override_counter":{"override_view_counter":"0","view_counter_number":"0","override_share_counter":"0","share_counter_number":"0","override_like_counter":"0","like_counter_number":"0","override_dislike_counter":"0","dislike_counter_number":"0"},"jnews_post_split":{"enable_post_split":"0","post_split":[{"template":"1","tag":"h2","numbering":"asc","mode":"normal","first":"0","enable_toc":"0","toc_type":"normal"}]},"footnotes":""},"categories":[756],"tags":[],"class_list":["post-37565","post","type-post","status-publish","format-standard","has-post-thumbnail","hentry","category-consejo-directivo-nacional-cdn"],"jetpack_featured_media_url":"https:\/\/atecordoba.org\/wp-content\/uploads\/2023\/06\/WhatsApp-Image-2023-06-29-at-13.10.23-e1688058455223.jpeg","_links":{"self":[{"href":"https:\/\/atecordoba.org\/index.php?rest_route=\/wp\/v2\/posts\/37565","targetHints":{"allow":["GET"]}}],"collection":[{"href":"https:\/\/atecordoba.org\/index.php?rest_route=\/wp\/v2\/posts"}],"about":[{"href":"https:\/\/atecordoba.org\/index.php?rest_route=\/wp\/v2\/types\/post"}],"author":[{"embeddable":true,"href":"https:\/\/atecordoba.org\/index.php?rest_route=\/wp\/v2\/users\/7"}],"replies":[{"embeddable":true,"href":"https:\/\/atecordoba.org\/index.php?rest_route=%2Fwp%2Fv2%2Fcomments&post=37565"}],"version-history":[{"count":2,"href":"https:\/\/atecordoba.org\/index.php?rest_route=\/wp\/v2\/posts\/37565\/revisions"}],"predecessor-version":[{"id":37568,"href":"https:\/\/atecordoba.org\/index.php?rest_route=\/wp\/v2\/posts\/37565\/revisions\/37568"}],"wp:featuredmedia":[{"embeddable":true,"href":"https:\/\/atecordoba.org\/index.php?rest_route=\/wp\/v2\/media\/37566"}],"wp:attachment":[{"href":"https:\/\/atecordoba.org\/index.php?rest_route=%2Fwp%2Fv2%2Fmedia&parent=37565"}],"wp:term":[{"taxonomy":"category","embeddable":true,"href":"https:\/\/atecordoba.org\/index.php?rest_route=%2Fwp%2Fv2%2Fcategories&post=37565"},{"taxonomy":"post_tag","embeddable":true,"href":"https:\/\/atecordoba.org\/index.php?rest_route=%2Fwp%2Fv2%2Ftags&post=37565"}],"curies":[{"name":"wp","href":"https:\/\/api.w.org\/{rel}","templated":true}]}}