{"id":3755,"date":"2013-12-30T16:40:32","date_gmt":"2013-12-30T19:40:32","guid":{"rendered":"http:\/\/www.atecordoba.org\/?p=3755"},"modified":"2013-12-30T16:40:32","modified_gmt":"2013-12-30T19:40:32","slug":"cuerpo-de-delegados-de-ate-resolvio-continuar-el-conflicto-hospitalario","status":"publish","type":"post","link":"https:\/\/atecordoba.org\/?p=3755","title":{"rendered":"Cuerpo de delegados de ATE resolvi\u00f3 continuar el conflicto hospitalario"},"content":{"rendered":"<p><em>En una reuni\u00f3n llevada a cabo hoy en la sede de nuestro gremio, el cuerpo de delegados de ATE del sector hospitalario resolvi\u00f3, por votaci\u00f3n, continuar con las medidas de fuerza durante el mes de enero, de acuerdo a la modalidad que establezca cada centro de salud. En ese marco, continuar\u00e1 el estado de alerta permanente y quite de colaboraci\u00f3n de los compa\u00f1eros enfermeros.<\/em><\/p>\n<p style=\"text-align: center;\"><a href=\"http:\/\/www.atecordoba.org\/wp-content\/uploads\/2013\/12\/6.png\"><img loading=\"lazy\" decoding=\"async\" class=\"aligncenter  wp-image-3749\" alt=\"6\" src=\"http:\/\/www.atecordoba.org\/wp-content\/uploads\/2013\/12\/6.png\" width=\"560\" height=\"420\" \/><\/a><\/p>\n<p>Se encontraron presentes compa\u00f1eros representantes de los hospitales Rawson, De Ni\u00f1os, San Roque, Transito, C\u00f3rdoba, Neonatal, Misericordia, IPAD, Casa del Joven, Oncol\u00f3gico y la Maternidad Provincial.<\/p>\n<p>Por otro lado, los delegados realizar\u00e1n la convocatoria a pacientes y familiares, que ya se encuentran en proceso organizativo, para que se sumen a la defensa de la salud p\u00fablica, gratuita y de calidad, a fin de coordinar acciones conjuntas.<\/p>\n<p>El pr\u00f3ximo 2 de enero se llevar\u00e1 a cabo una asamblea conjunta de trabajadores de los distintos hospitales en el Polo Sanitario, a las 10 hs.<\/p>\n<p>Desde ATE sostenemos, tal como es de p\u00fablico conocimiento de septiembre a esta parte, la necesidad de realizar una reapertura de la discusi\u00f3n salarial, pase a planta de contratos y monotributos y el nombramiento de personal para cubrir los planteles de los servicios. Asimismo ATE reclama el cumplimiento de la ley de paritarias provinciales para conformar la mesa de negociaci\u00f3n que canalice las demandas del sector.<\/p>\n<p><b>Insumos y personal<\/b><\/p>\n<p>Vale se\u00f1alar que recientemente el ministro de Salud, Francisco Fortuna, anunci\u00f3 una partida de 15 millones de pesos para comprar insumos para los hospitales, confirmando nuestra denuncias sobre la falta de materiales para el normal funcionamiento de los servicios de los centros de salud. De esta forma, el gobierno dio la raz\u00f3n a ATE. Ahora est\u00e1 por ver que ese monto sea suficiente para cubrir la necesidad de insumos preexistente.<\/p>\n<p>Por caso, hoy registramos en el hospital Neonatal que se suspendieron las operaciones del quir\u00f3fano debido a la falta de ropa esterilizada y los trabajadores del nosocomio denunciaron la falta de gasas. Adem\u00e1s, la falta de camas impidi\u00f3 que las mujeres pu\u00e9rperas (que acaban de dar a luz) sean derivadas a la sala posparto. En ese sentido, la direcci\u00f3n del Neonatal aclar\u00f3 que los quir\u00f3fanos s\u00f3lo cuentan con dos equipos de ropa para urgencias.<\/p>\n<p>Para sumar elementos a la crisis del sector, se contabilizaron s\u00f3lo dos enfermeras para atender, cada una, a 25 pacientes internados. De esta forma, queda en evidencia la falta de personal en dicho hospital ya que la guardia m\u00ednima, que debiera contar con cuatro agentes, solo tuvo tres trabajadores hoy por la ma\u00f1ana, con 15 pacientes en espera. As\u00ed y todo, con el esfuerzo del equipo de salud, se realizaron diez partos.<\/p>\n","protected":false},"excerpt":{"rendered":"<p>En una reuni\u00f3n llevada a cabo hoy en la sede de nuestro gremio, el cuerpo de delegados de ATE del sector hospitalario resolvi\u00f3, por votaci\u00f3n, continuar con las medidas de fuerza durante el mes de enero, de acuerdo a la modalidad que establezca cada centro de salud. En ese marco, continuar\u00e1 el estado de alerta [&hellip;]<\/p>\n","protected":false},"author":1,"featured_media":19220,"comment_status":"open","ping_status":"open","sticky":false,"template":"","format":"standard","meta":{"_exactmetrics_skip_tracking":false,"_exactmetrics_sitenote_active":false,"_exactmetrics_sitenote_note":"","_exactmetrics_sitenote_category":0,"jnews-multi-image_gallery":[],"jnews_single_post":[],"jnews_primary_category":[],"jnews_social_meta":[],"jnews_review":[],"enable_review":"","type":"","name":"","summary":"","brand":"","sku":"","good":[],"bad":[],"score_override":"","override_value":"","rating":[],"price":[],"jnews_override_counter":[],"jnews_post_split":[],"footnotes":""},"categories":[53,7,8],"tags":[],"class_list":["post-3755","post","type-post","status-publish","format-standard","has-post-thumbnail","hentry","category-comunicados-de-prensa","category-hospitales","category-provinciales"],"jetpack_featured_media_url":"https:\/\/atecordoba.org\/wp-content\/uploads\/2020\/05\/logo-nuevochico-e1561581322808.png","_links":{"self":[{"href":"https:\/\/atecordoba.org\/index.php?rest_route=\/wp\/v2\/posts\/3755","targetHints":{"allow":["GET"]}}],"collection":[{"href":"https:\/\/atecordoba.org\/index.php?rest_route=\/wp\/v2\/posts"}],"about":[{"href":"https:\/\/atecordoba.org\/index.php?rest_route=\/wp\/v2\/types\/post"}],"author":[{"embeddable":true,"href":"https:\/\/atecordoba.org\/index.php?rest_route=\/wp\/v2\/users\/1"}],"replies":[{"embeddable":true,"href":"https:\/\/atecordoba.org\/index.php?rest_route=%2Fwp%2Fv2%2Fcomments&post=3755"}],"version-history":[{"count":0,"href":"https:\/\/atecordoba.org\/index.php?rest_route=\/wp\/v2\/posts\/3755\/revisions"}],"wp:featuredmedia":[{"embeddable":true,"href":"https:\/\/atecordoba.org\/index.php?rest_route=\/wp\/v2\/media\/19220"}],"wp:attachment":[{"href":"https:\/\/atecordoba.org\/index.php?rest_route=%2Fwp%2Fv2%2Fmedia&parent=3755"}],"wp:term":[{"taxonomy":"category","embeddable":true,"href":"https:\/\/atecordoba.org\/index.php?rest_route=%2Fwp%2Fv2%2Fcategories&post=3755"},{"taxonomy":"post_tag","embeddable":true,"href":"https:\/\/atecordoba.org\/index.php?rest_route=%2Fwp%2Fv2%2Ftags&post=3755"}],"curies":[{"name":"wp","href":"https:\/\/api.w.org\/{rel}","templated":true}]}}