{"id":3751,"date":"2013-12-23T15:55:24","date_gmt":"2013-12-23T18:55:24","guid":{"rendered":"http:\/\/www.atecordoba.org\/?p=3751"},"modified":"2013-12-23T15:55:24","modified_gmt":"2013-12-23T18:55:24","slug":"ate-repudio-el-ascenso-de-cesar-milani-y-su-permanencia-al-frente-del-ejercito-argentino","status":"publish","type":"post","link":"https:\/\/atecordoba.org\/?p=3751","title":{"rendered":"ATE repudi\u00f3 el ascenso de C\u00e9sar Milani y su permanencia al frente del Ej\u00e9rcito Argentino"},"content":{"rendered":"<p>El Consejo Directivo Nacional repudi\u00f3 el ascenso del general sospechado de participar en delitos de lesa humanidad durante la dictadura c\u00edvico-militar y reclam\u00f3 justicia para las v\u00edctimas de La Rioja. Solidaridad con organismos de DD.HH.<\/p>\n<p style=\"text-align: center;\"><a href=\"http:\/\/www.atecordoba.org\/wp-content\/uploads\/2013\/12\/comunicado-repudio-a-milani.jpg\"><img loading=\"lazy\" decoding=\"async\" class=\"aligncenter  wp-image-3752\" alt=\"comunicado repudio a milani\" src=\"http:\/\/www.atecordoba.org\/wp-content\/uploads\/2013\/12\/comunicado-repudio-a-milani.jpg\" width=\"630\" height=\"945\" \/><\/a><\/p>\n<p>En nombre y representaci\u00f3n del Consejo Directivo Nacional de la Asociaci\u00f3n Trabajadores del Estado nos dirigimos a los medios de comunicaci\u00f3n y a la comunidad en general con el fin de expresar lo siguiente:<\/p>\n<p>&#8211; Nuestra organizaci\u00f3n manifiesta su m\u00e1s en\u00e9rgico repudio por el ascenso al cargo de teniente general para el actual jefe del Ej\u00e9rcito, C\u00e9sar Milani.<\/p>\n<p>&#8211; Acompa\u00f1amos el rechazo a este ascenso expresado por Nora Corti\u00f1as de Madres de Plaza de Mayo L\u00ednea Fundadora y por otros organismos de Derechos Humanos y nos solidarizamos con ellos.<\/p>\n<p>&#8211; Reclamamos a la Justicia el pronto esclarecimiento de los cr\u00edmenes de lesa humanidad que involucran a C\u00e9sar Milani, entre los que se incluye la desaparici\u00f3n forzada del soldado Alberto Ledo y las torturas sufridas por el ex preso pol\u00edtico Ram\u00f3n Olivera.<\/p>\n<p>&#8211; Exigimos al Poder Ejecutivo Nacional la pronta separaci\u00f3n de C\u00e9sar Milani como Jefe del Ej\u00e9rcito.<\/p>\n<p>&#8211; Como lo venimos haciendo desde la recuperaci\u00f3n de nuestro sindicato en 1984, desde ATE seguiremos luchando por juicio y castigo para todos los militares genocidas y sus c\u00f3mplices civiles.<\/p>\n<p>&#8211; ATE acompa\u00f1a a los organismos de Derechos Humanos y a todos los sectores de nuestra sociedad que siguen firmes en la lucha por Memoria, Verdad y Justicia.<\/p>\n","protected":false},"excerpt":{"rendered":"<p>El Consejo Directivo Nacional repudi\u00f3 el ascenso del general sospechado de participar en delitos de lesa humanidad durante la dictadura c\u00edvico-militar y reclam\u00f3 justicia para las v\u00edctimas de La Rioja. Solidaridad con organismos de DD.HH. En nombre y representaci\u00f3n del Consejo Directivo Nacional de la Asociaci\u00f3n Trabajadores del Estado nos dirigimos a los medios de [&hellip;]<\/p>\n","protected":false},"author":1,"featured_media":19220,"comment_status":"open","ping_status":"open","sticky":false,"template":"","format":"standard","meta":{"_exactmetrics_skip_tracking":false,"_exactmetrics_sitenote_active":false,"_exactmetrics_sitenote_note":"","_exactmetrics_sitenote_category":0,"jnews-multi-image_gallery":[],"jnews_single_post":[],"jnews_primary_category":[],"jnews_social_meta":[],"jnews_review":[],"enable_review":"","type":"","name":"","summary":"","brand":"","sku":"","good":[],"bad":[],"score_override":"","override_value":"","rating":[],"price":[],"jnews_override_counter":[],"jnews_post_split":[],"footnotes":""},"categories":[18],"tags":[],"class_list":["post-3751","post","type-post","status-publish","format-standard","has-post-thumbnail","hentry","category-nacionales"],"jetpack_featured_media_url":"https:\/\/atecordoba.org\/wp-content\/uploads\/2020\/05\/logo-nuevochico-e1561581322808.png","_links":{"self":[{"href":"https:\/\/atecordoba.org\/index.php?rest_route=\/wp\/v2\/posts\/3751","targetHints":{"allow":["GET"]}}],"collection":[{"href":"https:\/\/atecordoba.org\/index.php?rest_route=\/wp\/v2\/posts"}],"about":[{"href":"https:\/\/atecordoba.org\/index.php?rest_route=\/wp\/v2\/types\/post"}],"author":[{"embeddable":true,"href":"https:\/\/atecordoba.org\/index.php?rest_route=\/wp\/v2\/users\/1"}],"replies":[{"embeddable":true,"href":"https:\/\/atecordoba.org\/index.php?rest_route=%2Fwp%2Fv2%2Fcomments&post=3751"}],"version-history":[{"count":0,"href":"https:\/\/atecordoba.org\/index.php?rest_route=\/wp\/v2\/posts\/3751\/revisions"}],"wp:featuredmedia":[{"embeddable":true,"href":"https:\/\/atecordoba.org\/index.php?rest_route=\/wp\/v2\/media\/19220"}],"wp:attachment":[{"href":"https:\/\/atecordoba.org\/index.php?rest_route=%2Fwp%2Fv2%2Fmedia&parent=3751"}],"wp:term":[{"taxonomy":"category","embeddable":true,"href":"https:\/\/atecordoba.org\/index.php?rest_route=%2Fwp%2Fv2%2Fcategories&post=3751"},{"taxonomy":"post_tag","embeddable":true,"href":"https:\/\/atecordoba.org\/index.php?rest_route=%2Fwp%2Fv2%2Ftags&post=3751"}],"curies":[{"name":"wp","href":"https:\/\/api.w.org\/{rel}","templated":true}]}}