{"id":37471,"date":"2023-06-23T10:52:18","date_gmt":"2023-06-23T13:52:18","guid":{"rendered":"https:\/\/atecordoba.org\/?p=37471"},"modified":"2023-06-23T15:49:38","modified_gmt":"2023-06-23T18:49:38","slug":"se-realizo-ayer-una-charla-debate-con-la-proyeccion-del-documental-las-brujas-del-cordobazo","status":"publish","type":"post","link":"https:\/\/atecordoba.org\/?p=37471","title":{"rendered":"Se realiz\u00f3 ayer una charla-debate con la proyecci\u00f3n del documental Las Brujas del Cordobazo"},"content":{"rendered":"\n<div class=\"wp-block-image\"><figure class=\"aligncenter size-large is-resized\"><img loading=\"lazy\" decoding=\"async\" src=\"https:\/\/atecordoba.org\/wp-content\/uploads\/2023\/06\/WhatsApp-Image-2023-06-23-at-10.01.16-1024x768.jpeg\" alt=\"\" class=\"wp-image-37472\" width=\"768\" height=\"576\" \/><\/figure><\/div>\n\n\n\n<p class=\"has-text-align-left\">Las Brujas del Cordobazo pasaron por ATE C\u00f3rdoba ayer por la tarde, encabezadas por Bibiana Fulchieri, con la participaci\u00f3n de Soledad Garc\u00eda e Isabel Guzm\u00e1n. <\/p>\n\n\n\n<p>En el auditorio H\u00e9ctor La Perra Castro, otro protagonista de aquella gloriosa jornada de lucha del movimiento obrero de C\u00f3rdoba, la actividad consisti\u00f3 en la proyecci\u00f3n del documental y una charla posterior donde se convers\u00f3 alrededor del rescate del costado feminista de la lucha obrera de aquellos a\u00f1os. <\/p>\n\n\n\n<p>La charla form\u00f3 parte de la iniciativa del Departamento de G\u00e9neros y Diversidades del Consejo Directivo Provincial y la Secretaria de Formaci\u00f3n y fue coordinada por la delegada de ATE SENAF Irina Silberman, en tanto la recepci\u00f3n y saludo inicial estuvo a cargo del secretario General de ATE, Federico Giuliani.  La mesa cont\u00f3 tambi\u00e9n con la inestimable presencia de la compa\u00f1era Nora Cendra.<\/p>\n\n\n\n<p>&#8220;Porque no nos han vencido y aqu\u00ed estamos so\u00f1ando y luchando por una patria justa, libre y soberana&#8221;, afirm\u00f3 Silberman.<\/p>\n\n\n\n<p>La delegada destac\u00f3 el nivel de la charla y puntualiz\u00f3 el papel de compa\u00f1era Isabel Guzm\u00e1n, que adem\u00e1s de haber sido participe de las luchas obreras y feministas desde los \u201970, &#8220;fue afiliada a ATE desarrollando un activismo feminista fundamental en la d\u00e9cada del \u201980. Como parte de la Comisi\u00f3n Directiva integr\u00f3 y organiz\u00f3 el primer encuentro de mujeres en Mar del Plata y viene formando parte de ese encuentro desde entonces de manera ininterrumpida&#8221;.<\/p>\n\n\n\n<figure class=\"wp-block-gallery has-nested-images columns-default is-cropped wp-block-gallery-1 is-layout-flex wp-block-gallery-is-layout-flex\">\n<figure class=\"wp-block-image size-large\"><a href=\"https:\/\/atecordoba.org\/wp-content\/uploads\/2023\/06\/WhatsApp-Image-2023-06-23-at-10.03.12.jpeg\" target=\"_blank\" rel=\"noopener\"><img loading=\"lazy\" decoding=\"async\" width=\"1024\" height=\"768\" data-id=\"37474\" src=\"https:\/\/atecordoba.org\/wp-content\/uploads\/2023\/06\/WhatsApp-Image-2023-06-23-at-10.03.12-1024x768.jpeg\" alt=\"\" class=\"wp-image-37474\" srcset=\"https:\/\/atecordoba.org\/wp-content\/uploads\/2023\/06\/WhatsApp-Image-2023-06-23-at-10.03.12-1024x768.jpeg 1024w, https:\/\/atecordoba.org\/wp-content\/uploads\/2023\/06\/WhatsApp-Image-2023-06-23-at-10.03.12-300x225.jpeg 300w, https:\/\/atecordoba.org\/wp-content\/uploads\/2023\/06\/WhatsApp-Image-2023-06-23-at-10.03.12-768x576.jpeg 768w, https:\/\/atecordoba.org\/wp-content\/uploads\/2023\/06\/WhatsApp-Image-2023-06-23-at-10.03.12-750x563.jpeg 750w, https:\/\/atecordoba.org\/wp-content\/uploads\/2023\/06\/WhatsApp-Image-2023-06-23-at-10.03.12.jpeg 1080w\" sizes=\"auto, (max-width: 1024px) 100vw, 1024px\" \/><\/a><\/figure>\n\n\n\n<figure class=\"wp-block-image size-large\"><a href=\"https:\/\/atecordoba.org\/wp-content\/uploads\/2023\/06\/WhatsApp-Image-2023-06-23-at-10.01.17-1.jpeg\" target=\"_blank\" rel=\"noopener\"><img loading=\"lazy\" decoding=\"async\" width=\"1024\" height=\"789\" data-id=\"37473\" src=\"https:\/\/atecordoba.org\/wp-content\/uploads\/2023\/06\/WhatsApp-Image-2023-06-23-at-10.01.17-1-1024x789.jpeg\" alt=\"\" class=\"wp-image-37473\" srcset=\"https:\/\/atecordoba.org\/wp-content\/uploads\/2023\/06\/WhatsApp-Image-2023-06-23-at-10.01.17-1-1024x789.jpeg 1024w, https:\/\/atecordoba.org\/wp-content\/uploads\/2023\/06\/WhatsApp-Image-2023-06-23-at-10.01.17-1-300x231.jpeg 300w, https:\/\/atecordoba.org\/wp-content\/uploads\/2023\/06\/WhatsApp-Image-2023-06-23-at-10.01.17-1-768x592.jpeg 768w, https:\/\/atecordoba.org\/wp-content\/uploads\/2023\/06\/WhatsApp-Image-2023-06-23-at-10.01.17-1-750x578.jpeg 750w, https:\/\/atecordoba.org\/wp-content\/uploads\/2023\/06\/WhatsApp-Image-2023-06-23-at-10.01.17-1-1140x878.jpeg 1140w, https:\/\/atecordoba.org\/wp-content\/uploads\/2023\/06\/WhatsApp-Image-2023-06-23-at-10.01.17-1.jpeg 1280w\" sizes=\"auto, (max-width: 1024px) 100vw, 1024px\" \/><\/a><\/figure>\n\n\n\n<figure class=\"wp-block-image size-large\"><a href=\"https:\/\/atecordoba.org\/wp-content\/uploads\/2023\/06\/WhatsApp-Image-2023-06-23-at-10.03.11-1.jpeg\" target=\"_blank\" rel=\"noopener\"><img loading=\"lazy\" decoding=\"async\" width=\"1024\" height=\"768\" data-id=\"37475\" src=\"https:\/\/atecordoba.org\/wp-content\/uploads\/2023\/06\/WhatsApp-Image-2023-06-23-at-10.03.11-1-1024x768.jpeg\" alt=\"\" class=\"wp-image-37475\" srcset=\"https:\/\/atecordoba.org\/wp-content\/uploads\/2023\/06\/WhatsApp-Image-2023-06-23-at-10.03.11-1-1024x768.jpeg 1024w, https:\/\/atecordoba.org\/wp-content\/uploads\/2023\/06\/WhatsApp-Image-2023-06-23-at-10.03.11-1-300x225.jpeg 300w, https:\/\/atecordoba.org\/wp-content\/uploads\/2023\/06\/WhatsApp-Image-2023-06-23-at-10.03.11-1-768x576.jpeg 768w, https:\/\/atecordoba.org\/wp-content\/uploads\/2023\/06\/WhatsApp-Image-2023-06-23-at-10.03.11-1-750x563.jpeg 750w, https:\/\/atecordoba.org\/wp-content\/uploads\/2023\/06\/WhatsApp-Image-2023-06-23-at-10.03.11-1.jpeg 1080w\" sizes=\"auto, (max-width: 1024px) 100vw, 1024px\" \/><\/a><\/figure>\n<\/figure>\n\n\n\n<p><\/p>\n","protected":false},"excerpt":{"rendered":"<p>Las Brujas del Cordobazo pasaron por ATE C\u00f3rdoba ayer por la tarde, encabezadas por Bibiana Fulchieri, con la participaci\u00f3n de Soledad Garc\u00eda e Isabel Guzm\u00e1n. En el auditorio H\u00e9ctor La Perra Castro, otro protagonista de aquella gloriosa jornada de lucha del movimiento obrero de C\u00f3rdoba, la actividad consisti\u00f3 en la proyecci\u00f3n del documental y una [&hellip;]<\/p>\n","protected":false},"author":7,"featured_media":37472,"comment_status":"open","ping_status":"open","sticky":false,"template":"","format":"standard","meta":{"_exactmetrics_skip_tracking":false,"_exactmetrics_sitenote_active":false,"_exactmetrics_sitenote_note":"","_exactmetrics_sitenote_category":0,"jnews-multi-image_gallery":[],"jnews_single_post":{"subtitle":"La actividad gir\u00f3 alrededor del rescate del costado feminista de la lucha obrera de aquellos a\u00f1os. ","format":"standard","video":"","gallery":"","source_name":"","source_url":"","via_name":"","via_url":"","override_template":"0","override":[{"template":"1","single_blog_custom":"","parallax":"1","fullscreen":"1","layout":"right-sidebar","sidebar":"default-sidebar","second_sidebar":"default-sidebar","sticky_sidebar":"1","share_position":"top","share_float_style":"share-monocrhome","show_share_counter":"1","show_view_counter":"1","show_featured":"1","show_post_meta":"1","show_post_author":"1","show_post_author_image":"1","show_post_date":"1","post_date_format":"default","post_date_format_custom":"Y\/m\/d","show_post_category":"1","show_post_reading_time":"0","post_reading_time_wpm":"300","show_zoom_button":"0","zoom_button_out_step":"2","zoom_button_in_step":"3","show_post_tag":"1","show_prev_next_post":"1","show_popup_post":"1","number_popup_post":"1","show_author_box":"0","show_post_related":"0","show_inline_post_related":"0"}],"override_image_size":"0","image_override":[{"single_post_thumbnail_size":"crop-500","single_post_gallery_size":"crop-500"}],"trending_post":"0","trending_post_position":"meta","trending_post_label":"Trending","sponsored_post":"0","sponsored_post_label":"Sponsored by","sponsored_post_name":"","sponsored_post_url":"","sponsored_post_logo_enable":"0","sponsored_post_logo":"","sponsored_post_desc":"","disable_ad":"0"},"jnews_primary_category":{"id":""},"jnews_social_meta":{"fb_title":"","fb_description":"","fb_image":"","twitter_title":"","twitter_description":"","twitter_image":""},"jnews_review":[],"enable_review":"0","type":"percentage","name":"","summary":"","brand":"","sku":"","good":[{"good_text":""}],"bad":[{"bad_text":""}],"score_override":"","override_value":"","rating":[{"rating_text":"","rating_number":"10"}],"price":[{"shop":"","price":"","link":"","icon":""}],"jnews_override_counter":{"override_view_counter":"0","view_counter_number":"0","override_share_counter":"0","share_counter_number":"0","override_like_counter":"0","like_counter_number":"0","override_dislike_counter":"0","dislike_counter_number":"0"},"jnews_post_split":{"enable_post_split":"0","post_split":[{"template":"1","tag":"h2","numbering":"asc","mode":"normal","first":"0","enable_toc":"0","toc_type":"normal"}]},"footnotes":""},"categories":[325],"tags":[],"class_list":["post-37471","post","type-post","status-publish","format-standard","has-post-thumbnail","hentry","category-generos-y-diversidades"],"jetpack_featured_media_url":"https:\/\/atecordoba.org\/wp-content\/uploads\/2023\/06\/WhatsApp-Image-2023-06-23-at-10.01.16-e1687528332442.jpeg","_links":{"self":[{"href":"https:\/\/atecordoba.org\/index.php?rest_route=\/wp\/v2\/posts\/37471","targetHints":{"allow":["GET"]}}],"collection":[{"href":"https:\/\/atecordoba.org\/index.php?rest_route=\/wp\/v2\/posts"}],"about":[{"href":"https:\/\/atecordoba.org\/index.php?rest_route=\/wp\/v2\/types\/post"}],"author":[{"embeddable":true,"href":"https:\/\/atecordoba.org\/index.php?rest_route=\/wp\/v2\/users\/7"}],"replies":[{"embeddable":true,"href":"https:\/\/atecordoba.org\/index.php?rest_route=%2Fwp%2Fv2%2Fcomments&post=37471"}],"version-history":[{"count":4,"href":"https:\/\/atecordoba.org\/index.php?rest_route=\/wp\/v2\/posts\/37471\/revisions"}],"predecessor-version":[{"id":37483,"href":"https:\/\/atecordoba.org\/index.php?rest_route=\/wp\/v2\/posts\/37471\/revisions\/37483"}],"wp:featuredmedia":[{"embeddable":true,"href":"https:\/\/atecordoba.org\/index.php?rest_route=\/wp\/v2\/media\/37472"}],"wp:attachment":[{"href":"https:\/\/atecordoba.org\/index.php?rest_route=%2Fwp%2Fv2%2Fmedia&parent=37471"}],"wp:term":[{"taxonomy":"category","embeddable":true,"href":"https:\/\/atecordoba.org\/index.php?rest_route=%2Fwp%2Fv2%2Fcategories&post=37471"},{"taxonomy":"post_tag","embeddable":true,"href":"https:\/\/atecordoba.org\/index.php?rest_route=%2Fwp%2Fv2%2Ftags&post=37471"}],"curies":[{"name":"wp","href":"https:\/\/api.w.org\/{rel}","templated":true}]}}