{"id":3747,"date":"2013-12-23T15:35:46","date_gmt":"2013-12-23T18:35:46","guid":{"rendered":"http:\/\/www.atecordoba.org\/?p=3747"},"modified":"2013-12-23T15:35:46","modified_gmt":"2013-12-23T18:35:46","slug":"hospitales-resolvieron-hoy-continuar-el-conflicto","status":"publish","type":"post","link":"https:\/\/atecordoba.org\/?p=3747","title":{"rendered":"Hospitales resolvieron hoy continuar el conflicto"},"content":{"rendered":"<p><em>Tras realizarse las asambleas en los distintos hospitales de C\u00f3rdoba Capital, los trabajadores resolvieron mantener el plan de lucha y continuar el conflicto ante la falta de respuestas de gobierno provincial a las demandas del sector. En ese sentido, se expresaron los hospitales de Villa Mar\u00eda, R\u00edo Tercero y Jes\u00fas Mar\u00eda.<\/em><\/p>\n<p style=\"text-align: center;\"><img loading=\"lazy\" decoding=\"async\" class=\"ngg-singlepic ngg-center aligncenter\" alt=\"22\" src=\"http:\/\/www.atecordoba.org\/wp-content\/gallery\/19-12-marcha-salud\/22.png\" width=\"560\" height=\"420\" \/><\/p>\n<p>Las asambleas rechazaron de plano las declaraciones del gobernador Jos\u00e9 Manuel De la Sota, que amenaz\u00f3 con sanciones en vez de convocar al necesario di\u00e1logo con las organizaciones representativas a los efectos de destrabar el conflicto que mantiene sin la normal atenci\u00f3n de los pacientes.<\/p>\n<p>Al calificar de \u2018huelga salvaje\u2019 y de \u2018extorsi\u00f3n\u2019 el justo reclamo de los trabajadores de la salud, De la Sota azuz\u00f3 una vez m\u00e1s el conflicto, dando muestras de la irracionalidad pol\u00edtica con que la actual gesti\u00f3n aborda la problem\u00e1tica hospitalaria. \u00a0Esta visi\u00f3n se choca con la realidad ya que los hospitales siempre garantizaron los servicios esenciales y la atenci\u00f3n de urgencias y emergencias.<\/p>\n<p>Vale se\u00f1alar que los trabajadores de la salud no \u2018firmaron\u2019 ning\u00fan acuerdo, toda vez que el gobierno eligi\u00f3 como interlocutor a quien s\u00f3lo representa una parte del sector. De lo contrario el conflicto ya estar\u00eda resuelto. No es la primera vez que sucede y en consecuencia la prolongaci\u00f3n del conflicto corre por su exclusiva responsabilidad.<\/p>\n<p>De todas formas, es auspicioso que el gobernador se proponga aplicar la ley cosa que ATE viene reclamando desde el inicio del conflicto, all\u00e1 por septiembre del corriente, como son las leyes vigentes N\u00b0 23551, de Asociaciones Sindicales, N\u00b08329, de Paritarias para el sector P\u00fablico, las resoluciones administrativas del Ministerio de Trabajo de la Naci\u00f3n (N\u00b0 708 y 770) y la sentencia de la C\u00e1mara Nacional de Trabajo.<\/p>\n<p>En concreto, los trabajadores continuaremos con el estado de alerta permanente con suspensi\u00f3n de las cirug\u00edas programadas y r\u00e9gimen de atenci\u00f3n de fin de semana y feriados, sin turnos para consultas.<\/p>\n<p>ATE, junto a M\u00e9dicos Unidos y UTS, mantendremos consultas permanentes para avanzar coordinadamente ante cualquier eventualidad, con la seguridad de que los trabajadores estamos contenidos, a trav\u00e9s de la personer\u00eda gremial de nuestro gremio, por el derecho constitucional que nos asiste en el art\u00edculo 14 y 14 BIS\u00a0 de la carta magna, as\u00ed como los tratados internacionales con fuerza de ley.<\/p>\n<p align=\"right\">Mar\u00eda Teresa Romero<\/p>\n<p align=\"right\">Secretaria General<\/p>\n<p align=\"right\">ATE C\u00f3rdoba<\/p>\n","protected":false},"excerpt":{"rendered":"<p>Tras realizarse las asambleas en los distintos hospitales de C\u00f3rdoba Capital, los trabajadores resolvieron mantener el plan de lucha y continuar el conflicto ante la falta de respuestas de gobierno provincial a las demandas del sector. En ese sentido, se expresaron los hospitales de Villa Mar\u00eda, R\u00edo Tercero y Jes\u00fas Mar\u00eda. Las asambleas rechazaron de [&hellip;]<\/p>\n","protected":false},"author":1,"featured_media":19220,"comment_status":"open","ping_status":"open","sticky":false,"template":"","format":"standard","meta":{"_exactmetrics_skip_tracking":false,"_exactmetrics_sitenote_active":false,"_exactmetrics_sitenote_note":"","_exactmetrics_sitenote_category":0,"jnews-multi-image_gallery":[],"jnews_single_post":[],"jnews_primary_category":[],"jnews_social_meta":[],"jnews_review":[],"enable_review":"","type":"","name":"","summary":"","brand":"","sku":"","good":[],"bad":[],"score_override":"","override_value":"","rating":[],"price":[],"jnews_override_counter":[],"jnews_post_split":[],"footnotes":""},"categories":[53,7,8],"tags":[],"class_list":["post-3747","post","type-post","status-publish","format-standard","has-post-thumbnail","hentry","category-comunicados-de-prensa","category-hospitales","category-provinciales"],"jetpack_featured_media_url":"https:\/\/atecordoba.org\/wp-content\/uploads\/2020\/05\/logo-nuevochico-e1561581322808.png","_links":{"self":[{"href":"https:\/\/atecordoba.org\/index.php?rest_route=\/wp\/v2\/posts\/3747","targetHints":{"allow":["GET"]}}],"collection":[{"href":"https:\/\/atecordoba.org\/index.php?rest_route=\/wp\/v2\/posts"}],"about":[{"href":"https:\/\/atecordoba.org\/index.php?rest_route=\/wp\/v2\/types\/post"}],"author":[{"embeddable":true,"href":"https:\/\/atecordoba.org\/index.php?rest_route=\/wp\/v2\/users\/1"}],"replies":[{"embeddable":true,"href":"https:\/\/atecordoba.org\/index.php?rest_route=%2Fwp%2Fv2%2Fcomments&post=3747"}],"version-history":[{"count":0,"href":"https:\/\/atecordoba.org\/index.php?rest_route=\/wp\/v2\/posts\/3747\/revisions"}],"wp:featuredmedia":[{"embeddable":true,"href":"https:\/\/atecordoba.org\/index.php?rest_route=\/wp\/v2\/media\/19220"}],"wp:attachment":[{"href":"https:\/\/atecordoba.org\/index.php?rest_route=%2Fwp%2Fv2%2Fmedia&parent=3747"}],"wp:term":[{"taxonomy":"category","embeddable":true,"href":"https:\/\/atecordoba.org\/index.php?rest_route=%2Fwp%2Fv2%2Fcategories&post=3747"},{"taxonomy":"post_tag","embeddable":true,"href":"https:\/\/atecordoba.org\/index.php?rest_route=%2Fwp%2Fv2%2Ftags&post=3747"}],"curies":[{"name":"wp","href":"https:\/\/api.w.org\/{rel}","templated":true}]}}