{"id":37434,"date":"2023-06-21T14:38:52","date_gmt":"2023-06-21T17:38:52","guid":{"rendered":"https:\/\/atecordoba.org\/?p=37434"},"modified":"2023-06-21T15:38:14","modified_gmt":"2023-06-21T18:38:14","slug":"rio-primero-ate-cierra-la-paritaria-con-aumento-y-blanqueo-de-haberes","status":"publish","type":"post","link":"https:\/\/atecordoba.org\/?p=37434","title":{"rendered":"R\u00edo Primero: ATE cierra la paritaria con aumento y blanqueo de haberes"},"content":{"rendered":"\n<p><\/p>\n\n\n\n<div class=\"wp-block-image\"><figure class=\"aligncenter size-large is-resized\"><img loading=\"lazy\" decoding=\"async\" src=\"https:\/\/atecordoba.org\/wp-content\/uploads\/2023\/06\/WhatsApp-Image-2023-06-21-at-12.50.58-1024x768.jpeg\" alt=\"\" class=\"wp-image-37435\" width=\"768\" height=\"576\" \/><figcaption>La comitiva de ATE tras firmar el acuerdo salarial.<\/figcaption><\/figure><\/div>\n\n\n\n<p>Tras un duro y largo conflicto por mejoras salariales en la Municipalidad de R\u00edo Primero, ATE logr\u00f3 hoy incrementar la pauta salarial inicial otorgada por el Ejecutivo y blanquear un 15% no remunerativo que tendr\u00e1 impacto con los haberes de junio. <\/p>\n\n\n\n<p>Este acuerdo se alcanz\u00f3 en la mesa negociadora creada por el Ministerio de Trabajo de la provincia a partir de una conciliaci\u00f3n obligatoria que solicit\u00f3 el Ejecutivo municipal, tras un fuerte plan de lucha que agrup\u00f3 a todas y todos los municipales bajo la conducci\u00f3n del cuerpo de delegados y el Consejo Directivo Provincial (CDP) de ATE C\u00f3rdoba.<\/p>\n\n\n\n<div class=\"wp-block-image\"><figure class=\"alignright size-large is-resized\"><img loading=\"lazy\" decoding=\"async\" src=\"https:\/\/atecordoba.org\/wp-content\/uploads\/2023\/06\/WhatsApp-Image-2023-06-21-at-12.50.57-1024x576.jpeg\" alt=\"\" class=\"wp-image-37440\" width=\"512\" height=\"288\" srcset=\"https:\/\/atecordoba.org\/wp-content\/uploads\/2023\/06\/WhatsApp-Image-2023-06-21-at-12.50.57-1024x576.jpeg 1024w, https:\/\/atecordoba.org\/wp-content\/uploads\/2023\/06\/WhatsApp-Image-2023-06-21-at-12.50.57-300x169.jpeg 300w, https:\/\/atecordoba.org\/wp-content\/uploads\/2023\/06\/WhatsApp-Image-2023-06-21-at-12.50.57-768x432.jpeg 768w, https:\/\/atecordoba.org\/wp-content\/uploads\/2023\/06\/WhatsApp-Image-2023-06-21-at-12.50.57-1536x864.jpeg 1536w, https:\/\/atecordoba.org\/wp-content\/uploads\/2023\/06\/WhatsApp-Image-2023-06-21-at-12.50.57-750x422.jpeg 750w, https:\/\/atecordoba.org\/wp-content\/uploads\/2023\/06\/WhatsApp-Image-2023-06-21-at-12.50.57-1140x641.jpeg 1140w, https:\/\/atecordoba.org\/wp-content\/uploads\/2023\/06\/WhatsApp-Image-2023-06-21-at-12.50.57.jpeg 1600w\" sizes=\"auto, (max-width: 512px) 100vw, 512px\" \/><\/figure><\/div>\n\n\n\n<p><strong>Los n\u00fameros<\/strong><\/p>\n\n\n\n<p>De esta forma, las y los trabajadores recibir\u00e1n un incremento salarial del 10% en junio, m\u00e1s otro 10% en que tendr\u00e1 efecto en los haberes de julio, incrementando as\u00ed la pauta del 30% para todo el semestre que el Ejecutivo hab\u00eda otorgado por ordenanza en marzo, retroactivo a enero. <\/p>\n\n\n\n<p>Adem\u00e1s, un 15% no remunerativo que el municipio ven\u00eda arrastrando desde el a\u00f1o pasado se blanquear\u00e1 en el mes de junio, con impacto en todos los items del sueldo, como antig\u00fcedad, trabajo de riesgo, etc.<\/p>\n\n\n\n<p>En tanto el 10% de julio ser\u00e1 no remunerativo.<\/p>\n\n\n\n<p><strong>Conciliaci\u00f3n<\/strong><\/p>\n\n\n\n<p>Cabe se\u00f1alar que este acuerdo podr\u00eda haberse alcanzado con anterioridad de haber tenido el Ejecutivo una oferta salarial acorde a las necesidades de las y los trabajadores. <\/p>\n\n\n\n<p>Pero frente al reclamo de una pauta que equipare al escalada inflacionaria, los funcionarios de la Municipalidad propusieron un incremento del 5% no remunerativo, lo que desat\u00f3 <a href=\"https:\/\/atecordoba.org\/?p=37084\">el paro con movilizaci\u00f3n en R\u00edo Primero<\/a>. Esto llev\u00f3 a la Municipalidad a solicitar la intervenci\u00f3n de la cartera laboral, que estableci\u00f3 una conciliaci\u00f3n obligatoria para desactivar las medidas de fuerza. <\/p>\n\n\n\n<p><a href=\"https:\/\/atecordoba.org\/?p=37307\">Tras varias audiencias<\/a> donde no se logr\u00f3 acercar una propuesta conforme a lo solicitado por las y los compa\u00f1eros municipales, hoy finalmente se alcanz\u00f3 en acuerdo en horas de la ma\u00f1ana. La delegaci\u00f3n de ATE estuvo compuesta por Javier Bracamonte, en representaci\u00f3n del CDP, la delegada Pamela Guti\u00e9rrez y ele delegado Jos\u00e9 Baigorria, acompa\u00f1ados por el asesor letrado de ATE C\u00f3rdoba, Eugenio Biafore.<\/p>\n\n\n\n<p>A su vez, la Municipalidad qued\u00f3 comprometida a convocar a una mesa de relaciones laborales para el mes de julio, a los fines de continuar evaluando la situaci\u00f3n salarial y otros puntos de la agenda reivindicativa que ATE viene sosteniendo en el sector.<\/p>\n\n\n\n<p><strong>Balance positivo<\/strong><\/p>\n\n\n\n<p>A la hora el balance, el delegado de ATE Jos\u00e9 Baigorria afirm\u00f3 que el acuerdo &#8220;es muy positivo porque logramos un 40% en el primer semestre y un 10 % para julio, por medio de acta en el Ministerio de Trabajo&#8221;. <\/p>\n\n\n\n<p>Y valor\u00f3 que en t\u00e9rminos organizativos &#8220;hace 20 d\u00edas tuvimos asambleas hist\u00f3ricas, con el acompa\u00f1amiento de la dirigencia de ATE. Se moviliz\u00f3 la gente, hubo quite de colaboraci\u00f3n en distintas \u00e1reas&#8221;. <\/p>\n\n\n\n<p>Y concluy\u00f3 asegurando que &#8220;los compa\u00f1eros est\u00e1n muy conformes con ATE ya que vamos logrando lo que nos propusimos. La negociaci\u00f3n fue positiva&#8221;.<\/p>\n","protected":false},"excerpt":{"rendered":"<p>Tras un duro y largo conflicto por mejoras salariales en la Municipalidad de R\u00edo Primero, ATE logr\u00f3 hoy incrementar la pauta salarial inicial otorgada por el Ejecutivo y blanquear un 15% no remunerativo que tendr\u00e1 impacto con los haberes de junio. Este acuerdo se alcanz\u00f3 en la mesa negociadora creada por el Ministerio de Trabajo [&hellip;]<\/p>\n","protected":false},"author":7,"featured_media":37435,"comment_status":"open","ping_status":"open","sticky":false,"template":"","format":"standard","meta":{"_exactmetrics_skip_tracking":false,"_exactmetrics_sitenote_active":false,"_exactmetrics_sitenote_note":"","_exactmetrics_sitenote_category":0,"jnews-multi-image_gallery":[],"jnews_single_post":{"subtitle":"ATE logr\u00f3 hoy incrementar la pauta salarial inicial otorgada por el Ejecutivo y blanquear un 15% no remunerativo que tendr\u00e1 impacto con los haberes de junio. ","format":"standard","video":"","gallery":"","source_name":"","source_url":"","via_name":"","via_url":"","override_template":"0","override":[{"template":"1","single_blog_custom":"","parallax":"1","fullscreen":"1","layout":"right-sidebar","sidebar":"default-sidebar","second_sidebar":"default-sidebar","sticky_sidebar":"1","share_position":"top","share_float_style":"share-monocrhome","show_share_counter":"1","show_view_counter":"1","show_featured":"1","show_post_meta":"1","show_post_author":"1","show_post_author_image":"1","show_post_date":"1","post_date_format":"default","post_date_format_custom":"Y\/m\/d","show_post_category":"1","show_post_reading_time":"0","post_reading_time_wpm":"300","show_zoom_button":"0","zoom_button_out_step":"2","zoom_button_in_step":"3","show_post_tag":"1","show_prev_next_post":"1","show_popup_post":"1","number_popup_post":"1","show_author_box":"0","show_post_related":"0","show_inline_post_related":"0"}],"override_image_size":"0","image_override":[{"single_post_thumbnail_size":"crop-500","single_post_gallery_size":"crop-500"}],"trending_post":"0","trending_post_position":"meta","trending_post_label":"Trending","sponsored_post":"0","sponsored_post_label":"Sponsored by","sponsored_post_name":"","sponsored_post_url":"","sponsored_post_logo_enable":"0","sponsored_post_logo":"","sponsored_post_desc":"","disable_ad":"0"},"jnews_primary_category":{"id":""},"jnews_social_meta":{"fb_title":"","fb_description":"","fb_image":"","twitter_title":"","twitter_description":"","twitter_image":""},"jnews_review":[],"enable_review":"0","type":"percentage","name":"","summary":"","brand":"","sku":"","good":[{"good_text":""}],"bad":[{"bad_text":""}],"score_override":"","override_value":"","rating":[{"rating_text":"","rating_number":"10"}],"price":[{"shop":"","price":"","link":"","icon":""}],"jnews_override_counter":{"override_view_counter":"0","view_counter_number":"0","override_share_counter":"0","share_counter_number":"0","override_like_counter":"0","like_counter_number":"0","override_dislike_counter":"0","dislike_counter_number":"0"},"jnews_post_split":{"enable_post_split":"0","post_split":[{"template":"1","tag":"h2","numbering":"asc","mode":"normal","first":"0","enable_toc":"0","toc_type":"normal"}]},"footnotes":""},"categories":[20],"tags":[],"class_list":["post-37434","post","type-post","status-publish","format-standard","has-post-thumbnail","hentry","category-municipales"],"jetpack_featured_media_url":"https:\/\/atecordoba.org\/wp-content\/uploads\/2023\/06\/WhatsApp-Image-2023-06-21-at-12.50.58-e1687369121169.jpeg","_links":{"self":[{"href":"https:\/\/atecordoba.org\/index.php?rest_route=\/wp\/v2\/posts\/37434","targetHints":{"allow":["GET"]}}],"collection":[{"href":"https:\/\/atecordoba.org\/index.php?rest_route=\/wp\/v2\/posts"}],"about":[{"href":"https:\/\/atecordoba.org\/index.php?rest_route=\/wp\/v2\/types\/post"}],"author":[{"embeddable":true,"href":"https:\/\/atecordoba.org\/index.php?rest_route=\/wp\/v2\/users\/7"}],"replies":[{"embeddable":true,"href":"https:\/\/atecordoba.org\/index.php?rest_route=%2Fwp%2Fv2%2Fcomments&post=37434"}],"version-history":[{"count":5,"href":"https:\/\/atecordoba.org\/index.php?rest_route=\/wp\/v2\/posts\/37434\/revisions"}],"predecessor-version":[{"id":37444,"href":"https:\/\/atecordoba.org\/index.php?rest_route=\/wp\/v2\/posts\/37434\/revisions\/37444"}],"wp:featuredmedia":[{"embeddable":true,"href":"https:\/\/atecordoba.org\/index.php?rest_route=\/wp\/v2\/media\/37435"}],"wp:attachment":[{"href":"https:\/\/atecordoba.org\/index.php?rest_route=%2Fwp%2Fv2%2Fmedia&parent=37434"}],"wp:term":[{"taxonomy":"category","embeddable":true,"href":"https:\/\/atecordoba.org\/index.php?rest_route=%2Fwp%2Fv2%2Fcategories&post=37434"},{"taxonomy":"post_tag","embeddable":true,"href":"https:\/\/atecordoba.org\/index.php?rest_route=%2Fwp%2Fv2%2Ftags&post=37434"}],"curies":[{"name":"wp","href":"https:\/\/api.w.org\/{rel}","templated":true}]}}