{"id":37383,"date":"2023-06-15T10:24:45","date_gmt":"2023-06-15T13:24:45","guid":{"rendered":"https:\/\/atecordoba.org\/?p=37383"},"modified":"2023-06-15T10:24:47","modified_gmt":"2023-06-15T13:24:47","slug":"denuncian-criminalizacion-de-la-protesta-social-en-cordoba","status":"publish","type":"post","link":"https:\/\/atecordoba.org\/?p=37383","title":{"rendered":"Denuncian criminalizaci\u00f3n de la protesta social en C\u00f3rdoba"},"content":{"rendered":"\n<p><\/p>\n\n\n\n<div class=\"wp-block-image\"><figure class=\"aligncenter size-large is-resized\"><img loading=\"lazy\" decoding=\"async\" src=\"https:\/\/atecordoba.org\/wp-content\/uploads\/2023\/06\/Przybyski-y-giuliani-1024x768.jpg\" alt=\"\" class=\"wp-image-37384\" width=\"768\" height=\"576\" \/><figcaption>Przybyski, Biafore y Giuliani.<\/figcaption><\/figure><\/div>\n\n\n\n<p>\u201cPrzybyski se comprometi\u00f3 a la participaci\u00f3n activa de la Secretar\u00eda de DDHH dentro de nuestra causa a fin de denunciar la judicializaci\u00f3n del conflicto. Me acompa\u00f1\u00f3 en la entrevista el abogado de ATE C\u00f3rdoba, Dr Eugenio Biafore\u201d, dijo Federico Giuliani al cabo del encuentro.<\/p>\n\n\n\n<p>Cabe recordar que el 20 de abril pasado un amplio arco pol\u00edtico, social y sindical <a href=\"https:\/\/atecordoba.org\/?p=36580\">rode\u00f3 la presentaci\u00f3n de Giuliani ante el Fiscal<\/a> de Instrucci\u00f3n Distrito 4 Turno 1, Ernesto de Arag\u00f3n, quien procedi\u00f3 a identificarlo, imputarlo y retenerle su tel\u00e9fono celular, por participar de la Marcha contra el Hambre y en rechazo al FMI realizada el 5 de abril por la Unidad Piquetera.<\/p>\n\n\n\n<p>&#8220;Esta es una resoluci\u00f3n politizada y est\u00e1 dirigida a criminalizar la protesta social, a castigar a las organizaciones populares. Los n\u00fameros de la pobreza, de precarizaci\u00f3n laboral, de marginalidad, de hambre que hay en C\u00f3rdoba hablan de un Gobierno que no da respuestas. Ahora, cuando salimos a expresar nuestro reclamo de manera genuina y legal, nos acosan judicialmente, nos persiguen y hostigan\u201d, resumi\u00f3 Giuliani.<\/p>\n\n\n\n<p><strong>Apoyo de la CTAA<\/strong><\/p>\n\n\n\n<p>La CTA-A C\u00f3rdoba tambi\u00e9n repudi\u00f3 la ofensiva pol\u00edtica, judicial y medi\u00e1tica contra los movimientos populares y remarc\u00f3 que \u201cen lugar de atender la agenda de necesidades que plantean la pobreza, la falta de trabajo, y la inseguridad, el Gobierno persigue y procesa a los que ganamos la calle para denunciar la crisis social y econ\u00f3mica que, v\u00eda inflaci\u00f3n, pulveriza los ingresos de la poblaci\u00f3n\u201d.<\/p>\n\n\n\n<p>Para la Central la arremetida del poder judicial &#8220;es un globo de ensayo para ver si funciona como instrumento para disciplinar a los que reclaman contra este calamitoso estado de cosas&#8221;. Y agreg\u00f3 que &#8220;la Jefa de la Polic\u00eda, Liliana Z\u00e1rate<a href=\"https:\/\/revistaelsur.com.ar\/nota\/829\/De-las-calles-al-Codigo-Penal\">, confirm\u00f3 que la fuerza realiza en la previa de cada marcha un seguimiento de los perfiles de redes sociales de los dirigentes<\/a>, y que la identificaci\u00f3n in situ de los organizadores no es inconveniente ya que despliegan polic\u00edas de civil y cuentan con el registro de cientos de c\u00e1maras dispuestas en la mayor\u00eda de las esquinas del casco c\u00e9ntrico de la ciudad de C\u00f3rdoba. Un combo de inteligencia interior para reprimir el conflicto social que atenta directamente contra el estado de Derecho\u201d.<\/p>\n\n\n\n<p>\u201cPese al hostigamiento pol\u00edtico y judicial no nos van a callar. Vamos a seguir denunciando y accionando para enfrentar el ajuste que sufren los sectores populares\u201d, remat\u00f3.<\/p>\n\n\n\n<p><\/p>\n","protected":false},"excerpt":{"rendered":"<p>\u201cPrzybyski se comprometi\u00f3 a la participaci\u00f3n activa de la Secretar\u00eda de DDHH dentro de nuestra causa a fin de denunciar la judicializaci\u00f3n del conflicto. Me acompa\u00f1\u00f3 en la entrevista el abogado de ATE C\u00f3rdoba, Dr Eugenio Biafore\u201d, dijo Federico Giuliani al cabo del encuentro. Cabe recordar que el 20 de abril pasado un amplio arco [&hellip;]<\/p>\n","protected":false},"author":7,"featured_media":37384,"comment_status":"open","ping_status":"open","sticky":false,"template":"","format":"standard","meta":{"_exactmetrics_skip_tracking":false,"_exactmetrics_sitenote_active":false,"_exactmetrics_sitenote_note":"","_exactmetrics_sitenote_category":0,"jnews-multi-image_gallery":[],"jnews_single_post":{"subtitle":"Nuestro secretario General, Federico Giuliani, se reuni\u00f3 este mi\u00e9rcoles en Buenos Aires con el Director Nacional de Pol\u00edticas contra la Violencia Institucional de la Secretar\u00eda de Derechos Humanos de la Naci\u00f3n, Mariano Przybyski para interiorizarlo sobre la grave situaci\u00f3n de criminalizaci\u00f3n de la protesta social en C\u00f3rdoba llevada adelante por el Gobernador Juan Schiaretti y la Justicia adicta, que imput\u00f3 a Giuliani por participar de una Marcha contra el Hambre.","format":"standard","video":"","gallery":"","source_name":"","source_url":"","via_name":"","via_url":"","override_template":"0","override":[{"template":"1","single_blog_custom":"","parallax":"1","fullscreen":"1","layout":"right-sidebar","sidebar":"default-sidebar","second_sidebar":"default-sidebar","sticky_sidebar":"1","share_position":"top","share_float_style":"share-monocrhome","show_share_counter":"1","show_view_counter":"1","show_featured":"1","show_post_meta":"1","show_post_author":"1","show_post_author_image":"1","show_post_date":"1","post_date_format":"default","post_date_format_custom":"Y\/m\/d","show_post_category":"1","show_post_reading_time":"0","post_reading_time_wpm":"300","show_zoom_button":"0","zoom_button_out_step":"2","zoom_button_in_step":"3","show_post_tag":"1","show_prev_next_post":"1","show_popup_post":"1","number_popup_post":"1","show_author_box":"0","show_post_related":"0","show_inline_post_related":"0"}],"override_image_size":"0","image_override":[{"single_post_thumbnail_size":"crop-500","single_post_gallery_size":"crop-500"}],"trending_post":"0","trending_post_position":"meta","trending_post_label":"Trending","sponsored_post":"0","sponsored_post_label":"Sponsored by","sponsored_post_name":"","sponsored_post_url":"","sponsored_post_logo_enable":"0","sponsored_post_logo":"","sponsored_post_desc":"","disable_ad":"0"},"jnews_primary_category":{"id":""},"jnews_social_meta":{"fb_title":"","fb_description":"","fb_image":"","twitter_title":"","twitter_description":"","twitter_image":""},"jnews_review":[],"enable_review":"0","type":"percentage","name":"","summary":"","brand":"","sku":"","good":[{"good_text":""}],"bad":[{"bad_text":""}],"score_override":"","override_value":"","rating":[{"rating_text":"","rating_number":"10"}],"price":[{"shop":"","price":"","link":"","icon":""}],"jnews_override_counter":{"override_view_counter":"0","view_counter_number":"0","override_share_counter":"0","share_counter_number":"0","override_like_counter":"0","like_counter_number":"0","override_dislike_counter":"0","dislike_counter_number":"0"},"jnews_post_split":{"enable_post_split":"0","post_split":[{"template":"1","tag":"h2","numbering":"asc","mode":"normal","first":"0","enable_toc":"0","toc_type":"normal"}]},"footnotes":""},"categories":[10],"tags":[],"class_list":["post-37383","post","type-post","status-publish","format-standard","has-post-thumbnail","hentry","category-accion-politica"],"jetpack_featured_media_url":"https:\/\/atecordoba.org\/wp-content\/uploads\/2023\/06\/Przybyski-y-giuliani-e1686835272935.jpg","_links":{"self":[{"href":"https:\/\/atecordoba.org\/index.php?rest_route=\/wp\/v2\/posts\/37383","targetHints":{"allow":["GET"]}}],"collection":[{"href":"https:\/\/atecordoba.org\/index.php?rest_route=\/wp\/v2\/posts"}],"about":[{"href":"https:\/\/atecordoba.org\/index.php?rest_route=\/wp\/v2\/types\/post"}],"author":[{"embeddable":true,"href":"https:\/\/atecordoba.org\/index.php?rest_route=\/wp\/v2\/users\/7"}],"replies":[{"embeddable":true,"href":"https:\/\/atecordoba.org\/index.php?rest_route=%2Fwp%2Fv2%2Fcomments&post=37383"}],"version-history":[{"count":1,"href":"https:\/\/atecordoba.org\/index.php?rest_route=\/wp\/v2\/posts\/37383\/revisions"}],"predecessor-version":[{"id":37385,"href":"https:\/\/atecordoba.org\/index.php?rest_route=\/wp\/v2\/posts\/37383\/revisions\/37385"}],"wp:featuredmedia":[{"embeddable":true,"href":"https:\/\/atecordoba.org\/index.php?rest_route=\/wp\/v2\/media\/37384"}],"wp:attachment":[{"href":"https:\/\/atecordoba.org\/index.php?rest_route=%2Fwp%2Fv2%2Fmedia&parent=37383"}],"wp:term":[{"taxonomy":"category","embeddable":true,"href":"https:\/\/atecordoba.org\/index.php?rest_route=%2Fwp%2Fv2%2Fcategories&post=37383"},{"taxonomy":"post_tag","embeddable":true,"href":"https:\/\/atecordoba.org\/index.php?rest_route=%2Fwp%2Fv2%2Ftags&post=37383"}],"curies":[{"name":"wp","href":"https:\/\/api.w.org\/{rel}","templated":true}]}}