{"id":37367,"date":"2023-06-14T11:34:51","date_gmt":"2023-06-14T14:34:51","guid":{"rendered":"https:\/\/atecordoba.org\/?p=37367"},"modified":"2023-06-14T11:34:53","modified_gmt":"2023-06-14T14:34:53","slug":"repudian-maniobras-de-favoritismo-politico-del-intendente-saliente-gabriel-musso-en-la-municipalidad-de-cosquin","status":"publish","type":"post","link":"https:\/\/atecordoba.org\/?p=37367","title":{"rendered":"Repudian maniobras de favoritismo pol\u00edtico del intendente saliente Gabriel Musso en la Municipalidad de Cosqu\u00edn"},"content":{"rendered":"\n<div class=\"wp-block-image\"><figure class=\"alignright size-full is-resized\"><img loading=\"lazy\" decoding=\"async\" src=\"https:\/\/atecordoba.org\/wp-content\/uploads\/2023\/06\/musso.jpg\" alt=\"\" class=\"wp-image-37368\" width=\"350\" height=\"355\" \/><\/figure><\/div>\n\n\n\n<p>En un comunicado emitido ayer, ATE Punilla denunci\u00f3 maniobras del intendente saliente de la ciudad de Cosqu\u00edn, Gabriel Musso, por realizar nombramientos en planta permanente de personal jer\u00e1rquico de los escalafones m\u00e1s altos, mientras deja precarizados a trabajadores y trabajadoras del plantel con muchos a\u00f1os de antig\u00fcedad.<\/p>\n\n\n\n<p>\u201cDesde ATE-CTA Aut\u00f3noma Punilla repudiamos el pase a planta por decreto de funcionarios en la Municipalidad de Cosqu\u00edn con categor\u00edas exorbitantes cuando existen en ese Municipio trabajadores y trabajadoras con m\u00e1s de 10 a\u00f1os de antig\u00fcedad precarizados con contratos basura, los \u2018becados\u2019 por cientos sin ning\u00fan tipo de derechos, monotributistas de trabajos continuos precarizados tambi\u00e9n de esta manera&#8221;, afirman las y los compa\u00f1eros de Punilla.<\/p>\n\n\n\n<p>\u201cSe trata de todo tipo de precarizaci\u00f3n, falta de recategorizaciones para personal de planta con m\u00e1s de 20 a\u00f1os con las mismas categor\u00edas. Y al perder la  las \u00faltimas elecciones Musso toma esta decisi\u00f3n unilateral faltando el respeto a los trabajadores precarizados y de planta&#8221;, agregaron.<\/p>\n\n\n\n<p>\u201cRepudiamos estos m\u00e9todos y reclamamos el pase a planta de los verdaderos trabajadores de la Municipalidad y la recategorizaci\u00f3n del personal para una correcta carrera administrativa de los trabajadores municipales\u201d, termina el comunicado de ATE-CTAA Punilla.<\/p>\n","protected":false},"excerpt":{"rendered":"<p>En un comunicado emitido ayer, ATE Punilla denunci\u00f3 maniobras del intendente saliente de la ciudad de Cosqu\u00edn, Gabriel Musso, por realizar nombramientos en planta permanente de personal jer\u00e1rquico de los escalafones m\u00e1s altos, mientras deja precarizados a trabajadores y trabajadoras del plantel con muchos a\u00f1os de antig\u00fcedad. \u201cDesde ATE-CTA Aut\u00f3noma Punilla repudiamos el pase a [&hellip;]<\/p>\n","protected":false},"author":7,"featured_media":37368,"comment_status":"open","ping_status":"open","sticky":false,"template":"","format":"standard","meta":{"_exactmetrics_skip_tracking":false,"_exactmetrics_sitenote_active":false,"_exactmetrics_sitenote_note":"","_exactmetrics_sitenote_category":0,"jnews-multi-image_gallery":[],"jnews_single_post":{"subtitle":"ATE Punilla denunci\u00f3 a Musso por realizar nombramientos en planta permanente de personal jer\u00e1rquico de los escalafones m\u00e1s altos, mientras deja precarizados a trabajadores y trabajadoras del plantel con muchos a\u00f1os de antig\u00fcedad.","format":"standard","video":"","gallery":"","source_name":"","source_url":"","via_name":"","via_url":"","override_template":"0","override":[{"template":"1","single_blog_custom":"","parallax":"1","fullscreen":"1","layout":"right-sidebar","sidebar":"default-sidebar","second_sidebar":"default-sidebar","sticky_sidebar":"1","share_position":"top","share_float_style":"share-monocrhome","show_share_counter":"1","show_view_counter":"1","show_featured":"1","show_post_meta":"1","show_post_author":"1","show_post_author_image":"1","show_post_date":"1","post_date_format":"default","post_date_format_custom":"Y\/m\/d","show_post_category":"1","show_post_reading_time":"0","post_reading_time_wpm":"300","show_zoom_button":"0","zoom_button_out_step":"2","zoom_button_in_step":"3","show_post_tag":"1","show_prev_next_post":"1","show_popup_post":"1","number_popup_post":"1","show_author_box":"0","show_post_related":"0","show_inline_post_related":"0"}],"override_image_size":"0","image_override":[{"single_post_thumbnail_size":"crop-500","single_post_gallery_size":"crop-500"}],"trending_post":"0","trending_post_position":"meta","trending_post_label":"Trending","sponsored_post":"0","sponsored_post_label":"Sponsored by","sponsored_post_name":"","sponsored_post_url":"","sponsored_post_logo_enable":"0","sponsored_post_logo":"","sponsored_post_desc":"","disable_ad":"0"},"jnews_primary_category":{"id":""},"jnews_social_meta":{"fb_title":"","fb_description":"","fb_image":"","twitter_title":"","twitter_description":"","twitter_image":""},"jnews_review":[],"enable_review":"0","type":"percentage","name":"","summary":"","brand":"","sku":"","good":[{"good_text":""}],"bad":[{"bad_text":""}],"score_override":"","override_value":"","rating":[{"rating_text":"","rating_number":"10"}],"price":[{"shop":"","price":"","link":"","icon":""}],"jnews_override_counter":{"override_view_counter":"0","view_counter_number":"0","override_share_counter":"0","share_counter_number":"0","override_like_counter":"0","like_counter_number":"0","override_dislike_counter":"0","dislike_counter_number":"0"},"jnews_post_split":{"enable_post_split":"0","post_split":[{"template":"1","tag":"h2","numbering":"asc","mode":"normal","first":"0","enable_toc":"0","toc_type":"normal"}]},"footnotes":""},"categories":[20],"tags":[],"class_list":["post-37367","post","type-post","status-publish","format-standard","has-post-thumbnail","hentry","category-municipales"],"jetpack_featured_media_url":"https:\/\/atecordoba.org\/wp-content\/uploads\/2023\/06\/musso-e1686753239302.jpg","_links":{"self":[{"href":"https:\/\/atecordoba.org\/index.php?rest_route=\/wp\/v2\/posts\/37367","targetHints":{"allow":["GET"]}}],"collection":[{"href":"https:\/\/atecordoba.org\/index.php?rest_route=\/wp\/v2\/posts"}],"about":[{"href":"https:\/\/atecordoba.org\/index.php?rest_route=\/wp\/v2\/types\/post"}],"author":[{"embeddable":true,"href":"https:\/\/atecordoba.org\/index.php?rest_route=\/wp\/v2\/users\/7"}],"replies":[{"embeddable":true,"href":"https:\/\/atecordoba.org\/index.php?rest_route=%2Fwp%2Fv2%2Fcomments&post=37367"}],"version-history":[{"count":1,"href":"https:\/\/atecordoba.org\/index.php?rest_route=\/wp\/v2\/posts\/37367\/revisions"}],"predecessor-version":[{"id":37369,"href":"https:\/\/atecordoba.org\/index.php?rest_route=\/wp\/v2\/posts\/37367\/revisions\/37369"}],"wp:featuredmedia":[{"embeddable":true,"href":"https:\/\/atecordoba.org\/index.php?rest_route=\/wp\/v2\/media\/37368"}],"wp:attachment":[{"href":"https:\/\/atecordoba.org\/index.php?rest_route=%2Fwp%2Fv2%2Fmedia&parent=37367"}],"wp:term":[{"taxonomy":"category","embeddable":true,"href":"https:\/\/atecordoba.org\/index.php?rest_route=%2Fwp%2Fv2%2Fcategories&post=37367"},{"taxonomy":"post_tag","embeddable":true,"href":"https:\/\/atecordoba.org\/index.php?rest_route=%2Fwp%2Fv2%2Ftags&post=37367"}],"curies":[{"name":"wp","href":"https:\/\/api.w.org\/{rel}","templated":true}]}}