{"id":37353,"date":"2023-06-14T11:12:27","date_gmt":"2023-06-14T14:12:27","guid":{"rendered":"https:\/\/atecordoba.org\/?p=37353"},"modified":"2023-06-14T11:12:29","modified_gmt":"2023-06-14T14:12:29","slug":"protesta-por-despidos-en-achiras","status":"publish","type":"post","link":"https:\/\/atecordoba.org\/?p=37353","title":{"rendered":"Protesta por despidos en Achiras"},"content":{"rendered":"\n<div class=\"wp-block-image\"><figure class=\"alignleft size-large is-resized\"><img loading=\"lazy\" decoding=\"async\" src=\"https:\/\/atecordoba.org\/wp-content\/uploads\/2023\/06\/chicas-819x1024.jpg\" alt=\"\" class=\"wp-image-37356\" width=\"614\" height=\"768\" srcset=\"https:\/\/atecordoba.org\/wp-content\/uploads\/2023\/06\/chicas-819x1024.jpg 819w, https:\/\/atecordoba.org\/wp-content\/uploads\/2023\/06\/chicas-240x300.jpg 240w, https:\/\/atecordoba.org\/wp-content\/uploads\/2023\/06\/chicas-768x960.jpg 768w, https:\/\/atecordoba.org\/wp-content\/uploads\/2023\/06\/chicas-750x938.jpg 750w, https:\/\/atecordoba.org\/wp-content\/uploads\/2023\/06\/chicas.jpg 1080w\" sizes=\"auto, (max-width: 614px) 100vw, 614px\" \/><\/figure><\/div>\n\n\n\n<p><\/p>\n\n\n\n<p>ATE despleg\u00f3 un fuerte plan de lucha esta semana en la localidad de Achiras, frente al despido de 18 trabajadores y trabajadoras. El lunes, en las puertas del Municipio, las y los cesanteados se acercaron al Intendente Jos\u00e9 Mar\u00eda Guti\u00e9rrez para dialogar sobre la reincorporaci\u00f3n del personal cuyo contrato expirar\u00e1 el pr\u00f3ximo 30 de junio. La delegaci\u00f3n de ATE estuvo encabezada por la secretaria General de la secciona R\u00edo Cuarto, Rafaela Alcoba. Achiras es una localidad serrana distante 87 kil\u00f3metros de R\u00edo Cuarto.<\/p>\n\n\n\n<p>&#8220;Los despedidos est\u00e1n el 100% en situaci\u00f3n de precarizaci\u00f3n. Hace dos fines de semana se realizaron elecciones donde perdi\u00f3 la actual gesti\u00f3n y acto seguido se resuelve rescindir 8 contratos, dar de baja becas de trabajo y rescindir los convenios con monotributistas, todos son despidos encubiertos que la patronal en general pretende mostrar como vencimientos de contratos y no es as\u00ed&#8221;, explic\u00f3 Alcoba. El Corral\u00f3n, que fue el sector m\u00e1s afectado, pero los despidos tambi\u00e9n tuvieron impacto en el \u00e1rea salud.<\/p>\n\n\n\n<p>Por su parte la delegada gremial de ATE, Natalia Garay, afirm\u00f3 que el lunes \u201cnos presentamos para pedir audiencia con el Intendente, que nos recibi\u00f3 de muy mala gana. Tuvimos un peque\u00f1o di\u00e1logo pero \u00e9l considera que la decisi\u00f3n de revocar los contratos es parte de acomodar las cuentas de la Municipalidad. Por lo tanto, no hemos tenido una resoluci\u00f3n ni una conversaci\u00f3n acorde a las circunstancias\u201d.<\/p>\n\n\n\n<p>En consecuencia, ATE R\u00edo Cuarto llev\u00f3 a cabo ayer una Jornada de Protesta frente a la sede municipal que consisti\u00f3 en una olla popular y manifestaci\u00f3n, en reclamo por la reincorporaci\u00f3n de los municipales despedidos por el Departamento Ejecutivo. <\/p>\n\n\n\n<p>\u201cTras dos horas de ruido el Intendente nos recibi\u00f3 y nos prometi\u00f3 tratar los casos en una mesa de di\u00e1logo. Es con la unidad de les trabajadores y la sindicalizaci\u00f3n que protegemos nuestros derechos\u201d, dijeron los dirigentes encabezados por Rafaela Alcoba. \u201cMovilizamos para pedir la reincorporaci\u00f3n de todas las trabajadoras y trabajadores despedidos. Porque somos esenciales, porque sostenemos los derechos de esta comunidad: somos quienes garantizamos la salud, quienes mantenemos la limpieza de las calles, quienes arreglamos las maquinarias para construir las obras que todos disfrutamos \u00a1Basta de persecuci\u00f3n pol\u00edtica!\u201d, afirmaron los manifestantes.<\/p>\n\n\n\n<p>Por su parte, Julia Giuliani, secretaria de Prensa y Difusi\u00f3n del Consejo Directivo Provincial (CDP) del sindicato asegur\u00f3: \u201csi tocan a uno nos tocan a todos. El ATE que construimos no se concibe sin las y los municipales. Eso somos, de all\u00ed venimos. Garantizando derechos. El Intendente de Achiras, Guti\u00e9rrez, despidi\u00f3 injustamente horas despu\u00e9s de perder la elecci\u00f3n municipal a 18 trabajadoras y trabajadores totalmente precarizados. Por esto ac\u00e1 estamos con ATE en lucha para que se reincorpore a los despedidos en forma arbitraria\u201d.<\/p>\n\n\n\n<figure class=\"wp-block-gallery has-nested-images columns-default is-cropped wp-block-gallery-1 is-layout-flex wp-block-gallery-is-layout-flex\">\n<figure class=\"wp-block-image size-large\"><a href=\"https:\/\/atecordoba.org\/wp-content\/uploads\/2023\/06\/cartes2.jpg\"><img loading=\"lazy\" decoding=\"async\" width=\"240\" height=\"300\" data-id=\"37357\" src=\"https:\/\/atecordoba.org\/wp-content\/uploads\/2023\/06\/cartes2.jpg\" alt=\"\" class=\"wp-image-37357\" \/><\/a><\/figure>\n\n\n\n<figure class=\"wp-block-image size-large\"><a href=\"https:\/\/atecordoba.org\/wp-content\/uploads\/2023\/06\/cartel.jpg\"><img loading=\"lazy\" decoding=\"async\" width=\"225\" height=\"300\" data-id=\"37359\" src=\"https:\/\/atecordoba.org\/wp-content\/uploads\/2023\/06\/cartel.jpg\" alt=\"\" class=\"wp-image-37359\" \/><\/a><\/figure>\n\n\n\n<figure class=\"wp-block-image size-large\"><a href=\"https:\/\/atecordoba.org\/wp-content\/uploads\/2023\/06\/carteles.jpg\"><img loading=\"lazy\" decoding=\"async\" width=\"300\" height=\"200\" data-id=\"37358\" src=\"https:\/\/atecordoba.org\/wp-content\/uploads\/2023\/06\/carteles.jpg\" alt=\"\" class=\"wp-image-37358\" \/><\/a><\/figure>\n<\/figure>\n\n\n\n<p>\u201cSon 18 familias que se quedan sin ingreso alguno a partir de fin de mes. Esto es una clara represalia pol\u00edtica, porque a quienes se les comunic\u00f3 que quedan sin trabajo es toda gente que no apoy\u00f3 en las elecciones al Intendente\u201d, expres\u00f3 Rodrigo Olgu\u00edn, delegado municipal y dirigente de ATE R\u00edo Cuarto.<\/p>\n\n\n\n<p>\u201cHay un malestar total en los empleados. El Intendente a los tres d\u00edas posterior a la elecci\u00f3n, en la que perdi\u00f3, ha tomado represalias con algunos compa\u00f1eros y los ha dejado sin trabajo. Claramente es una represalia porque es gente que no ha participado de la campa\u00f1a o no lo ha apoyado\u201d, expuso.<\/p>\n\n\n\n<figure class=\"wp-block-gallery has-nested-images columns-default is-cropped wp-block-gallery-2 is-layout-flex wp-block-gallery-is-layout-flex\">\n<figure class=\"wp-block-image size-large\"><img loading=\"lazy\" decoding=\"async\" width=\"300\" height=\"200\" data-id=\"37360\" src=\"https:\/\/atecordoba.org\/wp-content\/uploads\/2023\/06\/piernas.jpg\" alt=\"\" class=\"wp-image-37360\" \/><\/figure>\n\n\n\n<figure class=\"wp-block-image size-large\"><img loading=\"lazy\" decoding=\"async\" width=\"300\" height=\"200\" data-id=\"37361\" src=\"https:\/\/atecordoba.org\/wp-content\/uploads\/2023\/06\/rafaela-1.jpg\" alt=\"\" class=\"wp-image-37361\" \/><\/figure>\n<\/figure>\n\n\n\n<p><\/p>\n","protected":false},"excerpt":{"rendered":"<p>ATE despleg\u00f3 un fuerte plan de lucha esta semana en la localidad de Achiras, frente al despido de 18 trabajadores y trabajadoras. El lunes, en las puertas del Municipio, las y los cesanteados se acercaron al Intendente Jos\u00e9 Mar\u00eda Guti\u00e9rrez para dialogar sobre la reincorporaci\u00f3n del personal cuyo contrato expirar\u00e1 el pr\u00f3ximo 30 de junio. [&hellip;]<\/p>\n","protected":false},"author":7,"featured_media":37361,"comment_status":"open","ping_status":"open","sticky":false,"template":"","format":"standard","meta":{"_exactmetrics_skip_tracking":false,"_exactmetrics_sitenote_active":false,"_exactmetrics_sitenote_note":"","_exactmetrics_sitenote_category":0,"jnews-multi-image_gallery":[],"jnews_single_post":{"subtitle":"\"Logramos una instancia en una mesa de negociaci\u00f3n para evaluar cada uno de los casos para hacer reincorporaciones progresivas. Nuestro pedido fundamental es que nadie se puede quedar sin su puesto de trabajo\", explic\u00f3 Rafaela Alcoba, secretaria General de ATE R\u00edo Cuarto.. ","format":"standard","video":"","gallery":"","source_name":"","source_url":"","via_name":"","via_url":"","override_template":"0","override":[{"template":"1","single_blog_custom":"","parallax":"1","fullscreen":"1","layout":"right-sidebar","sidebar":"default-sidebar","second_sidebar":"default-sidebar","sticky_sidebar":"1","share_position":"top","share_float_style":"share-monocrhome","show_share_counter":"1","show_view_counter":"1","show_featured":"1","show_post_meta":"1","show_post_author":"1","show_post_author_image":"1","show_post_date":"1","post_date_format":"default","post_date_format_custom":"Y\/m\/d","show_post_category":"1","show_post_reading_time":"0","post_reading_time_wpm":"300","show_zoom_button":"0","zoom_button_out_step":"2","zoom_button_in_step":"3","show_post_tag":"1","show_prev_next_post":"1","show_popup_post":"1","number_popup_post":"1","show_author_box":"0","show_post_related":"0","show_inline_post_related":"0"}],"override_image_size":"0","image_override":[{"single_post_thumbnail_size":"crop-500","single_post_gallery_size":"crop-500"}],"trending_post":"0","trending_post_position":"meta","trending_post_label":"Trending","sponsored_post":"0","sponsored_post_label":"Sponsored by","sponsored_post_name":"","sponsored_post_url":"","sponsored_post_logo_enable":"0","sponsored_post_logo":"","sponsored_post_desc":"","disable_ad":"0"},"jnews_primary_category":{"id":""},"jnews_social_meta":{"fb_title":"","fb_description":"","fb_image":"","twitter_title":"","twitter_description":"","twitter_image":""},"jnews_review":[],"enable_review":"0","type":"percentage","name":"","summary":"","brand":"","sku":"","good":[{"good_text":""}],"bad":[{"bad_text":""}],"score_override":"","override_value":"","rating":[{"rating_text":"","rating_number":"10"}],"price":[{"shop":"","price":"","link":"","icon":""}],"jnews_override_counter":{"override_view_counter":"0","view_counter_number":"0","override_share_counter":"0","share_counter_number":"0","override_like_counter":"0","like_counter_number":"0","override_dislike_counter":"0","dislike_counter_number":"0"},"jnews_post_split":{"enable_post_split":"0","post_split":[{"template":"1","tag":"h2","numbering":"asc","mode":"normal","first":"0","enable_toc":"0","toc_type":"normal"}]},"footnotes":""},"categories":[20],"tags":[],"class_list":["post-37353","post","type-post","status-publish","format-standard","has-post-thumbnail","hentry","category-municipales"],"jetpack_featured_media_url":"https:\/\/atecordoba.org\/wp-content\/uploads\/2023\/06\/rafaela-1.jpg","_links":{"self":[{"href":"https:\/\/atecordoba.org\/index.php?rest_route=\/wp\/v2\/posts\/37353","targetHints":{"allow":["GET"]}}],"collection":[{"href":"https:\/\/atecordoba.org\/index.php?rest_route=\/wp\/v2\/posts"}],"about":[{"href":"https:\/\/atecordoba.org\/index.php?rest_route=\/wp\/v2\/types\/post"}],"author":[{"embeddable":true,"href":"https:\/\/atecordoba.org\/index.php?rest_route=\/wp\/v2\/users\/7"}],"replies":[{"embeddable":true,"href":"https:\/\/atecordoba.org\/index.php?rest_route=%2Fwp%2Fv2%2Fcomments&post=37353"}],"version-history":[{"count":1,"href":"https:\/\/atecordoba.org\/index.php?rest_route=\/wp\/v2\/posts\/37353\/revisions"}],"predecessor-version":[{"id":37366,"href":"https:\/\/atecordoba.org\/index.php?rest_route=\/wp\/v2\/posts\/37353\/revisions\/37366"}],"wp:featuredmedia":[{"embeddable":true,"href":"https:\/\/atecordoba.org\/index.php?rest_route=\/wp\/v2\/media\/37361"}],"wp:attachment":[{"href":"https:\/\/atecordoba.org\/index.php?rest_route=%2Fwp%2Fv2%2Fmedia&parent=37353"}],"wp:term":[{"taxonomy":"category","embeddable":true,"href":"https:\/\/atecordoba.org\/index.php?rest_route=%2Fwp%2Fv2%2Fcategories&post=37353"},{"taxonomy":"post_tag","embeddable":true,"href":"https:\/\/atecordoba.org\/index.php?rest_route=%2Fwp%2Fv2%2Ftags&post=37353"}],"curies":[{"name":"wp","href":"https:\/\/api.w.org\/{rel}","templated":true}]}}