{"id":37345,"date":"2023-06-13T15:33:40","date_gmt":"2023-06-13T18:33:40","guid":{"rendered":"https:\/\/atecordoba.org\/?p=37345"},"modified":"2023-06-13T15:33:41","modified_gmt":"2023-06-13T18:33:41","slug":"el-embajador-cubano-en-argentina-visito-ate-cordoba","status":"publish","type":"post","link":"https:\/\/atecordoba.org\/?p=37345","title":{"rendered":"El embajador cubano en Argentina visit\u00f3 ATE C\u00f3rdoba"},"content":{"rendered":"\n<div class=\"wp-block-image\"><figure class=\"aligncenter size-large is-resized\"><img loading=\"lazy\" decoding=\"async\" src=\"https:\/\/atecordoba.org\/wp-content\/uploads\/2023\/06\/WhatsApp-Image-2023-06-13-at-14.40.20-1-1024x576.jpeg\" alt=\"\" class=\"wp-image-37346\" width=\"768\" height=\"432\" \/><figcaption>El embajador cubano pedro Prada, junto a Giuliani y miembros de nuestro sindicato.<\/figcaption><\/figure><\/div>\n\n\n\n<p>Esta ma\u00f1ana se llev\u00f3 a cabo la visita a ATE C\u00f3rdoba del embajador de la Rep\u00fablica de Cuba en Argentina, Pedro Prada, fortaleciendo los lazos entre nuestra organizaci\u00f3n y el pueblo hermano latinoamericano, que es un faro de independencia y dignidad desde el Caribe para toda la Patria Grande latinoamericana. <\/p>\n\n\n\n<p>En la oportunidad, Prada se reuni\u00f3 con nuestro secretario General, Federico Giuliani.<\/p>\n\n\n\n<p>Finalizado el encuentro, el embajador valor\u00f3 la entrevista y dijo que &#8220;existe una relaci\u00f3n muy intensa entre el movimiento sindical argentino y el cubano y en ello la CTA y ATE tienen un papel trascendental y constituye el coraz\u00f3n de esa relaci\u00f3n sindical, sin quitarle la importancia y el protagonismo de las dem\u00e1s organizaciones. Por sus ilusiones, por los trabajadores que representa siempre hubo una relaci\u00f3n entra\u00f1able con los sindicatos cubanos, con el sindicato nacional de la administraci\u00f3n p\u00fablica&#8221;.<\/p>\n\n\n\n<p>El representante cubano se\u00f1al\u00f3 que &#8220;hay elementos que unen a los trabajadores cubanos y argentinos en las luchas sindicales porque la pelea que dan ustedes contra las reformas neoliberales, el FMI, y las consecuencias laborales que conllevan es parte de la batalla que da Cuba&#8221;.<\/p>\n\n\n\n<figure class=\"wp-block-gallery has-nested-images columns-default is-cropped wp-block-gallery-1 is-layout-flex wp-block-gallery-is-layout-flex\">\n<figure class=\"wp-block-image size-large\"><a href=\"https:\/\/atecordoba.org\/wp-content\/uploads\/2023\/06\/WhatsApp-Image-2023-06-13-at-14.40.20.jpeg\"><img loading=\"lazy\" decoding=\"async\" width=\"1024\" height=\"576\" data-id=\"37347\" src=\"https:\/\/atecordoba.org\/wp-content\/uploads\/2023\/06\/WhatsApp-Image-2023-06-13-at-14.40.20-1024x576.jpeg\" alt=\"\" class=\"wp-image-37347\" srcset=\"https:\/\/atecordoba.org\/wp-content\/uploads\/2023\/06\/WhatsApp-Image-2023-06-13-at-14.40.20-1024x576.jpeg 1024w, https:\/\/atecordoba.org\/wp-content\/uploads\/2023\/06\/WhatsApp-Image-2023-06-13-at-14.40.20-300x169.jpeg 300w, https:\/\/atecordoba.org\/wp-content\/uploads\/2023\/06\/WhatsApp-Image-2023-06-13-at-14.40.20-768x432.jpeg 768w, https:\/\/atecordoba.org\/wp-content\/uploads\/2023\/06\/WhatsApp-Image-2023-06-13-at-14.40.20-750x422.jpeg 750w, https:\/\/atecordoba.org\/wp-content\/uploads\/2023\/06\/WhatsApp-Image-2023-06-13-at-14.40.20-1140x641.jpeg 1140w, https:\/\/atecordoba.org\/wp-content\/uploads\/2023\/06\/WhatsApp-Image-2023-06-13-at-14.40.20.jpeg 1280w\" sizes=\"auto, (max-width: 1024px) 100vw, 1024px\" \/><\/a><\/figure>\n\n\n\n<figure class=\"wp-block-image size-large\"><a href=\"https:\/\/atecordoba.org\/wp-content\/uploads\/2023\/06\/WhatsApp-Image-2023-06-13-at-14.40.21.jpeg\"><img loading=\"lazy\" decoding=\"async\" width=\"1024\" height=\"576\" data-id=\"37348\" src=\"https:\/\/atecordoba.org\/wp-content\/uploads\/2023\/06\/WhatsApp-Image-2023-06-13-at-14.40.21-1024x576.jpeg\" alt=\"\" class=\"wp-image-37348\" srcset=\"https:\/\/atecordoba.org\/wp-content\/uploads\/2023\/06\/WhatsApp-Image-2023-06-13-at-14.40.21-1024x576.jpeg 1024w, https:\/\/atecordoba.org\/wp-content\/uploads\/2023\/06\/WhatsApp-Image-2023-06-13-at-14.40.21-300x169.jpeg 300w, https:\/\/atecordoba.org\/wp-content\/uploads\/2023\/06\/WhatsApp-Image-2023-06-13-at-14.40.21-768x432.jpeg 768w, https:\/\/atecordoba.org\/wp-content\/uploads\/2023\/06\/WhatsApp-Image-2023-06-13-at-14.40.21-1536x864.jpeg 1536w, https:\/\/atecordoba.org\/wp-content\/uploads\/2023\/06\/WhatsApp-Image-2023-06-13-at-14.40.21-750x422.jpeg 750w, https:\/\/atecordoba.org\/wp-content\/uploads\/2023\/06\/WhatsApp-Image-2023-06-13-at-14.40.21-1140x641.jpeg 1140w, https:\/\/atecordoba.org\/wp-content\/uploads\/2023\/06\/WhatsApp-Image-2023-06-13-at-14.40.21.jpeg 1599w\" sizes=\"auto, (max-width: 1024px) 100vw, 1024px\" \/><\/a><\/figure>\n<\/figure>\n\n\n\n<p>y a\u00f1adi\u00f3 que &#8220;m\u00e1s all\u00e1 que el sistema pol\u00edtico cubano garantice los derechos laborales, Cuba no est\u00e1 aislada y vive en este mundo en estrecha relaci\u00f3n con los pa\u00edses hermanos de la regi\u00f3n. Y no puede sustraerse de sus luchas, defendiendo nuestros logros tambi\u00e9n hacemos una contribuci\u00f3n a las luchas de otros pueblos hermanos&#8221;.<\/p>\n\n\n\n<p>Por eso esta relaci\u00f3n la potenciamos, la defendemos y enriquecemos. Visitarlos ahora que estamos en C\u00f3rdoba es importante porque los trabajadores cordobeses tienen un papel destacado en la historia del movimiento obrero argentino, con el Cordobazo, y eso deja huellas profundas que uno respeta y admira, porque es una referencia.<\/p>\n\n\n\n<p>En ese marco, Prada explic\u00f3 que este 2023 &#8220;celebramos el 50 aniversario del restablecimiento de las relaciones diplom\u00e1ticas entre Argentina y Cuba, en ocasi\u00f3n de la asunci\u00f3n del gobierno de H\u00e9ctor C\u00e1mpora&#8221;, y destac\u00f3 que en C\u00f3rdoba &#8220;tuvimos oportunidad de interactuar con representantes de organizaciones pol\u00edticas, sindicales, sociales, visitamos las universidades Nacional de C\u00f3rdoba y Provincial, ambas con estrecha relaci\u00f3n con el mundo acad\u00e9mica cubano&#8221;.<\/p>\n\n\n\n<p>Por \u00faltimo, el embajador adelant\u00f3 que participar\u00e1 este a\u00f1o de las actividades que celebran el 95 aniversario del nacimiento del Che Guevara que se realizar\u00e1n en Alta Gracia en el Museo del Che y constituyen &#8220;un hito porque son una importante contribuci\u00f3n al proceso de formaci\u00f3n de una de las personalidades m\u00e1s singulares e importantes de Am\u00e9rica Latina del siglo XX&#8221;.<\/p>\n\n\n\n<figure class=\"wp-block-gallery has-nested-images columns-default is-cropped wp-block-gallery-2 is-layout-flex wp-block-gallery-is-layout-flex\">\n<figure class=\"wp-block-image size-large\"><img loading=\"lazy\" decoding=\"async\" width=\"1024\" height=\"576\" data-id=\"37349\" src=\"https:\/\/atecordoba.org\/wp-content\/uploads\/2023\/06\/WhatsApp-Image-2023-06-13-at-14.40.20-2-1024x576.jpeg\" alt=\"\" class=\"wp-image-37349\" srcset=\"https:\/\/atecordoba.org\/wp-content\/uploads\/2023\/06\/WhatsApp-Image-2023-06-13-at-14.40.20-2-1024x576.jpeg 1024w, https:\/\/atecordoba.org\/wp-content\/uploads\/2023\/06\/WhatsApp-Image-2023-06-13-at-14.40.20-2-300x169.jpeg 300w, https:\/\/atecordoba.org\/wp-content\/uploads\/2023\/06\/WhatsApp-Image-2023-06-13-at-14.40.20-2-768x432.jpeg 768w, https:\/\/atecordoba.org\/wp-content\/uploads\/2023\/06\/WhatsApp-Image-2023-06-13-at-14.40.20-2-1536x864.jpeg 1536w, https:\/\/atecordoba.org\/wp-content\/uploads\/2023\/06\/WhatsApp-Image-2023-06-13-at-14.40.20-2-750x422.jpeg 750w, https:\/\/atecordoba.org\/wp-content\/uploads\/2023\/06\/WhatsApp-Image-2023-06-13-at-14.40.20-2-1140x641.jpeg 1140w, https:\/\/atecordoba.org\/wp-content\/uploads\/2023\/06\/WhatsApp-Image-2023-06-13-at-14.40.20-2.jpeg 1599w\" sizes=\"auto, (max-width: 1024px) 100vw, 1024px\" \/><\/figure>\n\n\n\n<figure class=\"wp-block-image size-large\"><img loading=\"lazy\" decoding=\"async\" width=\"1024\" height=\"576\" data-id=\"37351\" src=\"https:\/\/atecordoba.org\/wp-content\/uploads\/2023\/06\/WhatsApp-Image-2023-06-13-at-14.40.19-1-1024x576.jpeg\" alt=\"\" class=\"wp-image-37351\" srcset=\"https:\/\/atecordoba.org\/wp-content\/uploads\/2023\/06\/WhatsApp-Image-2023-06-13-at-14.40.19-1-1024x576.jpeg 1024w, https:\/\/atecordoba.org\/wp-content\/uploads\/2023\/06\/WhatsApp-Image-2023-06-13-at-14.40.19-1-300x169.jpeg 300w, https:\/\/atecordoba.org\/wp-content\/uploads\/2023\/06\/WhatsApp-Image-2023-06-13-at-14.40.19-1-768x432.jpeg 768w, https:\/\/atecordoba.org\/wp-content\/uploads\/2023\/06\/WhatsApp-Image-2023-06-13-at-14.40.19-1-750x422.jpeg 750w, https:\/\/atecordoba.org\/wp-content\/uploads\/2023\/06\/WhatsApp-Image-2023-06-13-at-14.40.19-1-1140x641.jpeg 1140w, https:\/\/atecordoba.org\/wp-content\/uploads\/2023\/06\/WhatsApp-Image-2023-06-13-at-14.40.19-1.jpeg 1280w\" sizes=\"auto, (max-width: 1024px) 100vw, 1024px\" \/><\/figure>\n<\/figure>\n\n\n\n<p><strong>Pol\u00edtica integral<\/strong><\/p>\n\n\n\n<p>Por su parte Federico Giuliani destac\u00f3 &#8220;el orgullo de la visita del embajador cubano a nuestra sede, lo cual marca la importancia y trascendencia de nuestro sindicato a nivel nacional e internacional&#8221;. <\/p>\n\n\n\n<p>Y apunt\u00f3 que &#8220;demuestra que tenemos unas mirada pol\u00edtica integral que abarca claramente la construcci\u00f3n de una conciencia de clase en la patria grande y en ese sentido estamos conociendo al embajador en persona, porque hab\u00edamos participado en actividades virtuales en conjunto. Toca tambi\u00e9n representar a la Casa de Solidaridad H\u00e9roes de Artemisa de R\u00edo Cuarto, nuestra idea y desaf\u00edo es traerla a C\u00f3rdoba&#8221;, concluy\u00f3.<\/p>\n\n\n\n<p><\/p>\n","protected":false},"excerpt":{"rendered":"<p>Esta ma\u00f1ana se llev\u00f3 a cabo la visita a ATE C\u00f3rdoba del embajador de la Rep\u00fablica de Cuba en Argentina, Pedro Prada, fortaleciendo los lazos entre nuestra organizaci\u00f3n y el pueblo hermano latinoamericano, que es un faro de independencia y dignidad desde el Caribe para toda la Patria Grande latinoamericana. En la oportunidad, Prada se [&hellip;]<\/p>\n","protected":false},"author":7,"featured_media":37346,"comment_status":"open","ping_status":"open","sticky":false,"template":"","format":"standard","meta":{"_exactmetrics_skip_tracking":false,"_exactmetrics_sitenote_active":false,"_exactmetrics_sitenote_note":"","_exactmetrics_sitenote_category":0,"jnews-multi-image_gallery":[],"jnews_single_post":{"subtitle":"El representante cubano se\u00f1al\u00f3 que \"hay elementos que unen a los trabajadores cubanos y argentinos en las luchas sindicales porque la pelea que dan ustedes contra las reformas neoliberales, el FMI, y las consecuencias laborales que conllevan es parte de la batalla que da Cuba\".","format":"standard","video":"","gallery":"","source_name":"","source_url":"","via_name":"","via_url":"","override_template":"0","override":[{"template":"1","single_blog_custom":"","parallax":"1","fullscreen":"1","layout":"right-sidebar","sidebar":"default-sidebar","second_sidebar":"default-sidebar","sticky_sidebar":"1","share_position":"top","share_float_style":"share-monocrhome","show_share_counter":"1","show_view_counter":"1","show_featured":"1","show_post_meta":"1","show_post_author":"1","show_post_author_image":"1","show_post_date":"1","post_date_format":"default","post_date_format_custom":"Y\/m\/d","show_post_category":"1","show_post_reading_time":"0","post_reading_time_wpm":"300","show_zoom_button":"0","zoom_button_out_step":"2","zoom_button_in_step":"3","show_post_tag":"1","show_prev_next_post":"1","show_popup_post":"1","number_popup_post":"1","show_author_box":"0","show_post_related":"0","show_inline_post_related":"0"}],"override_image_size":"0","image_override":[{"single_post_thumbnail_size":"crop-500","single_post_gallery_size":"crop-500"}],"trending_post":"0","trending_post_position":"meta","trending_post_label":"Trending","sponsored_post":"0","sponsored_post_label":"Sponsored by","sponsored_post_name":"","sponsored_post_url":"","sponsored_post_logo_enable":"0","sponsored_post_logo":"","sponsored_post_desc":"","disable_ad":"0"},"jnews_primary_category":{"id":""},"jnews_social_meta":{"fb_title":"","fb_description":"","fb_image":"","twitter_title":"","twitter_description":"","twitter_image":""},"jnews_review":[],"enable_review":"0","type":"percentage","name":"","summary":"","brand":"","sku":"","good":[{"good_text":""}],"bad":[{"bad_text":""}],"score_override":"","override_value":"","rating":[{"rating_text":"","rating_number":"10"}],"price":[{"shop":"","price":"","link":"","icon":""}],"jnews_override_counter":{"override_view_counter":"0","view_counter_number":"0","override_share_counter":"0","share_counter_number":"0","override_like_counter":"0","like_counter_number":"0","override_dislike_counter":"0","dislike_counter_number":"0"},"jnews_post_split":{"enable_post_split":"0","post_split":[{"template":"1","tag":"h2","numbering":"asc","mode":"normal","first":"0","enable_toc":"0","toc_type":"normal"}]},"footnotes":""},"categories":[10],"tags":[],"class_list":["post-37345","post","type-post","status-publish","format-standard","has-post-thumbnail","hentry","category-accion-politica"],"jetpack_featured_media_url":"https:\/\/atecordoba.org\/wp-content\/uploads\/2023\/06\/WhatsApp-Image-2023-06-13-at-14.40.20-1-e1686681209116.jpeg","_links":{"self":[{"href":"https:\/\/atecordoba.org\/index.php?rest_route=\/wp\/v2\/posts\/37345","targetHints":{"allow":["GET"]}}],"collection":[{"href":"https:\/\/atecordoba.org\/index.php?rest_route=\/wp\/v2\/posts"}],"about":[{"href":"https:\/\/atecordoba.org\/index.php?rest_route=\/wp\/v2\/types\/post"}],"author":[{"embeddable":true,"href":"https:\/\/atecordoba.org\/index.php?rest_route=\/wp\/v2\/users\/7"}],"replies":[{"embeddable":true,"href":"https:\/\/atecordoba.org\/index.php?rest_route=%2Fwp%2Fv2%2Fcomments&post=37345"}],"version-history":[{"count":1,"href":"https:\/\/atecordoba.org\/index.php?rest_route=\/wp\/v2\/posts\/37345\/revisions"}],"predecessor-version":[{"id":37352,"href":"https:\/\/atecordoba.org\/index.php?rest_route=\/wp\/v2\/posts\/37345\/revisions\/37352"}],"wp:featuredmedia":[{"embeddable":true,"href":"https:\/\/atecordoba.org\/index.php?rest_route=\/wp\/v2\/media\/37346"}],"wp:attachment":[{"href":"https:\/\/atecordoba.org\/index.php?rest_route=%2Fwp%2Fv2%2Fmedia&parent=37345"}],"wp:term":[{"taxonomy":"category","embeddable":true,"href":"https:\/\/atecordoba.org\/index.php?rest_route=%2Fwp%2Fv2%2Fcategories&post=37345"},{"taxonomy":"post_tag","embeddable":true,"href":"https:\/\/atecordoba.org\/index.php?rest_route=%2Fwp%2Fv2%2Ftags&post=37345"}],"curies":[{"name":"wp","href":"https:\/\/api.w.org\/{rel}","templated":true}]}}